{"id":323501,"date":"2025-08-16T19:57:24","date_gmt":"2025-08-16T19:57:24","guid":{"rendered":"https:\/\/www.europesays.com\/fr\/323501\/"},"modified":"2025-08-16T19:57:24","modified_gmt":"2025-08-16T19:57:24","slug":"mercato-lattaquant-willem-geubbels-va-signer-pour-5-ans-au-paris-fc","status":"publish","type":"post","link":"https:\/\/www.europesays.com\/fr\/323501\/","title":{"rendered":"Mercato\u00a0: l\u2019attaquant Willem Geubbels va signer pour 5\u00a0ans au Paris FC"},"content":{"rendered":"<p class=\"paragraph text_align_left lp-f-body-02\">Sauf contretemps de derni\u00e8re minute, Willem Geubbels sera bien la 4e recrue du <a href=\"https:\/\/www.leparisien.fr\/sports\/football\/paris-fc\/\" target=\"_self\" rel=\"nofollow noopener\">Paris FC <\/a>apr\u00e8s Moses Simon, Noha Sangui et Otavio. L\u2019attaquant de 23 ans qui \u00e9voluait au FC Saint-Gall en Suisse, arrive ce samedi \u00e0 Paris pour passer sa visite m\u00e9dicale. Si tout se passe bien, il signera un contrat de 5 ans avec le Paris FC. Selon nos informations, le transfert s\u2019\u00e9l\u00e8ve \u00e0 9 millions d\u2019euros (plus 2 millions de bonus).<\/p>\n<p class=\"paragraph text_align_left lp-f-body-02\">Si la piste de Matthis Abline s\u2019est presque referm\u00e9e, l\u2019arriv\u00e9e de Geubbels, puissant et capable d\u2019\u00e9voluer dans l\u2019axe ou sur sur un c\u00f4t\u00e9, ne signifie pas que le Paris FC ne recrutera pas un autre attaquant.<\/p>\n<p class=\"paragraph text_align_left lp-f-body-02\">Plusieurs autres clubs de Ligue 1, Rennes, Toulouse et Lens ainsi qu\u2019\u00e9trangers, suivaient Geubbels ces derni\u00e8res semaines. Vendu \u00e0 16 ans par Lyon \u00e0 Monaco pour une somme record (20 millions d\u2019euros), le natif de Villeurbanne a connu un d\u00e9but de carri\u00e8re contrari\u00e9 par les blessures. <\/p>\n<p class=\"paragraph text_align_left lp-f-body-02\">Mais depuis son arriv\u00e9e en Super League Suisse, Geubbels, \u00e9galement pass\u00e9 par Nantes (22 matchs, 2 buts en Ligue 1 en 2021-2022), s\u2019est refait une sant\u00e9. Il a inscrit 8 puis 14 buts ces deux derni\u00e8res saisons en championnat. Il \u00e9tait parti sur des bases \u00e9lev\u00e9es avec 3 buts en 3 matchs cette ann\u00e9e.<\/p>\n<p class=\"paragraph text_align_left lp-f-body-02\">Apr\u00e8s Geubbels, la signature du gardien Kevin Trapp (Francfort) est \u00e9galement en tr\u00e8s bonne voie et devrait intervenir la semaine prochaine. <\/p>\n","protected":false},"excerpt":{"rendered":"Sauf contretemps de derni\u00e8re minute, Willem Geubbels sera bien la 4e recrue du Paris FC apr\u00e8s Moses Simon,&hellip;\n","protected":false},"author":2,"featured_media":323502,"comment_status":"","ping_status":"","sticky":false,"template":"","format":"standard","meta":{"footnotes":""},"categories":[1888],"tags":[1111,1928,11,1927,1777,674,63,1011,27,66,12,1926,626,1925,25,60],"class_list":{"0":"post-323501","1":"post","2":"type-post","3":"status-publish","4":"format-standard","5":"has-post-thumbnail","7":"category-paris","8":"tag-actu","9":"tag-actu-paris","10":"tag-actualites","11":"tag-actualites-paris","12":"tag-eu","13":"tag-europe","14":"tag-football","15":"tag-fr","16":"tag-france","17":"tag-ligue-1","18":"tag-news","19":"tag-news-paris","20":"tag-paris","21":"tag-paris-news","22":"tag-republique-francaise","23":"tag-sports"},"share_on_mastodon":{"url":"https:\/\/pubeurope.com\/@fr\/115040212919328562","error":""},"_links":{"self":[{"href":"https:\/\/www.europesays.com\/fr\/wp-json\/wp\/v2\/posts\/323501","targetHints":{"allow":["GET"]}}],"collection":[{"href":"https:\/\/www.europesays.com\/fr\/wp-json\/wp\/v2\/posts"}],"about":[{"href":"https:\/\/www.europesays.com\/fr\/wp-json\/wp\/v2\/types\/post"}],"author":[{"embeddable":true,"href":"https:\/\/www.europesays.com\/fr\/wp-json\/wp\/v2\/users\/2"}],"replies":[{"embeddable":true,"href":"https:\/\/www.europesays.com\/fr\/wp-json\/wp\/v2\/comments?post=323501"}],"version-history":[{"count":0,"href":"https:\/\/www.europesays.com\/fr\/wp-json\/wp\/v2\/posts\/323501\/revisions"}],"wp:featuredmedia":[{"embeddable":true,"href":"https:\/\/www.europesays.com\/fr\/wp-json\/wp\/v2\/media\/323502"}],"wp:attachment":[{"href":"https:\/\/www.europesays.com\/fr\/wp-json\/wp\/v2\/media?parent=323501"}],"wp:term":[{"taxonomy":"category","embeddable":true,"href":"https:\/\/www.europesays.com\/fr\/wp-json\/wp\/v2\/categories?post=323501"},{"taxonomy":"post_tag","embeddable":true,"href":"https:\/\/www.europesays.com\/fr\/wp-json\/wp\/v2\/tags?post=323501"}],"curies":[{"name":"wp","href":"https:\/\/api.w.org\/{rel}","templated":true}]}}