{"id":323505,"date":"2025-08-16T20:02:18","date_gmt":"2025-08-16T20:02:18","guid":{"rendered":"https:\/\/www.europesays.com\/fr\/323505\/"},"modified":"2025-08-16T20:02:18","modified_gmt":"2025-08-16T20:02:18","slug":"la-russie-est-une-menace-durable-pour-lukraine-et-leurope","status":"publish","type":"post","link":"https:\/\/www.europesays.com\/fr\/323505\/","title":{"rendered":"\u00ab\u202f La Russie est une menace durable\u2009 pour l\u2019Ukraine et l\u2019Europe\u202f\u00bb"},"content":{"rendered":"<p><strong>LA TRIBUNE DIMANCHE &#8211; Comment analysez-vous la rencontre entre Donald Trump et Vladimir Poutine, et quels enseignements peut-on en tirer\u2009 ?<br \/><\/strong><strong>BENJAMIN HADDAD &#8211; <\/strong>Tous les efforts diplomatiques doivent \u00eatre soutenus, mais la r\u00e9alit\u00e9 se trouvera sur le terrain. Depuis des mois, l&rsquo;Ukraine affirme son soutien \u00e0 <a href=\"https:\/\/www.latribune.fr\/economie\/union-europeenne\/ukraine-paris-et-londres-travaillent-sur-l-apres-cessez-le-feu-1022185.html\" rel=\"nofollow noopener\" target=\"_blank\">un cessez-le-feu<\/a> tandis que la Russie poursuit ses bombardements cyniques contre les civils ukrainiens. Tant que l&rsquo;agression russe continue, nous continuerons de <a href=\"https:\/\/www.latribune.fr\/economie\/union-europeenne\/depuis-l-arrivee-de-trump-l-europe-est-le-dernier-soutien-financier-de-l-ukraine-1031086.html\" rel=\"nofollow noopener\" target=\"_blank\">soutenir l&rsquo;Ukraine<\/a> et maintenir la pression sur le r\u00e9gime de Poutine. La diplomatie s&rsquo;appuie sur ce rapport de force.<\/p>\n<p><strong>Volodymyr Zelensky se rendra demain \u00e0 Washington, \u00e0 l&rsquo;invitation de Donald Trump. Que peuvent faire la France et les Europ\u00e9ens pour lui apporter un soutien concret lors de cette rencontre\u2009 ?<br \/><\/strong>Nous nous coordonnons r\u00e9guli\u00e8rement avec nos partenaires am\u00e9ricains, europ\u00e9ens et ukrainiens pour pr\u00e9parer ces rencontres. Notre soutien \u00e0 l&rsquo;Ukraine s&rsquo;inscrit dans la dur\u00e9e : <a href=\"https:\/\/www.latribune.fr\/economie\/union-europeenne\/sanctions-contre-la-russie-l-europe-vise-de-nouveaux-produits-agricoles-1020615.html\" target=\"_blank\" rel=\"nofollow noopener\">les sanctions<\/a>, que nous venons de renforcer avec le 18e paquet, les livraisons d&rsquo;armes, le travail sur les garanties de s\u00e9curit\u00e9 sous l&rsquo;impulsion de la France.<\/p>\n","protected":false},"excerpt":{"rendered":"LA TRIBUNE DIMANCHE &#8211; Comment analysez-vous la rencontre entre Donald Trump et Vladimir Poutine, et quels enseignements peut-on&hellip;\n","protected":false},"author":2,"featured_media":323506,"comment_status":"","ping_status":"","sticky":false,"template":"","format":"standard","meta":{"footnotes":""},"categories":[1591],"tags":[17,11,17232,17070,46087,1887,46086,1808,3102,3784,12,1885,1886,132],"class_list":{"0":"post-323505","1":"post","2":"type-post","3":"status-publish","4":"format-standard","5":"has-post-thumbnail","7":"category-russie","8":"tag-17","9":"tag-actualites","10":"tag-benjamin","11":"tag-charge","12":"tag-delegue","13":"tag-federation-de-russie","14":"tag-haddad","15":"tag-leurope","16":"tag-la-tribune-dimanche","17":"tag-ministre","18":"tag-news","19":"tag-russia","20":"tag-russian-federation","21":"tag-russie"},"share_on_mastodon":{"url":"https:\/\/pubeurope.com\/@fr\/115040232683124698","error":""},"_links":{"self":[{"href":"https:\/\/www.europesays.com\/fr\/wp-json\/wp\/v2\/posts\/323505","targetHints":{"allow":["GET"]}}],"collection":[{"href":"https:\/\/www.europesays.com\/fr\/wp-json\/wp\/v2\/posts"}],"about":[{"href":"https:\/\/www.europesays.com\/fr\/wp-json\/wp\/v2\/types\/post"}],"author":[{"embeddable":true,"href":"https:\/\/www.europesays.com\/fr\/wp-json\/wp\/v2\/users\/2"}],"replies":[{"embeddable":true,"href":"https:\/\/www.europesays.com\/fr\/wp-json\/wp\/v2\/comments?post=323505"}],"version-history":[{"count":0,"href":"https:\/\/www.europesays.com\/fr\/wp-json\/wp\/v2\/posts\/323505\/revisions"}],"wp:featuredmedia":[{"embeddable":true,"href":"https:\/\/www.europesays.com\/fr\/wp-json\/wp\/v2\/media\/323506"}],"wp:attachment":[{"href":"https:\/\/www.europesays.com\/fr\/wp-json\/wp\/v2\/media?parent=323505"}],"wp:term":[{"taxonomy":"category","embeddable":true,"href":"https:\/\/www.europesays.com\/fr\/wp-json\/wp\/v2\/categories?post=323505"},{"taxonomy":"post_tag","embeddable":true,"href":"https:\/\/www.europesays.com\/fr\/wp-json\/wp\/v2\/tags?post=323505"}],"curies":[{"name":"wp","href":"https:\/\/api.w.org\/{rel}","templated":true}]}}