{"id":323511,"date":"2025-08-16T20:08:02","date_gmt":"2025-08-16T20:08:02","guid":{"rendered":"https:\/\/www.europesays.com\/fr\/323511\/"},"modified":"2025-08-16T20:08:02","modified_gmt":"2025-08-16T20:08:02","slug":"westminster-city-news-n12-du-18-au-24-mars-2025","status":"publish","type":"post","link":"https:\/\/www.europesays.com\/fr\/323511\/","title":{"rendered":"Westminster &#038; City News N\u00b012 &#8211; du 18 au 24 mars 2025"},"content":{"rendered":"<p style=\"color: #3c4858; font-family: Arial, Helvetica, sans-serif; font-size: 14px;\"><strong>Fait marquant : l\u2019ambivalence de la r\u00e9forme des prestations sociales annonc\u00e9e par Liz Kendall.\u00a0<\/strong><\/p>\n<p style=\"color: #3c4858; font-family: Arial, Helvetica, sans-serif; font-size: 14px;\"><strong>Le 18 mars, la ministre du Travail \u2013 Liz Kendall \u2013 a annonc\u00e9 une importante r\u00e9forme des prestations sociales, dans le but annonc\u00e9 de soutenir le taux d\u2019emploi en supprimant des mesures per\u00e7ues comme pouvant inciter \u00e0 l\u2019inactivit\u00e9 (\u00ab trappe \u00e0 inactivit\u00e9 \u00bb). Toutefois, dans le contexte de la d\u00e9claration budg\u00e9taire de printemps du 26 mars (spring statement), ce paquet de mesures s\u2019analyse aussi comme un moyen d\u2019effectuer les \u00e9conomies n\u00e9cessaires pour respecter les r\u00e8gles budg\u00e9taires et rassurer les march\u00e9s quant au pilotage des finances publiques. En amont du spring statement, la marge budg\u00e9taire aurait compl\u00e8tement disparu en raison de la d\u00e9gradation des perspectives \u00e9conomiques britanniques. Dans ce contexte, la r\u00e9forme permettrait d\u2019\u00e9conomiser jusqu\u2019\u00e0 5 Md\u00a3 par an en 2029-30, afin de revenir vers une marge positive<\/strong><\/p>\n<p style=\"color: #3c4858; font-family: Arial, Helvetica, sans-serif; font-size: 14px;\"><strong>Actualit\u00e9s macro\u00e9conomiques<\/strong><br \/>\u00a0<\/p>\n<ul>\n<li>En mars, la confiance des consommateurs progresse d\u2019un point tout en restant en territoire n\u00e9gatif, selon l\u2019indice publi\u00e9 par GfK.<\/li>\n<li>Selon les premi\u00e8res estimations (flash), l\u2019indice PMI britannique atteint en mars son niveau le plus \u00e9lev\u00e9 depuis six mois, port\u00e9 par un rebond dans le secteur des services.<\/li>\n<li>La chanceli\u00e8re Rachel Reeves pourrait annoncer 5 Md\u00a3 de coupes suppl\u00e9mentaires dans les d\u00e9penses publiques lors du spring statement du 26 mars.<\/li>\n<li>L\u2019\u00e9mission brute d\u2019obligations souveraines en 2025-26 devrait atteindre quasiment 310 Md\u00a3.<\/li>\n<li>Sans surprise, le Comit\u00e9 de politique mon\u00e9taire (CPM) de la Banque d\u2019Angleterre a d\u00e9cid\u00e9 de maintenir son taux directeur \u00e0 4,5 %.<\/li>\n<li>L\u2019ONS estime le taux de ch\u00f4mage \u00e0 4,4 % de la population active (\u00e2g\u00e9e de plus de 16 ans) au trimestre glissant de novembre \u00e0 janvier 2025.<\/li>\n<li>Si l\u2019accessibilit\u00e9 des logements retrouve son niveau pr\u00e9-pand\u00e9mie, les conditions de cr\u00e9dit immobilier se sont durcies, tandis que les loyers flambent sur le march\u00e9 locatif (ONS).<\/li>\n<\/ul>\n<p><strong>Actualit\u00e9 commerciale<\/strong><br \/>\u00a0<\/p>\n<ul>\n<li>Les industriels britanniques de l&rsquo;acier (Tata et British Steel) alertent sur les r\u00e9percussions des droits de douane am\u00e9ricains sur leurs exportations vers les \u00c9tats-Unis.<\/li>\n<li>La British Chamber of Commerce (BCC) tient sa Conf\u00e9rence sur le commerce internationale.<\/li>\n<li>Le gouvernement envisage de modifier sa taxe sur les services num\u00e9riques, dans l&rsquo;espoir de se voir exempter de droits de douane \u00ab r\u00e9ciproques \u00bb par l&rsquo;administration am\u00e9ricaine.<\/li>\n<li>L&rsquo;Autorit\u00e9 en charge de la d\u00e9fense commerciale (Trade Remedies Authority, ou TRA) ouvre son dernier examen transitoire des mesures h\u00e9rit\u00e9es de l&rsquo;Union europ\u00e9enne.<\/li>\n<li>Le chancelier du Duch\u00e9 de Lancaster (ministre au sein du Cabinet Office), comp\u00e9tent pour les d\u00e9cisions de contr\u00f4le des investissements, impose des conditions \u00e0 l&rsquo;acquisition de l&rsquo;entreprise Amiosec Ltd par Pen10 Ltd.<\/li>\n<li>La chanceli\u00e8re de l&rsquo;\u00c9chiquier, Rachel Reeves, d\u00e9voile la nouvelle strat\u00e9gie pour le National Wealth Fund (NWF).<\/li>\n<li>L&rsquo;Office for Financial Sanctions Implementation (OFSI) publie son rapport annuel.<\/li>\n<\/ul>\n<p>\u00a0<br \/><strong>Actualit\u00e9 financi\u00e8re\u00a0<\/strong><br \/>\u00a0<\/p>\n<ul>\n<li>Dans une interview au FT, Alshley Alder, le pr\u00e9sident du conseil d\u2019administration de la Financial Conduct Authority (FCA) a d\u00e9voil\u00e9 les principaux aspects de son nouveau plan strat\u00e9gique.<\/li>\n<li>Le gouvernement publie son projet quasi-final d\u2019instrument juridique confiant \u00e0 la FCA le pouvoir de fixer les r\u00e8gles sur les march\u00e9s d\u2019instruments financiers.<\/li>\n<li>UK Finance a publi\u00e9 un \u00ab\u00a0Plan pour la croissance\u00a0\u00bb proposant des r\u00e9formes pour renforcer la contribution des services financiers \u00e0 l&rsquo;agenda de croissance du gouvernement.<\/li>\n<li>Le gouvernement britannique lance un projet pilote pour un nouvel instrument de dette souveraine num\u00e9rique, le Digital Gilt Instrument (DIGIT), utilisant la technologie de registre distribu\u00e9 (DLT).<\/li>\n<li>La FCA (Financial Conduct Authority) a lanc\u00e9 une \u00e9tude de march\u00e9 sur la distribution des produits d\u2019assurance dits \u00ab pure protection \u00bb (assurance-vie, couverture contre les maladies graves, etc.) destin\u00e9s aux consommateurs de d\u00e9tail au Royaume-Uni.<\/li>\n<\/ul>\n","protected":false},"excerpt":{"rendered":"Fait marquant : l\u2019ambivalence de la r\u00e9forme des prestations sociales annonc\u00e9e par Liz Kendall.\u00a0 Le 18 mars, la&hellip;\n","protected":false},"author":2,"featured_media":323512,"comment_status":"","ping_status":"","sticky":false,"template":"","format":"standard","meta":{"footnotes":""},"categories":[1588],"tags":[11,1777,674,12,473,1853,1851,1850,1852],"class_list":{"0":"post-323511","1":"post","2":"type-post","3":"status-publish","4":"format-standard","5":"has-post-thumbnail","7":"category-royaume-uni","8":"tag-actualites","9":"tag-eu","10":"tag-europe","11":"tag-news","12":"tag-royaume-uni","13":"tag-royaume-uni-de-grande-bretagne-et-dirlande-du-nord","14":"tag-uk","15":"tag-united-kingdom","16":"tag-united-kingdom-of-great-britain-and-northern-ireland"},"share_on_mastodon":{"url":"https:\/\/pubeurope.com\/@fr\/115040256276082243","error":""},"_links":{"self":[{"href":"https:\/\/www.europesays.com\/fr\/wp-json\/wp\/v2\/posts\/323511","targetHints":{"allow":["GET"]}}],"collection":[{"href":"https:\/\/www.europesays.com\/fr\/wp-json\/wp\/v2\/posts"}],"about":[{"href":"https:\/\/www.europesays.com\/fr\/wp-json\/wp\/v2\/types\/post"}],"author":[{"embeddable":true,"href":"https:\/\/www.europesays.com\/fr\/wp-json\/wp\/v2\/users\/2"}],"replies":[{"embeddable":true,"href":"https:\/\/www.europesays.com\/fr\/wp-json\/wp\/v2\/comments?post=323511"}],"version-history":[{"count":0,"href":"https:\/\/www.europesays.com\/fr\/wp-json\/wp\/v2\/posts\/323511\/revisions"}],"wp:featuredmedia":[{"embeddable":true,"href":"https:\/\/www.europesays.com\/fr\/wp-json\/wp\/v2\/media\/323512"}],"wp:attachment":[{"href":"https:\/\/www.europesays.com\/fr\/wp-json\/wp\/v2\/media?parent=323511"}],"wp:term":[{"taxonomy":"category","embeddable":true,"href":"https:\/\/www.europesays.com\/fr\/wp-json\/wp\/v2\/categories?post=323511"},{"taxonomy":"post_tag","embeddable":true,"href":"https:\/\/www.europesays.com\/fr\/wp-json\/wp\/v2\/tags?post=323511"}],"curies":[{"name":"wp","href":"https:\/\/api.w.org\/{rel}","templated":true}]}}