{"id":323516,"date":"2025-08-16T20:12:29","date_gmt":"2025-08-16T20:12:29","guid":{"rendered":"https:\/\/www.europesays.com\/fr\/323516\/"},"modified":"2025-08-16T20:12:29","modified_gmt":"2025-08-16T20:12:29","slug":"ludc-part-en-guerre-contre-les-accords-avec-lue-et-lid-numerique","status":"publish","type":"post","link":"https:\/\/www.europesays.com\/fr\/323516\/","title":{"rendered":"L&rsquo;UDC part en guerre contre les accords avec l&rsquo;UE et l&rsquo;ID num\u00e9rique"},"content":{"rendered":"<p><img decoding=\"async\" src=\"https:\/\/www.europesays.com\/fr\/wp-content\/uploads\/2025\/08\/4860693540872192.webp\" loading=\"lazy\" width=\"2000\" height=\"1334\" alt=\"Die Delegierten stimmen ab waehrend der Delegiertenversammlung der Schweizerischen Volkspartei SVP am Samstag, den 16. August 2025, in der BBC Arena in Schaffhausen. (KEYSTONE\/Christian Merz)\" data-image-id=\"4860693540872192\" class=\"watson-snippet__image bg-grey-10 block h-auto w-full \"\/><\/p>\n<p>Le parti s&rsquo;est r\u00e9uni en Suisse allemande samedi. Image: KEYSTONE<\/p>\n<p>Non \u00e0 l&rsquo;identit\u00e9 num\u00e9rique et \u00e0 l&rsquo;\u00abinitiative pour l&rsquo;avenir\u00bb des Jeunes socialistes, refus des accords bilat\u00e9raux avec l&rsquo;UE et de l&rsquo;immigration: l&rsquo;UDC s&rsquo;est montr\u00e9e combattive samedi, lors de son assembl\u00e9e des d\u00e9l\u00e9gu\u00e9s \u00e0 Schaffhouse.<\/p>\n<p>16.08.2025, 17:3916.08.2025, 17:39<\/p>\n<p class=\"watson-snippet__text my-6 text-[16px] lg:text-[18px] leading-normal md:w-3\/5\">\u00abTout va de travers, en Suisse et \u00e0 l&rsquo;\u00e9tranger\u00bb, a tonn\u00e9 le pr\u00e9sident du parti Marcel Dettling en ouverture de l&rsquo;assembl\u00e9e. Il a appel\u00e9 les d\u00e9l\u00e9gu\u00e9s \u00e0 se mobiliser contre les accords avec l&rsquo;Union europ\u00e9enne, les mettant en garde contre les cons\u00e9quences d&rsquo;une \u00abimmigration sans contr\u00f4le\u00bb.<\/p>\n<p class=\"watson-snippet__text my-6 text-[16px] lg:text-[18px] leading-normal md:w-3\/5\">Le conseiller national schwyzois s&rsquo;est inqui\u00e9t\u00e9 de la \u00abbaisse de la prosp\u00e9rit\u00e9 et de la hausse de la criminalit\u00e9\u00bb en Suisse. Le nombre des condamnations pour des actes de violence graves a consid\u00e9rablement augment\u00e9 ces vingt derni\u00e8res ann\u00e9es, affirme-t-il. Selon lui, la moiti\u00e9 des auteurs de tels actes sont de nationalit\u00e9 \u00e9trang\u00e8re.<\/p>\n<p>\u00abTrait\u00e9 de soumission \u00e0 l&rsquo;UE\u00bb<\/p>\n<p class=\"watson-snippet__text my-6 text-[16px] lg:text-[18px] leading-normal md:w-3\/5\">Dettling a \u00e9galement d\u00e9nonc\u00e9 le \u00abtrait\u00e9 de soumission \u00e0 l&rsquo;UE\u00bb que repr\u00e9sente le paquet des Bilat\u00e9rales III. \u00abLa surtaxe de 39% impos\u00e9es par les Etats-Unis n&rsquo;est pas l\u00e0 pour l&rsquo;\u00e9ternit\u00e9, mais les accords avec l&rsquo;UE sont une attaque contre &lsquo;l&rsquo;identit\u00e9 profonde de la Suisse&rsquo;\u00bb, a-t-il encore lanc\u00e9.<\/p>\n<p class=\"watson-snippet__text my-6 text-[16px] lg:text-[18px] leading-normal md:w-3\/5\">A l&rsquo;appui de son propos, l&rsquo;UDC a pr\u00e9sent\u00e9 une \u00e9tude du professeur d&rsquo;\u00e9conomie Reiner Eichenberger, de l&rsquo;Universit\u00e9 de Fribourg, qui qualifie la libre circulation des personnes (LCP) de \u00abbombe \u00e0 retardement\u00bb. La LCP r\u00e9duit \u00abla qualit\u00e9 de vie (en Suisse) au niveau de celle de l&rsquo;UE\u00bb, a-t-il ajout\u00e9.<\/p>\n<p class=\"watson-snippet__text my-6 text-[16px] lg:text-[18px] leading-normal md:w-3\/5\">Marcel Dettling a par ailleurs lanc\u00e9 une pique au PLR: les lib\u00e9raux-radicaux r\u00e9clament un Etat plus l\u00e9ger, mais s&rsquo;engagent en m\u00eame temps en faveur de l&rsquo;imposition individuelle. Ce qui conduira \u00e0 l&#8217;embauche de \u00ab1700 baillis fiscaux\u00bb suppl\u00e9mentaires dans les administrations des contributions.<\/p>\n<p>Non \u00e0 l&rsquo;identit\u00e9 num\u00e9rique<\/p>\n<p class=\"watson-snippet__text my-6 text-[16px] lg:text-[18px] leading-normal md:w-3\/5\">Dans l&rsquo;apr\u00e8s-midi, les d\u00e9l\u00e9gu\u00e9s ont d\u00e9cid\u00e9 de recommander le rejet du projet d&rsquo;identit\u00e9 \u00e9lectronique soumis en votation le 28 septembre. Ils ont dit non par 241 voix contre 52.<\/p>\n<p class=\"watson-snippet__text my-6 text-[16px] lg:text-[18px] leading-normal md:w-3\/5\">Les d\u00e9l\u00e9gu\u00e9s ont suivi notamment les arguments du pr\u00e9sident des Jeunes UDC Nils Fiechter, qui a jug\u00e9 le projet d&rsquo;identit\u00e9 num\u00e9rique \u00abdangereuse, liberticide et inutile\u00bb. Ils redoutent notamment que le texte ne soit utilis\u00e9 abusivement pour restreindre la libert\u00e9 d&rsquo;expression.<\/p>\n<p class=\"watson-snippet__text my-6 text-[16px] lg:text-[18px] leading-normal md:w-3\/5\">Les d\u00e9l\u00e9gu\u00e9s de l&rsquo;UDC ont en outre rejet\u00e9 \u00e0 une majorit\u00e9 encore plus claire l&rsquo;\u00abinitiative pour l&rsquo;avenir\u00bb des Jeunes socialistes, soumise \u00e0 votation le 30 novembre. Le texte r\u00e9clame un imp\u00f4t f\u00e9d\u00e9ral de 50% sur la part des successions de plus de 50 millions, afin de financer des mesures pour r\u00e9pondre \u00e0 l\u2019urgence climatique. <\/p>\n<p class=\"watson-snippet__text my-6 text-[16px] lg:text-[18px] leading-normal md:w-3\/5\">ats<\/p>\n<p>Ad\u00e8le Castillon, l&rsquo;ex-chanteuse de Vid\u00e9oclub qui vole de ses propres ailes<\/p>\n<p>Video: watson<\/p>\n<p>Ceci pourrait \u00e9galement vous int\u00e9resser:<\/p>\n<p>        <a href=\"https:\/\/www.watson.ch\/fr\/suisse\/nourriture\/301387525-coop-et-migros-veulent-combler-une-lacune-pour-les-airfryers\" aria-label=\"L\u2019article\" class=\"watson-next-story__link absolute inset-0 z-10\" rel=\"nofollow noopener\" target=\"_blank\"><\/p>\n<p>Les friteuses \u00e0 air chaud continuent de se vendre comme des petits pains en Suisse. Mais pour les utilisateurs, un inconv\u00e9nient subsiste au moment de faire leurs courses. Des d\u00e9taillants veulent y rem\u00e9dier.<\/p>\n<p>Il ne se passe pratiquement pas une semaine sans qu\u2019une enseigne comme Conforama, Lidl, Aldi ou Fust ne fasse la promotion d\u2019une friteuse \u00e0 air chaud \u00e0 un prix sp\u00e9cial. Et cela dure depuis plus d\u2019un an. <\/p>\n","protected":false},"excerpt":{"rendered":"Le parti s&rsquo;est r\u00e9uni en Suisse allemande samedi. Image: KEYSTONE Non \u00e0 l&rsquo;identit\u00e9 num\u00e9rique et \u00e0 l&rsquo;\u00abinitiative pour&hellip;\n","protected":false},"author":2,"featured_media":323517,"comment_status":"","ping_status":"","sticky":false,"template":"","format":"standard","meta":{"footnotes":""},"categories":[1586],"tags":[11,1777,674,1779,1011,27,12,25,1778,364],"class_list":{"0":"post-323516","1":"post","2":"type-post","3":"status-publish","4":"format-standard","5":"has-post-thumbnail","7":"category-europe","8":"tag-actualites","9":"tag-eu","10":"tag-europe","11":"tag-european-union","12":"tag-fr","13":"tag-france","14":"tag-news","15":"tag-republique-francaise","16":"tag-ue","17":"tag-union-europeenne"},"share_on_mastodon":{"url":"https:\/\/pubeurope.com\/@fr\/115040272505422517","error":""},"_links":{"self":[{"href":"https:\/\/www.europesays.com\/fr\/wp-json\/wp\/v2\/posts\/323516","targetHints":{"allow":["GET"]}}],"collection":[{"href":"https:\/\/www.europesays.com\/fr\/wp-json\/wp\/v2\/posts"}],"about":[{"href":"https:\/\/www.europesays.com\/fr\/wp-json\/wp\/v2\/types\/post"}],"author":[{"embeddable":true,"href":"https:\/\/www.europesays.com\/fr\/wp-json\/wp\/v2\/users\/2"}],"replies":[{"embeddable":true,"href":"https:\/\/www.europesays.com\/fr\/wp-json\/wp\/v2\/comments?post=323516"}],"version-history":[{"count":0,"href":"https:\/\/www.europesays.com\/fr\/wp-json\/wp\/v2\/posts\/323516\/revisions"}],"wp:featuredmedia":[{"embeddable":true,"href":"https:\/\/www.europesays.com\/fr\/wp-json\/wp\/v2\/media\/323517"}],"wp:attachment":[{"href":"https:\/\/www.europesays.com\/fr\/wp-json\/wp\/v2\/media?parent=323516"}],"wp:term":[{"taxonomy":"category","embeddable":true,"href":"https:\/\/www.europesays.com\/fr\/wp-json\/wp\/v2\/categories?post=323516"},{"taxonomy":"post_tag","embeddable":true,"href":"https:\/\/www.europesays.com\/fr\/wp-json\/wp\/v2\/tags?post=323516"}],"curies":[{"name":"wp","href":"https:\/\/api.w.org\/{rel}","templated":true}]}}