{"id":323526,"date":"2025-08-16T20:20:10","date_gmt":"2025-08-16T20:20:10","guid":{"rendered":"https:\/\/www.europesays.com\/fr\/323526\/"},"modified":"2025-08-16T20:20:10","modified_gmt":"2025-08-16T20:20:10","slug":"les-soeurs-verge-depre-galvaudent-une-balle-de-match-rts-ch","status":"publish","type":"post","link":"https:\/\/www.europesays.com\/fr\/323526\/","title":{"rendered":"Les soeurs Verg\u00e9-D\u00e9pr\u00e9 galvaudent une balle de match &#8211; rts.ch"},"content":{"rendered":"<p>Anouk et Zo\u00e9 Verg\u00e9-D\u00e9pr\u00e9 ont \u00e9t\u00e9 \u00e9limin\u00e9es en 8es de finale du tournoi Elite16 de Montr\u00e9al. Les soeurs bernoises se sont inclin\u00e9es en trois sets devant les Br\u00e9siliennes Carol\/Rebecca malgr\u00e9 une balle de match.<\/p>\n<p>La team \u00ab\u00a0Zouk\u00a0\u00bb a perdu ce match tr\u00e8s serr\u00e9 sur le score de 21-16 16-21 16-14. Apr\u00e8s la perte de la premi\u00e8re manche, les deux soeurs ont recoll\u00e9 aux Br\u00e9siliennes. Men\u00e9es 13-9 dans le tie-break, les Suissesses ont align\u00e9 cinq points de suite pour s&rsquo;offrir une balle de match, mais elles ont fini par craquer.<\/p>\n<p>Anouk et Zo\u00e9 Verg\u00e9-D\u00e9pr\u00e9 se concentrent d\u00e9sormais sur les championnats de Suisse, qui se d\u00e9rouleront du 27 au 29 ao\u00fbt sur la Place f\u00e9d\u00e9rale \u00e0 Berne.<\/p>\n<p class=\"sources\">ats\/pza<\/p>\n","protected":false},"excerpt":{"rendered":"Anouk et Zo\u00e9 Verg\u00e9-D\u00e9pr\u00e9 ont \u00e9t\u00e9 \u00e9limin\u00e9es en 8es de finale du tournoi Elite16 de Montr\u00e9al. Les soeurs&hellip;\n","protected":false},"author":2,"featured_media":323527,"comment_status":"","ping_status":"","sticky":false,"template":"","format":"standard","meta":{"footnotes":""},"categories":[1417],"tags":[3062,27306,14306,1011,27,18532,517,60,1470,1632,1469,27315],"class_list":{"0":"post-323526","1":"post","2":"type-post","3":"status-publish","4":"format-standard","5":"has-post-thumbnail","7":"category-volley","8":"tag-autres-sports","9":"tag-beach-volley","10":"tag-competition-sportive","11":"tag-fr","12":"tag-france","13":"tag-montreal","14":"tag-sport","15":"tag-sports","16":"tag-volley","17":"tag-volley-ball","18":"tag-volleyball","19":"tag-zoe-verge-depre"},"share_on_mastodon":{"url":"","error":""},"_links":{"self":[{"href":"https:\/\/www.europesays.com\/fr\/wp-json\/wp\/v2\/posts\/323526","targetHints":{"allow":["GET"]}}],"collection":[{"href":"https:\/\/www.europesays.com\/fr\/wp-json\/wp\/v2\/posts"}],"about":[{"href":"https:\/\/www.europesays.com\/fr\/wp-json\/wp\/v2\/types\/post"}],"author":[{"embeddable":true,"href":"https:\/\/www.europesays.com\/fr\/wp-json\/wp\/v2\/users\/2"}],"replies":[{"embeddable":true,"href":"https:\/\/www.europesays.com\/fr\/wp-json\/wp\/v2\/comments?post=323526"}],"version-history":[{"count":0,"href":"https:\/\/www.europesays.com\/fr\/wp-json\/wp\/v2\/posts\/323526\/revisions"}],"wp:featuredmedia":[{"embeddable":true,"href":"https:\/\/www.europesays.com\/fr\/wp-json\/wp\/v2\/media\/323527"}],"wp:attachment":[{"href":"https:\/\/www.europesays.com\/fr\/wp-json\/wp\/v2\/media?parent=323526"}],"wp:term":[{"taxonomy":"category","embeddable":true,"href":"https:\/\/www.europesays.com\/fr\/wp-json\/wp\/v2\/categories?post=323526"},{"taxonomy":"post_tag","embeddable":true,"href":"https:\/\/www.europesays.com\/fr\/wp-json\/wp\/v2\/tags?post=323526"}],"curies":[{"name":"wp","href":"https:\/\/api.w.org\/{rel}","templated":true}]}}