{"id":32353,"date":"2025-04-17T19:34:10","date_gmt":"2025-04-17T19:34:10","guid":{"rendered":"https:\/\/www.europesays.com\/fr\/32353\/"},"modified":"2025-04-17T19:34:10","modified_gmt":"2025-04-17T19:34:10","slug":"un-voleur-de-pieces-auto-pris-en-chasse-par-un-policier-hors-service","status":"publish","type":"post","link":"https:\/\/www.europesays.com\/fr\/32353\/","title":{"rendered":"Un voleur de pi\u00e8ces auto pris en chasse par un policier hors service"},"content":{"rendered":"<p class=\"rev-margin-0 rev-text-xs-normal\">Le voleur est interpell\u00e9 pour tentative de vol, refus d&rsquo;obtemp\u00e9rer et violences en arme par destination, avant d&rsquo;\u00eatre remis au commissariat de la division Nord.<\/p>\n<p class=\"rev-margin-0 rev-text-xs-bold\">Photo d&rsquo;illustration<\/p>\n<p>Il est un peu plus de 14h, cet apr\u00e8s-midi du lundi 14 avril 2025, lorsqu&rsquo;un policier hors service surprend un curieux man\u00e8ge devant les garages de <a href=\"https:\/\/www.laprovence.com\/actu\/en-direct\/6859456\/marseille-un-homme-de-40-ans-tue-par-balle-cette-nuit-cite-de-la-maurelette-15e-arrondissement.html\" target=\"_blank\" rel=\"noopener\">la cit\u00e9 de la Maurelette<\/a>, dans le 15e arrondissement de Marseille. Voil\u00e0 plusieurs semaines que les habitants du quartier sont victimes de vols de pi\u00e8ces sur leurs v\u00e9hicules. Et justement, cet homme d&rsquo;une trentaine d&rsquo;ann\u00e9es est en fait affair\u00e9 \u00e0 voler des pi\u00e8ces auto.<\/p>\n<p>Le fonctionnaire pr\u00e9vient alors ses coll\u00e8gues par message avant de bondir sur le cambrioleur pour le retenir avant l&rsquo;arriv\u00e9e d&rsquo;une patrouille. Mais l&rsquo;homme parvient n\u00e9anmoins \u00e0 se d\u00e9gager, il part en courant et saute dans un Renault Kangoo.<\/p>\n<p><img alt=\"Poursuivi par un policier en repos et des agents de la police municipale, le cambrioleur a termin\u00e9 sa course contre un poteau.\" loading=\"lazy\" decoding=\"async\" data-nimg=\"fill\" class=\" TwicCore_img__i9TC1 undefined  undefined\" style=\"position:absolute;height:100%;width:100%;left:0;top:0;right:0;bottom:0;color:transparent;background-size:cover;background-position:50% 50%;background-repeat:no-repeat;background-image:url(&quot;data:image\/svg+xml;charset=utf-8,%3Csvg xmlns='http:\/\/www.w3.org\/2000\/svg' %3E%3Cfilter id='b' color-interpolation-filters='sRGB'%3E%3CfeGaussianBlur stdDeviation='20'\/%3E%3CfeColorMatrix values='1 0 0 0 0 0 1 0 0 0 0 0 1 0 0 0 0 0 100 -1' result='s'\/%3E%3CfeFlood x='0' y='0' width='100%25' height='100%25'\/%3E%3CfeComposite operator='out' in='s'\/%3E%3CfeComposite in2='SourceGraphic'\/%3E%3CfeGaussianBlur stdDeviation='20'\/%3E%3C\/filter%3E%3Cimage width='100%25' height='100%25' x='0' y='0' preserveAspectRatio='none' style='filter: url(%23b);' href='https:\/\/pictures.laprovence.com\/cdn-cgi\/image\/blur=250\/media\/melody\/2025\/04\/16\/poursuivi-par-un-policier-en-repos-et-des-agents-de-la-police-municipale-le-cambrioleur-a-termine-sa-1744793923_deed8bfb6ff76f2fd8bfb6ff7d6fd8v_.jpg'\/%3E%3C\/svg%3E&quot;)\"   src=\"https:\/\/www.europesays.com\/fr\/wp-content\/uploads\/2025\/04\/poursuivi-par-un-policier-en-repos-et-des-agents-de-la-police-municipale-le-cambrioleur-a-termine-sa.jpeg\"\/>Poursuivi par un policier en repos et des agents de la police municipale, le cambrioleur a termin\u00e9 sa course contre un poteau. DRLe policier percut\u00e9 par le fuyard<\/p>\n<p>Loin de l\u00e2cher l&rsquo;affaire, le policier grimpe \u00e0 son tour dans sa propre voiture et tente de bloquer l&rsquo;utilitaire dans les petites rues de Saint-Joseph. Mais il est percut\u00e9 par le fuyard, qui parvient \u00e0 se d\u00e9gager. Le fonctionnaire s&rsquo;accroche, et suit le Kangoo, lorsqu&rsquo;il est rejoint par des policiers municipaux. Les agents de la Brigade nord ont eux aussi re\u00e7u un message de leur coll\u00e8gue et se lancent maintenant eux aussi derri\u00e8re l&rsquo;utilitaire. C&rsquo;en est un peu trop pour le fuyard, qui finit par perdre le contr\u00f4le de son v\u00e9hicule, et percute un lampadaire.<\/p>\n<p>Le Kangoo est bon pour le marbre, et son conducteur, pour une garde \u00e0 vue. Par ailleurs sans permis de conduire, il est interpell\u00e9 pour tentative de vol, refus d&rsquo;obtemp\u00e9rer et violences en arme par destination, avant d&rsquo;\u00eatre remis au commissariat de la division Nord.<\/p>\n","protected":false},"excerpt":{"rendered":"Le voleur est interpell\u00e9 pour tentative de vol, refus d&rsquo;obtemp\u00e9rer et violences en arme par destination, avant d&rsquo;\u00eatre&hellip;\n","protected":false},"author":2,"featured_media":32354,"comment_status":"","ping_status":"","sticky":false,"template":"","format":"standard","meta":{"footnotes":""},"categories":[2814],"tags":[17,1111,11,4183,1777,674,274,1011,27,10911,884,12,10910,6020,882,25,3737,10912],"class_list":{"0":"post-32353","1":"post","2":"type-post","3":"status-publish","4":"format-standard","5":"has-post-thumbnail","7":"category-marseille","8":"tag-17","9":"tag-actu","10":"tag-actualites","11":"tag-chasse","12":"tag-eu","13":"tag-europe","14":"tag-faits-divers-justice","15":"tag-fr","16":"tag-france","17":"tag-hors","18":"tag-marseille","19":"tag-news","20":"tag-policier","21":"tag-prend","22":"tag-provence-alpes-cote-dazur","23":"tag-republique-francaise","24":"tag-service","25":"tag-voleur"},"share_on_mastodon":{"url":"https:\/\/pubeurope.com\/@fr\/114354983136153335","error":""},"_links":{"self":[{"href":"https:\/\/www.europesays.com\/fr\/wp-json\/wp\/v2\/posts\/32353","targetHints":{"allow":["GET"]}}],"collection":[{"href":"https:\/\/www.europesays.com\/fr\/wp-json\/wp\/v2\/posts"}],"about":[{"href":"https:\/\/www.europesays.com\/fr\/wp-json\/wp\/v2\/types\/post"}],"author":[{"embeddable":true,"href":"https:\/\/www.europesays.com\/fr\/wp-json\/wp\/v2\/users\/2"}],"replies":[{"embeddable":true,"href":"https:\/\/www.europesays.com\/fr\/wp-json\/wp\/v2\/comments?post=32353"}],"version-history":[{"count":0,"href":"https:\/\/www.europesays.com\/fr\/wp-json\/wp\/v2\/posts\/32353\/revisions"}],"wp:featuredmedia":[{"embeddable":true,"href":"https:\/\/www.europesays.com\/fr\/wp-json\/wp\/v2\/media\/32354"}],"wp:attachment":[{"href":"https:\/\/www.europesays.com\/fr\/wp-json\/wp\/v2\/media?parent=32353"}],"wp:term":[{"taxonomy":"category","embeddable":true,"href":"https:\/\/www.europesays.com\/fr\/wp-json\/wp\/v2\/categories?post=32353"},{"taxonomy":"post_tag","embeddable":true,"href":"https:\/\/www.europesays.com\/fr\/wp-json\/wp\/v2\/tags?post=32353"}],"curies":[{"name":"wp","href":"https:\/\/api.w.org\/{rel}","templated":true}]}}