{"id":323532,"date":"2025-08-16T20:24:15","date_gmt":"2025-08-16T20:24:15","guid":{"rendered":"https:\/\/www.europesays.com\/fr\/323532\/"},"modified":"2025-08-16T20:24:15","modified_gmt":"2025-08-16T20:24:15","slug":"motogp-autriche-j2-jorge-martin-aprilia-q14-s10-sest-trompe-dans-les-devices-au-depart-je-manque-dautomatismes","status":"publish","type":"post","link":"https:\/\/www.europesays.com\/fr\/323532\/","title":{"rendered":"MotoGP, Autriche J2, Jorge Mart\u00edn (Aprilia\/Q14-S10) s&rsquo;est tromp\u00e9 dans les devices au d\u00e9part : \u00ab\u00a0Je manque d&rsquo;automatismes\u00a0\u00bb"},"content":{"rendered":"<p><strong>Jorge Mart\u00edn s\u2019est emm\u00eal\u00e9 les pinceaux dans les<br \/>\ndispositifs de d\u00e9part de son Aprilia, mais est parvenu \u00e0 remonter<br \/>\nen course sprint.<\/strong><\/p>\n<p>Apr\u00e8s avoir particip\u00e9 au Grand Prix de R\u00e9publique Tch\u00e8que sous<br \/>\nforme d\u2019essai, <strong>Jorge Mart\u00edn<\/strong> a v\u00e9ritablement lanc\u00e9<br \/>\nsa saison ce week-end en Autriche. Le Champion du monde en titre<br \/>\nestime avoir enti\u00e8rement r\u00e9cup\u00e9r\u00e9 physiquement de ses multiples<br \/>\nblessures, et esp\u00e8re d\u00e9sormais progresser course apr\u00e8s course<br \/>\njusqu\u2019\u00e0 retrouver son meilleur niveau. Il avait d\u00e9j\u00e0 pos\u00e9 de<br \/>\nsolides bases \u00e0 Brno avant la pause estivale en terminant septi\u00e8me<br \/>\nde la course principale.<\/p>\n<p>Ce week-end s\u2019annon\u00e7ait plus compliqu\u00e9, sur un circuit qui n\u2019a<br \/>\njamais trop r\u00e9ussi \u00e0 Aprilia. Pourtant, Marco Bezzecchi et Ra\u00fal<br \/>\nFern\u00e1ndez ont affich\u00e9 leur vitesse, tandis que<br \/>\n<strong>Mart\u00edn<\/strong> a eu besoin de plus de temps, lui qui<br \/>\nmanque de roulage au guidon de la RS-GP. Qualifi\u00e9 seulement 14e, il<br \/>\ns\u2019est tromp\u00e9 dans les devices au d\u00e9part de la course sprint cet<br \/>\napr\u00e8s-midi et a r\u00e9trograd\u00e9 au 16e rang avant de remonter.<\/p>\n<p>Tour apr\u00e8s tour, il a doubl\u00e9 ses adversaires pour finalement<br \/>\nterminer dixi\u00e8me, \u00e0 la porte des points. Une performance qui lui<br \/>\ndonne de la confiance pour la suite, mais qui reste frustrante pour<br \/>\nle Champion du monde qu\u2019il est.<\/p>\n<p><img loading=\"lazy\" decoding=\"async\" class=\"aligncenter size-full wp-image-1319414\" src=\"https:\/\/www.europesays.com\/fr\/wp-content\/uploads\/2025\/08\/ar-austriangp-friday-04.jpg\" alt=\"Jorge Martin Autriche\" width=\"800\" height=\"533\"  \/><\/p>\n<p>\u00ab\u00a0Je suis content mais aussi un peu d\u00e9\u00e7u du premier<br \/>\ntour, parce que je manque d\u2019automatismes de d\u00e9part avec l\u2019Aprilia.<br \/>\nJe dois apprendre comment d\u00e9senclencher les devices. Il y en a un<br \/>\nque j\u2019ai d\u00e9senclench\u00e9 dans le premier virage et l\u2019autre dans le<br \/>\nsecond, du coup je suis pass\u00e9 de la septi\u00e8me \u00e0 la 16e place. \u00c0<br \/>\npartir de l\u00e0 j\u2019ai essay\u00e9 de tout donner, je suis remont\u00e9 et j\u2019ai<br \/>\ndoubl\u00e9 pas mal de pilotes. C\u2019est positif\u00a0\u00bb, a-t-il<br \/>\nd\u00e9clar\u00e9 lors de son debriefing.<\/p>\n<p>\u00ab\u00a0\u00c7a a \u00e9t\u00e9 sans aucun doute la meilleure s\u00e9ance du<br \/>\nweek-end, j\u2019ai commenc\u00e9 \u00e0 comprendre des choses, o\u00f9 est la limite<br \/>\nde la moto, comment s\u2019usent les pneus. \u00c0 la mi-course je me suis<br \/>\nsenti \u00e0 l\u2019aise et j\u2019\u00e9tais plus rapide que les pilotes qui me<br \/>\npr\u00e9c\u00e9daient. Je suis content mais \u00e7a reste une dixi\u00e8me place. Si je<br \/>\nm\u2019\u00e9tais mieux qualifi\u00e9, je pense que j\u2019avais le rythme pour<br \/>\nterminer sixi\u00e8me ou septi\u00e8me. On verra demain si je r\u00e9ussis \u00e0<br \/>\nr\u00e9aliser un bon d\u00e9part et \u00e0 \u00e9voluer devant.\u00a0\u00bb<\/p>\n<p><strong>R\u00e9sultats de la <a href=\"https:\/\/www.paddock-gp.com\/motogp-autriche-sprint-live-3\/\" target=\"_blank\" rel=\"noopener\">course sprint<\/a> du Grand Prix<br \/>\nd\u2019Autriche<\/strong><\/p>\n<p><img loading=\"lazy\" decoding=\"async\" class=\"aligncenter size-full wp-image-1319253\" src=\"https:\/\/www.europesays.com\/fr\/wp-content\/uploads\/2025\/08\/sprint.jpg\" alt=\"\" width=\"800\" height=\"1002\"  \/><\/p>\n<p>Cr\u00e9dit classement : <a href=\"https:\/\/www.motogp.com\/fr\" target=\"_blank\" rel=\"noopener\">MotoGP.com<\/a><\/p>\n","protected":false},"excerpt":{"rendered":"Jorge Mart\u00edn s\u2019est emm\u00eal\u00e9 les pinceaux dans les dispositifs de d\u00e9part de son Aprilia, mais est parvenu \u00e0&hellip;\n","protected":false},"author":2,"featured_media":323533,"comment_status":"","ping_status":"","sticky":false,"template":"","format":"standard","meta":{"footnotes":""},"categories":[1413],"tags":[1011,27,1457,1456,60],"class_list":{"0":"post-323532","1":"post","2":"type-post","3":"status-publish","4":"format-standard","5":"has-post-thumbnail","7":"category-moto","8":"tag-fr","9":"tag-france","10":"tag-moto","11":"tag-motocycle","12":"tag-sports"},"share_on_mastodon":{"url":"https:\/\/pubeurope.com\/@fr\/115040320239687799","error":""},"_links":{"self":[{"href":"https:\/\/www.europesays.com\/fr\/wp-json\/wp\/v2\/posts\/323532","targetHints":{"allow":["GET"]}}],"collection":[{"href":"https:\/\/www.europesays.com\/fr\/wp-json\/wp\/v2\/posts"}],"about":[{"href":"https:\/\/www.europesays.com\/fr\/wp-json\/wp\/v2\/types\/post"}],"author":[{"embeddable":true,"href":"https:\/\/www.europesays.com\/fr\/wp-json\/wp\/v2\/users\/2"}],"replies":[{"embeddable":true,"href":"https:\/\/www.europesays.com\/fr\/wp-json\/wp\/v2\/comments?post=323532"}],"version-history":[{"count":0,"href":"https:\/\/www.europesays.com\/fr\/wp-json\/wp\/v2\/posts\/323532\/revisions"}],"wp:featuredmedia":[{"embeddable":true,"href":"https:\/\/www.europesays.com\/fr\/wp-json\/wp\/v2\/media\/323533"}],"wp:attachment":[{"href":"https:\/\/www.europesays.com\/fr\/wp-json\/wp\/v2\/media?parent=323532"}],"wp:term":[{"taxonomy":"category","embeddable":true,"href":"https:\/\/www.europesays.com\/fr\/wp-json\/wp\/v2\/categories?post=323532"},{"taxonomy":"post_tag","embeddable":true,"href":"https:\/\/www.europesays.com\/fr\/wp-json\/wp\/v2\/tags?post=323532"}],"curies":[{"name":"wp","href":"https:\/\/api.w.org\/{rel}","templated":true}]}}