{"id":323538,"date":"2025-08-16T20:28:22","date_gmt":"2025-08-16T20:28:22","guid":{"rendered":"https:\/\/www.europesays.com\/fr\/323538\/"},"modified":"2025-08-16T20:28:22","modified_gmt":"2025-08-16T20:28:22","slug":"lens-aurait-merite-de-marquer-un-point-estime-pierre-sage-battu-par-lol","status":"publish","type":"post","link":"https:\/\/www.europesays.com\/fr\/323538\/","title":{"rendered":"Lens \u00abaurait m\u00e9rit\u00e9 de marquer un point\u00bb, estime Pierre Sage, battu par l\u2019OL"},"content":{"rendered":"<p>L\u2019entra\u00eeneur du RC Lens et Jorge Maciel, adjoint de Paulo Fonseca \u00e0 Lyon, ont livr\u00e9 leur sentiment apr\u00e8s la victoire des Gones \u00e0 Bollaert.<\/p>\n<p class=\"fig-paragraph\">L&rsquo;entra\u00eeneur de Lens Pierre Sage a salu\u00e9 une \u00e9quipe \u00abentreprenante\u00bb, qui aurait \u00abm\u00e9rit\u00e9 de marquer un point\u00bb contre Lyon,\u00a0<a href=\"http:\/\/www.lefigaro.fr\/sports\/football\/ligue-1\/ligue-1-lyon-debute-par-une-victoire-au-forceps-a-lens-20250816\" target=\"_blank\" data-fig-type=\"NewsFlash\" rel=\"noopener nofollow\" data-gtm-custom-categorie=\"navigation\" data-gtm-custom-action=\"crossclick\" data-gtm-custom-label=\"Contextuel\" data-gtm-event=\"customEventSPE\" data-fig-domain=\"LEFIGARO\">victorieux 1-0 au Stade Bollaert\u00a0<\/a>samedi lors de la premi\u00e8re journ\u00e9e de Ligue 1.<\/p>\n<p class=\"fig-paragraph\">Malgr\u00e9 18 frappes (5 cadr\u00e9es), plus que leur adversaire (11 frappes, 3 cadr\u00e9es), les Sang et Or n&rsquo;ont pas r\u00e9ussi \u00e0 r\u00e9pondre \u00e0 l&rsquo;ouverture du score de Georges Mikautadze (45e+1).<\/p>\n<p>                                    <a class=\"fig-a11y-skip a11y-hidden\" href=\"#fig-a11y-skip-main-inarticle\"><br \/>\n        Passer la publicit\u00e9<br \/>\n    <\/a><\/p>\n<p class=\"fig-paragraph\">\u00abJe pense que \u00e7a s&rsquo;est jou\u00e9 \u00e0 quelques centim\u00e8tres \u00e0 chaque fois, \u00e0 une d\u00e9cision qui n&rsquo;est pas opportune, a comment\u00e9 Pierre Sage, pour sa premi\u00e8re sur le banc lensois, face \u00e0 son ancienne \u00e9quipe. Si on joue les seize adversaires de la m\u00eame mani\u00e8re, on va gagner des matches.\u00bb<\/p>\n<p>\u00abC\u2019est le premier match, on ne sait jamais, c\u2019est comme un Kinder surprise\u00bb<\/p>\n<p class=\"fig-paragraph\">En face, l&rsquo;entra\u00eeneur adjoint de Lyon Jorge Maciel s&rsquo;est r\u00e9joui d&rsquo;\u00abun tr\u00e8s bon d\u00e9but\u00bb: \u00abC&rsquo;est important d&rsquo;avoir des sensations, c&rsquo;est le premier match, on ne sait jamais, c&rsquo;est comme un Kinder surprise.\u00bb<\/p>\n<p class=\"fig-paragraph\">\u00abOn avait des intentions, confirm\u00e9es en premi\u00e8re p\u00e9riode, a-t-il ajout\u00e9. En deuxi\u00e8me p\u00e9riode, on a montr\u00e9 des choses tr\u00e8s importantes en Ligue 1: ne jamais abandonner, toujours \u00eatre solidaire. C&rsquo;est loin d&rsquo;\u00eatre parfait. Maintenant, il faut jouer avec ces deux visages\u00a0: notre style de jeu et \u00eatre solidaire.\u00bb<\/p>\n","protected":false},"excerpt":{"rendered":"L\u2019entra\u00eeneur du RC Lens et Jorge Maciel, adjoint de Paulo Fonseca \u00e0 Lyon, ont livr\u00e9 leur sentiment apr\u00e8s&hellip;\n","protected":false},"author":2,"featured_media":323539,"comment_status":"","ping_status":"","sticky":false,"template":"","format":"standard","meta":{"footnotes":""},"categories":[1410],"tags":[63,1011,27,978,2264,60],"class_list":{"0":"post-323538","1":"post","2":"type-post","3":"status-publish","4":"format-standard","5":"has-post-thumbnail","7":"category-football","8":"tag-football","9":"tag-fr","10":"tag-france","11":"tag-olympique-lyonnais","12":"tag-rc-lens","13":"tag-sports"},"share_on_mastodon":{"url":"https:\/\/pubeurope.com\/@fr\/115040335005158947","error":""},"_links":{"self":[{"href":"https:\/\/www.europesays.com\/fr\/wp-json\/wp\/v2\/posts\/323538","targetHints":{"allow":["GET"]}}],"collection":[{"href":"https:\/\/www.europesays.com\/fr\/wp-json\/wp\/v2\/posts"}],"about":[{"href":"https:\/\/www.europesays.com\/fr\/wp-json\/wp\/v2\/types\/post"}],"author":[{"embeddable":true,"href":"https:\/\/www.europesays.com\/fr\/wp-json\/wp\/v2\/users\/2"}],"replies":[{"embeddable":true,"href":"https:\/\/www.europesays.com\/fr\/wp-json\/wp\/v2\/comments?post=323538"}],"version-history":[{"count":0,"href":"https:\/\/www.europesays.com\/fr\/wp-json\/wp\/v2\/posts\/323538\/revisions"}],"wp:featuredmedia":[{"embeddable":true,"href":"https:\/\/www.europesays.com\/fr\/wp-json\/wp\/v2\/media\/323539"}],"wp:attachment":[{"href":"https:\/\/www.europesays.com\/fr\/wp-json\/wp\/v2\/media?parent=323538"}],"wp:term":[{"taxonomy":"category","embeddable":true,"href":"https:\/\/www.europesays.com\/fr\/wp-json\/wp\/v2\/categories?post=323538"},{"taxonomy":"post_tag","embeddable":true,"href":"https:\/\/www.europesays.com\/fr\/wp-json\/wp\/v2\/tags?post=323538"}],"curies":[{"name":"wp","href":"https:\/\/api.w.org\/{rel}","templated":true}]}}