{"id":323542,"date":"2025-08-16T20:30:11","date_gmt":"2025-08-16T20:30:11","guid":{"rendered":"https:\/\/www.europesays.com\/fr\/323542\/"},"modified":"2025-08-16T20:30:11","modified_gmt":"2025-08-16T20:30:11","slug":"en-2025-cette-couleur-detrone-toutes-les-autres-dans-les-interieurs","status":"publish","type":"post","link":"https:\/\/www.europesays.com\/fr\/323542\/","title":{"rendered":"En 2025, cette couleur d\u00e9tr\u00f4ne toutes les autres dans les int\u00e9rieurs"},"content":{"rendered":"\n<p class=\"p1\"><a href=\"https:\/\/www.lejournaldelamaison.fr\/le-journal-de-la-maison\/nouveautes\/tendances\/tendances-deco\/voici-plus-belles-tendances-deco-automne-2025-nouvelle-collection-sostrene-grene-517398.html\" target=\"_blank\" rel=\"noopener\">Les tendances<\/a> \u00e9voluent \u00e0 chaque saison. Mais au fil des ann\u00e9es, <strong>certaines d\u2019entre elles ont r\u00e9ussi \u00e0 s\u2019imposer<\/strong>. C\u2019est le cas notamment d\u2019une poign\u00e9e de couleurs que l\u2019on retrouve, saison apr\u00e8s saison, dans les pages des magazines d\u00e9co, sur les stands des salons professionnels et jusque dans nos salons. Ces teintes, devenues de<strong> v\u00e9ritables incontournables<\/strong>, rassurent par leur douceur et leur capacit\u00e9 \u00e0 s\u2019int\u00e9grer facilement \u00e0 tous les styles.<\/p>\n<p>    Les couleurs neutres ont longtemps domin\u00e9 les tendances d\u00e9co <\/p>\n<p class=\"p1\">Blanc lumineux, beige sable, taupe discret\u2026 Ces nuances intemporelles ont servi de<strong> toile de fond \u00e0 nos int\u00e9rieurs pendant des ann\u00e9es<\/strong>. Et depuis quelques mois, le <a href=\"https:\/\/www.lejournaldelamaison.fr\/le-journal-de-la-maison\/nouveautes\/tendances\/tendances-deco\/jaune-beurre-bien-nouvelle-couleur-tendance-mais-voici-avec-quoi-jamais-associer-512102.html\" target=\"_blank\" rel=\"noopener\">jaune beurre<\/a> a <strong>rejoint la partie<\/strong>.<\/p>\n<p class=\"p1\">Sauf que voil\u00e0\u2026 \u00c0 force de les voir partout, <a href=\"https:\/\/www.lejournaldelamaison.fr\/le-journal-de-la-maison\/conseils-de-pro\/petite-cuisine-couleurs-plebiscitees-par-experts-donnent-impression-de-grandeur-514602.html\" target=\"_blank\" rel=\"noopener\">ces couleurs<\/a> finissent par manquer de relief. Les int\u00e9rieurs se ressemblent, et l\u2019envie de nouveaut\u00e9 se fait sentir. Les habitants recherchent d\u00e9sormais des<strong> teintes capables d\u2019affirmer une identit\u00e9<\/strong>, de refl\u00e9ter leur personnalit\u00e9 et de <strong>transformer une pi\u00e8ce en un lieu qui raconte une histoire<\/strong>.<\/p>\n<p>    Quelle couleur fait son entr\u00e9e dans votre int\u00e9rieur en 2025 ? <\/p>\n<p class=\"p1\">Aujourd\u2019hui, les d\u00e9corateurs professionnels ainsi que les amateurs de d\u00e9coration se tournent plut\u00f4t vers <strong>des coloris avec une personnalit\u00e9 plus marqu\u00e9e<\/strong>. Selon nos confr\u00e8res du magazine Homes &amp; Gardens, c\u2019est le <a href=\"https:\/\/www.lejournaldelamaison.fr\/le-journal-de-la-maison\/conseils-de-pro\/rose-pale-jade-bleu-cobalt-couleurs-verres-anciens-vrais-tresors-chineurs-traquent-sans-relache-515768.html\" target=\"_blank\" rel=\"noopener\">bleu cobalt<\/a> qui va s\u2019imposer comme la <strong>teinte phare de 2025<\/strong>.<\/p>\n<p class=\"p1\">Profond, vibrant et r\u00e9solument \u00e9l\u00e9gant, cette nuance <strong>insuffle une \u00e9nergie nouvelle aux int\u00e9rieurs<\/strong> tout en restant suffisamment raffin\u00e9e pour s\u2019int\u00e9grer \u00e0 diff\u00e9rents styles. D\u00e9j\u00e0 pr\u00e9sent sur les podiums des d\u00e9fil\u00e9s et dans les collections de grandes maisons de design, <strong>le bleu cobalt glisse naturellement vers nos espaces de vie<\/strong>.<\/p>\n<blockquote class=\"tiktok-embed\" cite=\"https:\/\/www.tiktok.com\/@_designlove_\/video\/7293898409751088416\" data-video-id=\"7293898409751088416\" data-embed-from=\"oembed\" style=\"max-width:605px; min-width:325px;\"><p>  <a target=\"_blank\" title=\"@_designlove_\" href=\"https:\/\/www.tiktok.com\/@_designlove_?refer=embed\" rel=\"noopener\">@_designlove_<\/a>  <\/p>\n<p>Blue cobalt interior design.                    <a title=\"homedesign\" target=\"_blank\" href=\"https:\/\/www.tiktok.com\/tag\/homedesign?refer=embed\" rel=\"noopener\">#homedesign<\/a> <a title=\"interiordesign\" target=\"_blank\" href=\"https:\/\/www.tiktok.com\/tag\/interiordesign?refer=embed\" rel=\"noopener\">#interiordesign<\/a> <a title=\"homedecor\" target=\"_blank\" href=\"https:\/\/www.tiktok.com\/tag\/homedecor?refer=embed\" rel=\"noopener\">#homedecor<\/a> <a title=\"bluhome\" target=\"_blank\" href=\"https:\/\/www.tiktok.com\/tag\/bluhome?refer=embed\" rel=\"noopener\">#bluhome<\/a> <a title=\"fyp\" target=\"_blank\" href=\"https:\/\/www.tiktok.com\/tag\/fyp?refer=embed\" rel=\"noopener\">#fyp<\/a> <a title=\"foryou\" target=\"_blank\" href=\"https:\/\/www.tiktok.com\/tag\/foryou?refer=embed\" rel=\"noopener\">#foryou<\/a> <a title=\"foryoupage\" target=\"_blank\" href=\"https:\/\/www.tiktok.com\/tag\/foryoupage?refer=embed\" rel=\"noopener\">#foryoupage<\/a> <\/p>\n<p> <a target=\"_blank\" title=\"\u266c Make It Better (Instrumental) - Anderson .Paak\" href=\"https:\/\/www.tiktok.com\/music\/Make-It-Better-Instrumental-6792136995872180226?refer=embed\" rel=\"noopener\">\u266c Make It Better (Instrumental) &#8211; Anderson .Paak<\/a> <\/p>\n<\/blockquote>\n<p>    Les autres couleurs \u00e0 adopter dans votre maison <\/p>\n<p class=\"p1\">Et elle n\u2019arrive pas seule. Selon les journalistes du magazine, d\u2019autres nuances viennent <strong>enrichir la palette 2025<\/strong>. Plus chaudes, plus intenses ou plus enveloppantes, ces derni\u00e8res permettent de <a href=\"https:\/\/www.lejournaldelamaison.fr\/le-journal-de-la-maison\/nouveautes\/produits\/action-set-prises-sans-fil-12-euros-504878.html\" target=\"_blank\" rel=\"noopener\">jouer avec la lumi\u00e8re<\/a> et les mati\u00e8res pour offrir <strong>des atmosph\u00e8res \u00e0 la fois modernes et intemporelles<\/strong>.<\/p>\n<p class=\"p1\">Vous pouvez int\u00e9grer ces diff\u00e9rentes couleurs sur un pan de mur ou \u00e0 travers les accessoires de votre int\u00e9rieur. Certaines \u00e9voquent la chaleur du soleil.<strong> Les bordeaux ou les marrons<\/strong> sont \u00e9galement tr\u00e8s tendance. Vous avez vraiment l\u00a0\u00bbembarras du choix. Vous pouvez m\u00eame s\u00e9lectionner un<strong> ton neutre<\/strong>. Ceux-ci sont toujours d&rsquo;actualit\u00e9.<\/p>\n<p>                <script async src=\"\/\/www.tiktok.com\/embed.js\"><\/script><\/p>\n","protected":false},"excerpt":{"rendered":"Les tendances \u00e9voluent \u00e0 chaque saison. Mais au fil des ann\u00e9es, certaines d\u2019entre elles ont r\u00e9ussi \u00e0 s\u2019imposer.&hellip;\n","protected":false},"author":2,"featured_media":323543,"comment_status":"","ping_status":"","sticky":false,"template":"","format":"standard","meta":{"footnotes":""},"categories":[1358],"tags":[1348,1384,1385,1386,58,59,1011,27],"class_list":{"0":"post-323542","1":"post","2":"type-post","3":"status-publish","4":"format-standard","5":"has-post-thumbnail","7":"category-arts-et-design","8":"tag-arts","9":"tag-arts-and-design","10":"tag-arts-et-design","11":"tag-design","12":"tag-divertissement","13":"tag-entertainment","14":"tag-fr","15":"tag-france"},"share_on_mastodon":{"url":"https:\/\/pubeurope.com\/@fr\/115040342695036382","error":""},"_links":{"self":[{"href":"https:\/\/www.europesays.com\/fr\/wp-json\/wp\/v2\/posts\/323542","targetHints":{"allow":["GET"]}}],"collection":[{"href":"https:\/\/www.europesays.com\/fr\/wp-json\/wp\/v2\/posts"}],"about":[{"href":"https:\/\/www.europesays.com\/fr\/wp-json\/wp\/v2\/types\/post"}],"author":[{"embeddable":true,"href":"https:\/\/www.europesays.com\/fr\/wp-json\/wp\/v2\/users\/2"}],"replies":[{"embeddable":true,"href":"https:\/\/www.europesays.com\/fr\/wp-json\/wp\/v2\/comments?post=323542"}],"version-history":[{"count":0,"href":"https:\/\/www.europesays.com\/fr\/wp-json\/wp\/v2\/posts\/323542\/revisions"}],"wp:featuredmedia":[{"embeddable":true,"href":"https:\/\/www.europesays.com\/fr\/wp-json\/wp\/v2\/media\/323543"}],"wp:attachment":[{"href":"https:\/\/www.europesays.com\/fr\/wp-json\/wp\/v2\/media?parent=323542"}],"wp:term":[{"taxonomy":"category","embeddable":true,"href":"https:\/\/www.europesays.com\/fr\/wp-json\/wp\/v2\/categories?post=323542"},{"taxonomy":"post_tag","embeddable":true,"href":"https:\/\/www.europesays.com\/fr\/wp-json\/wp\/v2\/tags?post=323542"}],"curies":[{"name":"wp","href":"https:\/\/api.w.org\/{rel}","templated":true}]}}