{"id":323544,"date":"2025-08-16T20:31:09","date_gmt":"2025-08-16T20:31:09","guid":{"rendered":"https:\/\/www.europesays.com\/fr\/323544\/"},"modified":"2025-08-16T20:31:09","modified_gmt":"2025-08-16T20:31:09","slug":"de-meres-en-fils-dadam-haslet-une-vie-au-service-des-autres-en-guise-dexpiation","status":"publish","type":"post","link":"https:\/\/www.europesays.com\/fr\/323544\/","title":{"rendered":"\u00abDe m\u00e8res en fils\u00bb, d\u2019Adam Haslet: une vie au service des autres en guise d\u2019expiation"},"content":{"rendered":"<p>En miroir \u00e0 P\u00e8res et Fils de Tourgueniev, le romancier Adam Haslett reprend l\u2019in\u00e9puisable th\u00e8me des relations de famille. Dans De m\u00e8res en fils, fille et p\u00e8re ne jouent qu\u2019un r\u00f4le mineur, \u00e0 peine des figurants du drame qui se joue. On est sur la c\u00f4te est des Etats-Unis, au d\u00e9but du XXIe\u00a0si\u00e8cle. Toute l\u2019histoire est racont\u00e9e du point de vue de Peter, le fils du titre. A 40\u00a0ans, avocat \u00e0 New York, il est sp\u00e9cialis\u00e9 dans les demandes d\u2019asile. Un travail harassant, des responsabilit\u00e9s pesantes et le c\u00f4toiement quotidien de la mis\u00e8re du monde: tout son temps est consacr\u00e9 \u00e0 cette mission. Pas d\u2019amis, pas de vie sociale, \u00e0 peine s\u2019il accorde quelques nuits \u00e0 un gar\u00e7on, une relation sans attachement, tenue \u00e0 distance.<\/p>\n<p>Un burn-out in\u00e9vitable le ram\u00e8ne chez sa m\u00e8re, un retour qu\u2019il diff\u00e9rait depuis longtemps. Dans le Vermont, dans un cadre idyllique, Ann dirige une maison o\u00f9 des femmes en difficult\u00e9 peuvent trouver asile et \u00e9coute. Elle a nomm\u00e9 ce havre \u00abViriditas\u00bb, un nom emprunt\u00e9 \u00e0 Hildegarde von Bingen, force vitale de la nature et des \u00eatres.<\/p>\n","protected":false},"excerpt":{"rendered":"En miroir \u00e0 P\u00e8res et Fils de Tourgueniev, le romancier Adam Haslett reprend l\u2019in\u00e9puisable th\u00e8me des relations de&hellip;\n","protected":false},"author":2,"featured_media":323545,"comment_status":"","ping_status":"","sticky":false,"template":"","format":"standard","meta":{"footnotes":""},"categories":[1357],"tags":[1379,58,59,3297,1011,27,1351,1380,301],"class_list":{"0":"post-323544","1":"post","2":"type-post","3":"status-publish","4":"format-standard","5":"has-post-thumbnail","7":"category-livres","8":"tag-books","9":"tag-divertissement","10":"tag-entertainment","11":"tag-entre-temps","12":"tag-fr","13":"tag-france","14":"tag-litterature","15":"tag-livres","16":"tag-premium"},"share_on_mastodon":{"url":"https:\/\/pubeurope.com\/@fr\/115040346914681855","error":""},"_links":{"self":[{"href":"https:\/\/www.europesays.com\/fr\/wp-json\/wp\/v2\/posts\/323544","targetHints":{"allow":["GET"]}}],"collection":[{"href":"https:\/\/www.europesays.com\/fr\/wp-json\/wp\/v2\/posts"}],"about":[{"href":"https:\/\/www.europesays.com\/fr\/wp-json\/wp\/v2\/types\/post"}],"author":[{"embeddable":true,"href":"https:\/\/www.europesays.com\/fr\/wp-json\/wp\/v2\/users\/2"}],"replies":[{"embeddable":true,"href":"https:\/\/www.europesays.com\/fr\/wp-json\/wp\/v2\/comments?post=323544"}],"version-history":[{"count":0,"href":"https:\/\/www.europesays.com\/fr\/wp-json\/wp\/v2\/posts\/323544\/revisions"}],"wp:featuredmedia":[{"embeddable":true,"href":"https:\/\/www.europesays.com\/fr\/wp-json\/wp\/v2\/media\/323545"}],"wp:attachment":[{"href":"https:\/\/www.europesays.com\/fr\/wp-json\/wp\/v2\/media?parent=323544"}],"wp:term":[{"taxonomy":"category","embeddable":true,"href":"https:\/\/www.europesays.com\/fr\/wp-json\/wp\/v2\/categories?post=323544"},{"taxonomy":"post_tag","embeddable":true,"href":"https:\/\/www.europesays.com\/fr\/wp-json\/wp\/v2\/tags?post=323544"}],"curies":[{"name":"wp","href":"https:\/\/api.w.org\/{rel}","templated":true}]}}