{"id":323546,"date":"2025-08-16T20:32:11","date_gmt":"2025-08-16T20:32:11","guid":{"rendered":"https:\/\/www.europesays.com\/fr\/323546\/"},"modified":"2025-08-16T20:32:11","modified_gmt":"2025-08-16T20:32:11","slug":"qui-sont-les-invites-de-ce-samedi-16-aout","status":"publish","type":"post","link":"https:\/\/www.europesays.com\/fr\/323546\/","title":{"rendered":"qui sont les invit\u00e9s de ce samedi 16 ao\u00fbt ?"},"content":{"rendered":"<p style=\"text-align:justify; margin-bottom:11px\">La 36e saison de\u00a0Fort Boyard\u00a0se poursuit sur France 2 et la plateforme france.tv. Une 36e saison plac\u00e9e sous le signe des \u00ab\u00a0origines\u00a0\u00bb, puisqu\u2019elle met notamment en avant des personnages et des \u00e9preuves embl\u00e9matiques de l\u2019\u00e9mission. Ce samedi 16 ao\u00fbt, l\u2019animateur\u00a0<a href=\"https:\/\/www.diverto.tv\/actualites\/tele\/olivier-minne-etait-tres-emu-un-candidat-raconte-les-coulisses-de-la-derniere-saison-du-presentateur-dans-fort-boyard\" rel=\"nofollow noopener\" target=\"_blank\">Olivier Minne<\/a>\u00a0accueille une nouvelle \u00e9quipe, conduite par l\u2019animatrice de t\u00e9l\u00e9vision <a href=\"https:\/\/www.diverto.tv\/actualites\/tele\/fort-boyard-avec-son-record-de-participations-elodie-gossuin-pourrait-elle-remplacer-olivier-minne\" rel=\"nofollow noopener\" target=\"_blank\">\u00c9lodie Gossuin<\/a>, visage du groupe M6, et qui fut Miss France 2001. Cette derni\u00e8re est accompagn\u00e9e de Julia Martin, journaliste, des chanteurs Houcine Camara et\u00a0Jungeli, et des com\u00e9diens Pierre-Yves Bon et Dounia Coesens, stars de la s\u00e9rie Tom et Lola. L\u2019\u00e9quipe repr\u00e9sente l\u2019Unicef, pour laquelle \u00c9lodie Gossuin est ambassadrice. Dans un communiqu\u00e9 de presse, France T\u00e9l\u00e9visions rappelle les missions de l\u2019association\u00a0: \u00ab\u00a0L\u2019Unicef, le Fonds des Nations Unies pour l\u2019enfance, \u0153uvre \u00e0 la protection et \u00e0 la r\u00e9alisation des droits de chaque enfant, o\u00f9 qu\u2019il soit, avec un effort particulier pour atteindre les enfants les plus vuln\u00e9rables et marginalis\u00e9s. L\u2019Unicef travaille dans 190 pays et territoires du monde entier, avec ses partenaires, pour faire de cet engagement une r\u00e9alit\u00e9 et aider les enfants \u00e0 vivre, \u00e0 s\u2019\u00e9panouir et \u00e0 r\u00e9aliser leur plein potentiel\u00a0\u00bb.\u00a0<\/p>\n<p>Entrer dans le fort, la premi\u00e8re \u00e9tape<\/p>\n<p>L\u2019\u00e9pisode de ce samedi 16 ao\u00fbt, au cours duquel \u00c9lodie Gossuin signera un record, sera riche en rebondissements. L\u2019\u00e9quipe tentera \u00e9videmment de d\u00e9crocher le maximum de boyards pour l\u2019association. Rappelons que, \u00e0 ce jour, le record de gains de la saison 2025 a \u00e9t\u00e9 d\u00e9croch\u00e9 par\u00a0<a href=\"https:\/\/www.diverto.tv\/actualites\/tele\/fort-boyard-pourquoi-stephane-bern-a-finalement-accepte-de-participer-a-lemission-de-france-2\" rel=\"nofollow noopener\" target=\"_blank\">l\u2019\u00e9quipe de St\u00e9phane Bern<\/a>, qui avait remport\u00e9, lors du num\u00e9ro diffus\u00e9 le 19 juillet dernier, 20.538 \u20ac. St\u00e9phane Bern \u00e9tait alors entour\u00e9 de\u00a0Fr\u00e9d\u00e9rick Bousquet, Virginie Sainsily, Marie s\u2019infiltre, Jimmy Mohamed, et Th\u00e9o Curin. Pour l\u2019heure, il faudra d\u2019abord r\u00e9ussir \u00e0 entrer dans le fort. Pour cela, il faudra escalader une fa\u00e7ade de la b\u00e2tisse pour rejoindre la vigie du P\u00e8re Fouras, et, sur place, r\u00e9soudre une \u00e9nigme. Une \u00e9tape \u00e0 effectuer le plus vite possible, car le temps qu\u2019elle n\u00e9cessitera sera d\u00e9compt\u00e9 du temps n\u00e9cessaire pour r\u00e9colter les sept cl\u00e9s. Quel candidat s\u2019y attellera\u00a0?<\/p>\n<p><a href=\"https:\/\/www.diverto.tv\/actualites\/tele\/fort-boyard-2025-quelle-somme-les-candidats-ont-ils-remportee-ce-samedi-2-aout\" rel=\"nofollow noopener\" target=\"_blank\">Fort Boyard\u00a0<\/a>est diffus\u00e9 chaque samedi sur France 2, \u00e0 21h10, et est disponible sur la plateforme france.tv. Le programme est pr\u00e9sent\u00e9 par Olivier Minne, qui quittera \u00e0 la fin de cette saison le jeu qu\u2019il portait depuis 22 ans.\u00a0<\/p>\n","protected":false},"excerpt":{"rendered":"La 36e saison de\u00a0Fort Boyard\u00a0se poursuit sur France 2 et la plateforme france.tv. Une 36e saison plac\u00e9e sous&hellip;\n","protected":false},"author":2,"featured_media":323547,"comment_status":"","ping_status":"","sticky":false,"template":"","format":"standard","meta":{"footnotes":""},"categories":[1356],"tags":[58,59,1011,27,252,1364],"class_list":{"0":"post-323546","1":"post","2":"type-post","3":"status-publish","4":"format-standard","5":"has-post-thumbnail","7":"category-television","8":"tag-divertissement","9":"tag-entertainment","10":"tag-fr","11":"tag-france","12":"tag-television","13":"tag-tv"},"share_on_mastodon":{"url":"https:\/\/pubeurope.com\/@fr\/115040350601432087","error":""},"_links":{"self":[{"href":"https:\/\/www.europesays.com\/fr\/wp-json\/wp\/v2\/posts\/323546","targetHints":{"allow":["GET"]}}],"collection":[{"href":"https:\/\/www.europesays.com\/fr\/wp-json\/wp\/v2\/posts"}],"about":[{"href":"https:\/\/www.europesays.com\/fr\/wp-json\/wp\/v2\/types\/post"}],"author":[{"embeddable":true,"href":"https:\/\/www.europesays.com\/fr\/wp-json\/wp\/v2\/users\/2"}],"replies":[{"embeddable":true,"href":"https:\/\/www.europesays.com\/fr\/wp-json\/wp\/v2\/comments?post=323546"}],"version-history":[{"count":0,"href":"https:\/\/www.europesays.com\/fr\/wp-json\/wp\/v2\/posts\/323546\/revisions"}],"wp:featuredmedia":[{"embeddable":true,"href":"https:\/\/www.europesays.com\/fr\/wp-json\/wp\/v2\/media\/323547"}],"wp:attachment":[{"href":"https:\/\/www.europesays.com\/fr\/wp-json\/wp\/v2\/media?parent=323546"}],"wp:term":[{"taxonomy":"category","embeddable":true,"href":"https:\/\/www.europesays.com\/fr\/wp-json\/wp\/v2\/categories?post=323546"},{"taxonomy":"post_tag","embeddable":true,"href":"https:\/\/www.europesays.com\/fr\/wp-json\/wp\/v2\/tags?post=323546"}],"curies":[{"name":"wp","href":"https:\/\/api.w.org\/{rel}","templated":true}]}}