{"id":323550,"date":"2025-08-16T20:34:14","date_gmt":"2025-08-16T20:34:14","guid":{"rendered":"https:\/\/www.europesays.com\/fr\/323550\/"},"modified":"2025-08-16T20:34:14","modified_gmt":"2025-08-16T20:34:14","slug":"la-star-de-better-call-saul-fait-son-grand-retour-au-cinema-notee-81-la-suite-de-ce-film-sannonce-tout-aussi-exceptionnelle-jeuxvideo-com","status":"publish","type":"post","link":"https:\/\/www.europesays.com\/fr\/323550\/","title":{"rendered":"La star de Better Call Saul fait son grand retour au cin\u00e9ma : not\u00e9e 81%, la suite de ce film s\u2019annonce tout aussi exceptionnelle &#8211; JeuxVideo.com"},"content":{"rendered":"<ol>\n<li><a href=\"https:\/\/news.google.com\/rss\/articles\/CBMi-wFBVV95cUxQUnBFRnh2MTFCejk0aG54eGhEbl8yazF6OGlOQkJBQ19KWTF6dUZ6QjhocjlfelItaDdMRGZwWWloZ1cxSE9jMmxoUEhtR2lua1RablFpS0ZRZndXdV8tUXJGcTM0TU9QZFk4ZjR0T0dFcHlUNy04cHhkWWM1TEUxVFFIcGQ4TEcyTzI3VkYyYmlKREdoVXp4S29xLUhzZk5sY2JqWi1oU1RNODRSbUE1WTdTd3ctUnRTcUQxLVhqd0I0VE1NdkVBUWhscjBIQW43TmdEQTNkeXpTTEU2TU1SaldUNldLYVd3b2oxal9MVmJxNXlmY21ZS01qYw?oc=5\" target=\"_blank\" rel=\"nofollow noopener\">La star de Better Call Saul fait son grand retour au cin\u00e9ma : not\u00e9e 81%, la suite de ce film s\u2019annonce tout aussi exceptionnelle<\/a>&nbsp;&nbsp;JeuxVideo.com<\/li>\n<li><a href=\"https:\/\/news.google.com\/rss\/articles\/CBMifkFVX3lxTFBob1RsVTByeFpleGozVTNmcVB5Um9JbF85dXRMT2pueU83QnNsUlByV01VbkcwQ3cwX1FQNUVNOFJiZ1FmR1UxVWhLWVZZcFI3d1Z5UHMyc09jTHdMX3R1Q2JJWWFmWktJYUFaLWNUQlVOTkdtZXlCakFjemRFZw?oc=5\" target=\"_blank\" rel=\"nofollow noopener\">Cette ic\u00f4ne des ann\u00e9es 90 est la star de la suite de cette com\u00e9die d&rsquo;action surprenante sortie en 2021<\/a>&nbsp;&nbsp;AlloCin\u00e9<\/li>\n<li><a href=\"https:\/\/news.google.com\/rss\/articles\/CBMibkFVX3lxTE43dlRvc1VlOV9LMHJNNUw5TVZ6R0hDYnFWdmxza21MaFB4eVVrUUtnaXJTRVk1OEpKSkZ0OWdiUFZSa1ZZM3BGWWlSQWFibXRNZ3RITU1Yc3ZTRFl5OGFEYTZ6ZXVlYzhKVzdBcEZn?oc=5\" target=\"_blank\" rel=\"nofollow noopener\">Mansell et great hell ? par Behind_the_Mask<\/a>&nbsp;&nbsp;SensCritique<\/li>\n<li><a href=\"https:\/\/news.google.com\/rss\/articles\/CBMilAFBVV95cUxQMkhTMktpdWxnNnl1aXA5dGVadUlmbWpmc2F2TjgwOEwzaTVHZzZUaXV0eGQzd2tCVXkzY0tXOU40UTNEN0ZfY0pfelB6ZUhhUjVhTGs2UEJfWGJtR1ZQbUNUaGRJcmlCbjRmTmp3N19RRFlfdjBaZUxDeEY0SzNYRFdHZFlpcUJCU1FYTWlIT2djVlpD?oc=5\" target=\"_blank\" rel=\"nofollow noopener\">Nobody 2 le film &#8211; Cin\u00e9mas &#8211; Le T\u00e9l\u00e9gramme : quotidien regional de Bretagne<\/a>&nbsp;&nbsp;Le T\u00e9l\u00e9gramme<\/li>\n<li><a href=\"https:\/\/news.google.com\/rss\/articles\/CBMifEFVX3lxTE8xU0xzV2E1REw3akFXU0hpQS1qOXRodXBBZ2lzYlZMcHBUYTU2VUVCbVpLNWtVQmtCRkphWkJrREh0WXVZaHI4VHFubzdDSWlSdTl6SjQtMUZsV3hzdTg0YTcwM1FGN3pSdjFNVmJjTGxjcDhUQUJ1UHpWMlg?oc=5\" target=\"_blank\" rel=\"nofollow noopener\">Nobody 2 : critique qui a besoin de vacances (mais pas avec Bob Odenkirk)<\/a>&nbsp;&nbsp;Ecran Large<\/li>\n<\/ol>\n","protected":false},"excerpt":{"rendered":"La star de Better Call Saul fait son grand retour au cin\u00e9ma : not\u00e9e 81%, la suite de&hellip;\n","protected":false},"author":2,"featured_media":1445,"comment_status":"","ping_status":"","sticky":false,"template":"","format":"standard","meta":{"footnotes":""},"categories":[1354],"tags":[58,59,1346,1011,27,1360],"class_list":{"0":"post-323550","1":"post","2":"type-post","3":"status-publish","4":"format-standard","5":"has-post-thumbnail","7":"category-films","8":"tag-divertissement","9":"tag-entertainment","10":"tag-films","11":"tag-fr","12":"tag-france","13":"tag-movies"},"share_on_mastodon":{"url":"https:\/\/pubeurope.com\/@fr\/115040358494879814","error":""},"_links":{"self":[{"href":"https:\/\/www.europesays.com\/fr\/wp-json\/wp\/v2\/posts\/323550","targetHints":{"allow":["GET"]}}],"collection":[{"href":"https:\/\/www.europesays.com\/fr\/wp-json\/wp\/v2\/posts"}],"about":[{"href":"https:\/\/www.europesays.com\/fr\/wp-json\/wp\/v2\/types\/post"}],"author":[{"embeddable":true,"href":"https:\/\/www.europesays.com\/fr\/wp-json\/wp\/v2\/users\/2"}],"replies":[{"embeddable":true,"href":"https:\/\/www.europesays.com\/fr\/wp-json\/wp\/v2\/comments?post=323550"}],"version-history":[{"count":0,"href":"https:\/\/www.europesays.com\/fr\/wp-json\/wp\/v2\/posts\/323550\/revisions"}],"wp:featuredmedia":[{"embeddable":true,"href":"https:\/\/www.europesays.com\/fr\/wp-json\/wp\/v2\/media\/1445"}],"wp:attachment":[{"href":"https:\/\/www.europesays.com\/fr\/wp-json\/wp\/v2\/media?parent=323550"}],"wp:term":[{"taxonomy":"category","embeddable":true,"href":"https:\/\/www.europesays.com\/fr\/wp-json\/wp\/v2\/categories?post=323550"},{"taxonomy":"post_tag","embeddable":true,"href":"https:\/\/www.europesays.com\/fr\/wp-json\/wp\/v2\/tags?post=323550"}],"curies":[{"name":"wp","href":"https:\/\/api.w.org\/{rel}","templated":true}]}}