{"id":323559,"date":"2025-08-16T20:40:15","date_gmt":"2025-08-16T20:40:15","guid":{"rendered":"https:\/\/www.europesays.com\/fr\/323559\/"},"modified":"2025-08-16T20:40:15","modified_gmt":"2025-08-16T20:40:15","slug":"en-direct-gaza-le-departement-detat-americain-suspend-temporairement-la-delivrance-de-visas-pour-les-gazaouis-le-monde-fr","status":"publish","type":"post","link":"https:\/\/www.europesays.com\/fr\/323559\/","title":{"rendered":"En direct, Gaza : le d\u00e9partement d\u2019Etat am\u00e9ricain suspend temporairement la d\u00e9livrance de visas pour les Gazaouis &#8211; Le Monde.fr"},"content":{"rendered":"<ol>\n<li><a href=\"https:\/\/news.google.com\/rss\/articles\/CBMijgJBVV95cUxPalJUQjFYRHQ5Q0FPVGVEQjB1MTg3X05DWU9sT28yRy02ME05aGIzQXNRQ0VFVjVyWHZreGVFNXhTd3hPLVRoQjdmYzUzVEZkWVZNSlJRWHZ5WlFobjhuWWlhV2dTU1otNnBJLXl0dmpTeGw2NjZ1TjllcGwwTHB3Q1ljWmdqMlZmQkxMVFRuMm55RnRNMXJwb0lVOXVfZU95VnlkLXNUZWpDZkEwOGIzYUlGUWVoSnRKZUFaNWlLWmlaRVBsTmM0T01sS3UwUUMtZ21PRWI0ZjlPWnhwTXFwZnlUZG45S3Jieko5Y2wxd0tYb01TUmUycVlHX1JuR0FSRHFjNkREcmlQZ1d5UUE?oc=5\" target=\"_blank\" rel=\"nofollow noopener\">En direct, Gaza : le d\u00e9partement d\u2019Etat am\u00e9ricain suspend temporairement la d\u00e9livrance de visas pour les Gazaouis<\/a>&nbsp;&nbsp;Le Monde.fr<\/li>\n<li><a href=\"https:\/\/news.google.com\/rss\/articles\/CBMi4wFBVV95cUxOMjNUaEVvMEVpUmhQemlBUW9DRzVjdGNoRDkzVXJ1Y0s2UE55akFoaktnbE1vTlN3ZVdVMTNZX3cyQ0ZfU3d0V090NjhfNmFEaTgycXR0elVEM2FGQ0wySkxsNVpkaTBTNzNhMGRJZksyc1pCVGRkMVN3UzN1UXVIazl5ekZFemp4S1NpVVk3QVcyMUNEU0xjMU9aT3NlLTNXdW85eEZVU2lmWmtWS0VwdnpXZEZpUFE4dllPcDBvWFE4OXBrZHRib2JsbnBRYVdPVEQtUjYyNHRmR1h3VDhWOXdvdw?oc=5\" target=\"_blank\" rel=\"nofollow noopener\">Guerre \u00e0 Gaza : la diplomatie am\u00e9ricaine suspend ses visas humanitaires pour les Gazaouis<\/a>&nbsp;&nbsp;Sud Ouest<\/li>\n<li><a href=\"https:\/\/news.google.com\/rss\/articles\/CBMiugFBVV95cUxOblF4ckVWUUEyLUZtZExPTFI1RGpfUlQyRVNYTkxtdW8wajhyUHZuOXJYMGJadDhrN3RUUmdXclUxc1Z6Nk1ScHBUczJiVjRtaGlteFJmWWdYZ3RKR202Ym80QUFNV2RhSVVHT2wzVzNFTmZuVEo2M1VMUGktWWRwY3N4OWRmQjlRSTdNRXpwMzdCNHRrU2IzcDBrNEhsN1ZibHZlM3BidW13NUkzMkktWmxfdFBOYUdyVFHSAb8BQVVfeXFMTTJoOUxTZ2NjRFRwQ0tUYzZhU2RoT1VURU1TbTZjUEdGcjB0Mjc2Y1dNaFRjaTVMNWZnQTRuVUhmcWJhWDlXV1FpaG5kMEF1Y1JxZXNSOXk4aWRBNEhHUUlHd0g1WVdWZENMb3dFT29OMm81OUR5bmlnVjc1a1JpYml0VzNuZzJZTG1TcWF3M2JrZzZ0dTdNOUxxaWtSZV9PSHFCYXE1QTlIb3hxYmtSMmZkc2xXOUVlbXkwZkhuWDA?oc=5\" target=\"_blank\" rel=\"nofollow noopener\">\u00c9tats-Unis : Washington suspend les visas humanitaires pour les Gazaouis apr\u00e8s une pol\u00e9mique<\/a>&nbsp;&nbsp;CNews<\/li>\n<li><a href=\"https:\/\/news.google.com\/rss\/articles\/CBMiwgFBVV95cUxQRHJVR2VORlBUNWZ6RkxmZGZMNE1fQW9HOHhkRGFURHBERFVBVU5HTnJRS2MycndubDcwRTNMdVozQzY0azNPVzFPVFR0azZRaDFpcHprUHNlT19nQWg1T3R2TnZPVzJQblY4MjNDSi15VF9zd0JfU1lqWDhmazRKaW5LVXVPMng2M1Y5MVI0MDlYVTJfemZjREY3bHkyOFNCNU9USE9zV3huRENaOGxvMnlUR2xPMkZxbnBsc2NQdDNvZw?oc=5\" target=\"_blank\" rel=\"nofollow noopener\">\u00c9tats-Unis : les visas de s\u00e9jour temporaire suspendus pour les Gazaouis<\/a>&nbsp;&nbsp;Le Point<\/li>\n<li><a href=\"https:\/\/news.google.com\/rss\/articles\/CBMi9gFBVV95cUxNSTRTTmc4OHQzR2xXYUEyTE8xX3htSkFZSFYxSE5UcGdDaWhtakxHbnNVSTk0VDB4Qk9reFVJeF9VOE9tVHJ5Z0ZpZWdrbUhtdFEwMjZEVnpPcDRSLUoxMnVzMUJKdm5MS3I4X1VFVE5sQ3Y3TDMySHMtVENETWdxN3ViaWowOF9vOWljZ3RHc0NSc3VkNm8tRk9DYzFaSzFhM09YLTJuWHJkUVUtQjViMG90WU13am1kNWtKS2dfenlYTm9hbzU0NzJsczBuaHJvdDhFWFVjT2hIb05kcWkzaFVBZWhnbXhYNWZ0NkRsaDZuU2E0bFE?oc=5\" target=\"_blank\" rel=\"nofollow noopener\">Gaza : la diplomatie am\u00e9ricaine suspend ses visas humanitaires pour les r\u00e9fugi\u00e9s gazaouis<\/a>&nbsp;&nbsp;Ouest-France<\/li>\n<\/ol>\n","protected":false},"excerpt":{"rendered":"En direct, Gaza : le d\u00e9partement d\u2019Etat am\u00e9ricain suspend temporairement la d\u00e9livrance de visas pour les Gazaouis&nbsp;&nbsp;Le Monde.fr&hellip;\n","protected":false},"author":2,"featured_media":323560,"comment_status":"","ping_status":"","sticky":false,"template":"","format":"standard","meta":{"footnotes":""},"categories":[5],"tags":[11,1011,27,14,12,28],"class_list":{"0":"post-323559","1":"post","2":"type-post","3":"status-publish","4":"format-standard","5":"has-post-thumbnail","7":"category-international","8":"tag-actualites","9":"tag-fr","10":"tag-france","11":"tag-international","12":"tag-news","13":"tag-world"},"share_on_mastodon":{"url":"https:\/\/pubeurope.com\/@fr\/115040382212643005","error":""},"_links":{"self":[{"href":"https:\/\/www.europesays.com\/fr\/wp-json\/wp\/v2\/posts\/323559","targetHints":{"allow":["GET"]}}],"collection":[{"href":"https:\/\/www.europesays.com\/fr\/wp-json\/wp\/v2\/posts"}],"about":[{"href":"https:\/\/www.europesays.com\/fr\/wp-json\/wp\/v2\/types\/post"}],"author":[{"embeddable":true,"href":"https:\/\/www.europesays.com\/fr\/wp-json\/wp\/v2\/users\/2"}],"replies":[{"embeddable":true,"href":"https:\/\/www.europesays.com\/fr\/wp-json\/wp\/v2\/comments?post=323559"}],"version-history":[{"count":0,"href":"https:\/\/www.europesays.com\/fr\/wp-json\/wp\/v2\/posts\/323559\/revisions"}],"wp:featuredmedia":[{"embeddable":true,"href":"https:\/\/www.europesays.com\/fr\/wp-json\/wp\/v2\/media\/323560"}],"wp:attachment":[{"href":"https:\/\/www.europesays.com\/fr\/wp-json\/wp\/v2\/media?parent=323559"}],"wp:term":[{"taxonomy":"category","embeddable":true,"href":"https:\/\/www.europesays.com\/fr\/wp-json\/wp\/v2\/categories?post=323559"},{"taxonomy":"post_tag","embeddable":true,"href":"https:\/\/www.europesays.com\/fr\/wp-json\/wp\/v2\/tags?post=323559"}],"curies":[{"name":"wp","href":"https:\/\/api.w.org\/{rel}","templated":true}]}}