{"id":323561,"date":"2025-08-16T20:41:13","date_gmt":"2025-08-16T20:41:13","guid":{"rendered":"https:\/\/www.europesays.com\/fr\/323561\/"},"modified":"2025-08-16T20:41:13","modified_gmt":"2025-08-16T20:41:13","slug":"le-conducteur-est-poursuivi-pour-homicide-routier","status":"publish","type":"post","link":"https:\/\/www.europesays.com\/fr\/323561\/","title":{"rendered":"le conducteur est poursuivi pour homicide routier"},"content":{"rendered":"<p>Ce samedi 16 ao\u00fbt, \u00e0 l\u2019issue de sa garde \u00e0 vue \u00e0 la gendarmerie de Lure, le <a href=\"https:\/\/www.estrepublicain.fr\/faits-divers-justice\/2025\/08\/15\/accident-mortel-sur-la-rn-19-a-genevreuille-le-conducteur-du-van-en-garde-a-vue\" target=\"_blank\" rel=\"noopener\">conducteur du van<\/a> \u00e0 l\u2019origine de <a href=\"https:\/\/www.estrepublicain.fr\/faits-divers-justice\/2025\/08\/13\/un-motard-et-sa-passagere-perdent-la-vie-dans-un-accident-a-genevreuille-la-rn19-coupee-a-la-circulation\" target=\"_blank\" rel=\"noopener\">l\u2019accident qui a co\u00fbt\u00e9 la vie \u00e0 un couple de motards c\u00f4te-d\u2019oriens mercredi<\/a> a \u00e9t\u00e9 remis en libert\u00e9 et plac\u00e9 sous contr\u00f4le judiciaire.<\/p>\n<p>Le parquet de Vesoul indique que ce quinquag\u00e9naire, domicili\u00e9 en Alsace et sans ant\u00e9c\u00e9dent judiciaire, est poursuivi pour double homicide routier sous l\u2019emprise d\u2019un \u00e9tat alcoolique. Il sera convoqu\u00e9 devant le tribunal de Vesoul le 9 octobre prochain.<\/p>\n<p>Ce contenu est bloqu\u00e9 car vous n&rsquo;avez pas accept\u00e9 les cookies et autres traceurs.<\/p>\n<p>En cliquant sur \u00ab J\u2019accepte \u00bb, les cookies et autres traceurs seront d\u00e9pos\u00e9s et vous pourrez visualiser les contenus  (<a href=\"\" class=\"consentModule_policy\" target=\"_blank\" title=\"Consulter la politique de protection des donn\u00e9es du fournisseur\">plus d&rsquo;informations<\/a>).<\/p>\n<p>En cliquant sur \u00ab J\u2019accepte tous les cookies \u00bb, vous autorisez des d\u00e9p\u00f4ts de cookies et autres traceurs pour le stockage de vos donn\u00e9es sur nos sites et applications \u00e0 des fins de personnalisation et de ciblage publicitaire.<\/p>\n<p class=\"consentModule_secondaryText\">Vous gardez la possibilit\u00e9 de retirer votre consentement \u00e0 tout moment en consultant notre <a href=\"https:\/\/www.estrepublicain.fr\/protection-des-donnees\" target=\"_blank\" title=\"Consulter notre politique de protection des donn\u00e9es\" rel=\"noopener\">politique de protection des donn\u00e9es<\/a>. <br \/>&#13;<br \/>\n            <a href=\"https:\/\/www.estrepublicain.fr\/faits-divers-justice\/2025\/08\/16\/javascript:Didomi.notice.show()\" class=\"consentModule_cmp\" target=\"_blank\" rel=\"noopener\">G\u00e9rer mes choix<\/a>&#13;\n        <\/p>\n<p>&#13;<br \/>\n                        J&rsquo;accepte&#13;<br \/>\n            J&rsquo;accepte tous les cookies&#13;\n        <\/p>\n<p>  Interdiction de conduire \u00ab tout v\u00e9hicule terrestre \u00bb<\/p>\n<p>D\u2019ici l\u00e0, son contr\u00f4le judiciaire lui interdit de conduire \u00ab tout v\u00e9hicule terrestre \u00e0 moteur \u00bb et lui impose une obligation de soins.<\/p>\n<p>Mercredi 13 ao\u00fbt, alors qu\u2019il circulait sur la RN 19 entre Vesoul et Lure, l\u2019automobiliste s\u2019\u00e9tait d\u00e9port\u00e9 sur la gauche et avait percut\u00e9 frontalement une moto qui arrivait en face. Une collision fatale au motard et \u00e0 sa passag\u00e8re, \u00e2g\u00e9s de 65 et 66 ans. Le contr\u00f4le pratiqu\u00e9 apr\u00e8s l\u2019accident a r\u00e9v\u00e9l\u00e9 un taux d\u2019alcool de 2,91 grammes par litre de sang, soit pr\u00e8s de six fois le maximum autoris\u00e9 (0,5 gramme). Cette alcool\u00e9mie a fait l\u2019objet d\u2019une contre-expertise \u00e0 la demande de l\u2019int\u00e9ress\u00e9.<\/p>\n<p><a title=\"Relanc\u00e9 apr\u00e8s l&#039;affaire Palmade, le d\u00e9lit \u00ab d&#039;homicide routier \u00bb ent\u00e9rin\u00e9 par le Parlement\" href=\"https:\/\/www.estrepublicain.fr\/faits-divers-justice\/2025\/07\/01\/relance-apres-l-affaire-palmade-le-delit-d-homicide-routier-enterine-au-parlement\" target=\"_blank\" rel=\"noopener\">L\u2019homicide routier<\/a>, dont il devra r\u00e9pondre, est un nouveau d\u00e9lit \u00e9tabli par la loi du 9 juillet 2025. Il est constitu\u00e9 en cas d\u2019accident mortel caus\u00e9 par un automobiliste \u00e0 la suite d\u2019une conduite d\u00e9lib\u00e9r\u00e9ment \u00e0 risque. Peine encourue : sept ans de prison et jusqu\u2019\u00e0 100 000 \u20ac d\u2019amende.<\/p>\n","protected":false},"excerpt":{"rendered":"Ce samedi 16 ao\u00fbt, \u00e0 l\u2019issue de sa garde \u00e0 vue \u00e0 la gendarmerie de Lure, le conducteur&hellip;\n","protected":false},"author":2,"featured_media":323562,"comment_status":"","ping_status":"","sticky":false,"template":"","format":"standard","meta":{"footnotes":""},"categories":[4],"tags":[119,11,31199,271,272,8698,274,1011,27,46092,3671,12,11058,25],"class_list":{"0":"post-323561","1":"post","2":"type-post","3":"status-publish","4":"format-standard","5":"has-post-thumbnail","7":"category-france","8":"tag-accident","9":"tag-actualites","10":"tag-cc-du-pays-de-lure-70a","11":"tag-crime","12":"tag-delit-et-contravention","13":"tag-edition-vesoul-haute-saone","14":"tag-faits-divers-justice","15":"tag-fr","16":"tag-france","17":"tag-genevreuille","18":"tag-haute-saone","19":"tag-news","20":"tag-region-franche-comte","21":"tag-republique-francaise"},"share_on_mastodon":{"url":"https:\/\/pubeurope.com\/@fr\/115040386078439257","error":""},"_links":{"self":[{"href":"https:\/\/www.europesays.com\/fr\/wp-json\/wp\/v2\/posts\/323561","targetHints":{"allow":["GET"]}}],"collection":[{"href":"https:\/\/www.europesays.com\/fr\/wp-json\/wp\/v2\/posts"}],"about":[{"href":"https:\/\/www.europesays.com\/fr\/wp-json\/wp\/v2\/types\/post"}],"author":[{"embeddable":true,"href":"https:\/\/www.europesays.com\/fr\/wp-json\/wp\/v2\/users\/2"}],"replies":[{"embeddable":true,"href":"https:\/\/www.europesays.com\/fr\/wp-json\/wp\/v2\/comments?post=323561"}],"version-history":[{"count":0,"href":"https:\/\/www.europesays.com\/fr\/wp-json\/wp\/v2\/posts\/323561\/revisions"}],"wp:featuredmedia":[{"embeddable":true,"href":"https:\/\/www.europesays.com\/fr\/wp-json\/wp\/v2\/media\/323562"}],"wp:attachment":[{"href":"https:\/\/www.europesays.com\/fr\/wp-json\/wp\/v2\/media?parent=323561"}],"wp:term":[{"taxonomy":"category","embeddable":true,"href":"https:\/\/www.europesays.com\/fr\/wp-json\/wp\/v2\/categories?post=323561"},{"taxonomy":"post_tag","embeddable":true,"href":"https:\/\/www.europesays.com\/fr\/wp-json\/wp\/v2\/tags?post=323561"}],"curies":[{"name":"wp","href":"https:\/\/api.w.org\/{rel}","templated":true}]}}