{"id":323567,"date":"2025-08-16T20:55:50","date_gmt":"2025-08-16T20:55:50","guid":{"rendered":"https:\/\/www.europesays.com\/fr\/323567\/"},"modified":"2025-08-16T20:55:50","modified_gmt":"2025-08-16T20:55:50","slug":"moselle-apres-deux-mois-de-cavale-un-detenu-evade-de-nancy-rattrape-2","status":"publish","type":"post","link":"https:\/\/www.europesays.com\/fr\/323567\/","title":{"rendered":"Moselle. Apr\u00e8s deux mois de cavale, un d\u00e9tenu \u00e9vad\u00e9 de Nancy rattrap\u00e9"},"content":{"rendered":"<p>L&rsquo;interpellation a sign\u00e9 la fin d&rsquo;une cavale de deux mois. Un homme \u00e2g\u00e9 de 32 ans a \u00e9t\u00e9 arr\u00eat\u00e9 le 6 ao\u00fbt dans le cadre d&rsquo;une op\u00e9ration en pr\u00e9sence du Raid \u00e0 Woippy (Moselle), pr\u00e8s de Metz, selon <a href=\"https:\/\/www.estrepublicain.fr\/faits-divers-justice\/2025\/08\/13\/fin-de-cavale-pour-le-detenu-evade-de-sa-chambre-cellule\" target=\"_blank\" rel=\"noopener\">L&rsquo;Est R\u00e9publicain.<\/a> Au cours de la nuit de mardi \u00e0 mercredi 11 juin, le d\u00e9tenu extrait la veille du centre p\u00e9nitentiaire de Metz, s&rsquo;\u00e9tait \u00e9vad\u00e9 par la fen\u00eatre de sa chambre-cellule de l&rsquo;unit\u00e9 hospitali\u00e8re s\u00e9curis\u00e9e interr\u00e9gionale (UHSI) de Nancy. Il restait depuis introuvable.<\/p>\n<p>Ce contenu est bloqu\u00e9 car vous n&rsquo;avez pas accept\u00e9 les cookies et autres traceurs.<\/p>\n<p>En cliquant sur \u00ab J\u2019accepte \u00bb, les cookies et autres traceurs seront d\u00e9pos\u00e9s et vous pourrez visualiser les contenus  (<a href=\"\" class=\"consentModule_policy\" target=\"_blank\" title=\"Consulter la politique de protection des donn\u00e9es du fournisseur\">plus d&rsquo;informations<\/a>).<\/p>\n<p>En cliquant sur \u00ab J\u2019accepte tous les cookies \u00bb, vous autorisez des d\u00e9p\u00f4ts de cookies et autres traceurs pour le stockage de vos donn\u00e9es sur nos sites et applications \u00e0 des fins de personnalisation et de ciblage publicitaire.<\/p>\n<p class=\"consentModule_secondaryText\">Vous gardez la possibilit\u00e9 de retirer votre consentement \u00e0 tout moment en consultant notre <a href=\"https:\/\/www.ledauphine.com\/protection-des-donnees\" target=\"_blank\" title=\"Consulter notre politique de protection des donn\u00e9es\" rel=\"noopener\">politique de protection des donn\u00e9es<\/a>. <br \/>&#13;<br \/>\n            <a href=\"https:\/\/www.ledauphine.com\/faits-divers-justice\/2025\/08\/14\/javascript:Didomi.notice.show()\" class=\"consentModule_cmp\" target=\"_blank\" rel=\"noopener\">G\u00e9rer mes choix<\/a>&#13;\n        <\/p>\n<p>&#13;<br \/>\n                        J&rsquo;accepte&#13;<br \/>\n            J&rsquo;accepte tous les cookies&#13;\n        <\/p>\n<p>Atteintes aux biens, infractions routi\u00e8res, outrages, usages de stup\u00e9fiants, violences&#8230; L&rsquo;homme, \u00ab au casier tr\u00e8s charg\u00e9\u00a0\u00bb, selon le parquet de Metz, \u00e9tait initialement lib\u00e9rable en janvier 2028. Sa cavale a pris fin le 6 ao\u00fbt : le Mosellan a \u00e9t\u00e9 interpell\u00e9 avec le renfort des fonctionnaires du Raid apr\u00e8s avoir menac\u00e9 de mort son ex-compagne avec une arme de poing. La victime avait d\u00e9pos\u00e9 plainte. L&rsquo;\u00e9vad\u00e9 a \u00e9t\u00e9 plac\u00e9 en d\u00e9tention provisoire et sera jug\u00e9 le 26 septembre pour ces faits.<\/p>\n<p class=\"note\">&gt;&gt; Lire l&rsquo;article de <a href=\"https:\/\/www.estrepublicain.fr\/faits-divers-justice\/2025\/08\/13\/fin-de-cavale-pour-le-detenu-evade-de-sa-chambre-cellule\" target=\"_blank\" rel=\"noopener\">L&rsquo;Est R\u00e9publicain<\/a>. <\/p>\n","protected":false},"excerpt":{"rendered":"L&rsquo;interpellation a sign\u00e9 la fin d&rsquo;une cavale de deux mois. Un homme \u00e2g\u00e9 de 32 ans a \u00e9t\u00e9&hellip;\n","protected":false},"author":2,"featured_media":320730,"comment_status":"","ping_status":"","sticky":false,"template":"","format":"standard","meta":{"footnotes":""},"categories":[9635],"tags":[1111,11,271,272,1777,674,274,107,1011,27,329,775,1702,12,25],"class_list":{"0":"post-323567","1":"post","2":"type-post","3":"status-publish","4":"format-standard","5":"has-post-thumbnail","7":"category-nancy","8":"tag-actu","9":"tag-actualites","10":"tag-crime","11":"tag-delit-et-contravention","12":"tag-eu","13":"tag-europe","14":"tag-faits-divers-justice","15":"tag-fil-info","16":"tag-fr","17":"tag-france","18":"tag-france-monde","19":"tag-grand-est","20":"tag-nancy","21":"tag-news","22":"tag-republique-francaise"},"share_on_mastodon":{"url":"https:\/\/pubeurope.com\/@fr\/115040444939978160","error":""},"_links":{"self":[{"href":"https:\/\/www.europesays.com\/fr\/wp-json\/wp\/v2\/posts\/323567","targetHints":{"allow":["GET"]}}],"collection":[{"href":"https:\/\/www.europesays.com\/fr\/wp-json\/wp\/v2\/posts"}],"about":[{"href":"https:\/\/www.europesays.com\/fr\/wp-json\/wp\/v2\/types\/post"}],"author":[{"embeddable":true,"href":"https:\/\/www.europesays.com\/fr\/wp-json\/wp\/v2\/users\/2"}],"replies":[{"embeddable":true,"href":"https:\/\/www.europesays.com\/fr\/wp-json\/wp\/v2\/comments?post=323567"}],"version-history":[{"count":0,"href":"https:\/\/www.europesays.com\/fr\/wp-json\/wp\/v2\/posts\/323567\/revisions"}],"wp:featuredmedia":[{"embeddable":true,"href":"https:\/\/www.europesays.com\/fr\/wp-json\/wp\/v2\/media\/320730"}],"wp:attachment":[{"href":"https:\/\/www.europesays.com\/fr\/wp-json\/wp\/v2\/media?parent=323567"}],"wp:term":[{"taxonomy":"category","embeddable":true,"href":"https:\/\/www.europesays.com\/fr\/wp-json\/wp\/v2\/categories?post=323567"},{"taxonomy":"post_tag","embeddable":true,"href":"https:\/\/www.europesays.com\/fr\/wp-json\/wp\/v2\/tags?post=323567"}],"curies":[{"name":"wp","href":"https:\/\/api.w.org\/{rel}","templated":true}]}}