{"id":323568,"date":"2025-08-16T20:57:10","date_gmt":"2025-08-16T20:57:10","guid":{"rendered":"https:\/\/www.europesays.com\/fr\/323568\/"},"modified":"2025-08-16T20:57:10","modified_gmt":"2025-08-16T20:57:10","slug":"un-candidat-aux-municipales-de-toulon-interpelle-pour-une-serie-dimpostures","status":"publish","type":"post","link":"https:\/\/www.europesays.com\/fr\/323568\/","title":{"rendered":"Un candidat aux municipales de Toulon interpell\u00e9 pour une s\u00e9rie d\u2019impostures"},"content":{"rendered":"<p><strong>Le jeune homme de 18 ans, vis\u00e9 par un mandat de recherche, est soup\u00e7onn\u00e9 d\u2019avoir usurp\u00e9 plusieurs identit\u00e9s pour commettre des escroqueries.<\/strong><\/p>\n<p>Eddie Goujit, qui avait annonc\u00e9 sa candidature aux \u00e9lections municipales de 2026 \u00e0 Toulon, a \u00e9t\u00e9 interpell\u00e9 lundi dans l\u2019Ard\u00e8che. Le jeune homme, \u00e2g\u00e9 de 18 ans, faisait l\u2019objet d\u2019un mandat de recherche depuis plusieurs mois dans le cadre d\u2019une enqu\u00eate pour escroquerie, faux et usage de faux, ainsi qu\u2019usurpation de fonction.<\/p>\n<p>Selon les \u00e9l\u00e9ments de l\u2019enqu\u00eate, il aurait abus\u00e9 de plusieurs personnes en se pr\u00e9sentant sous de fausses identit\u00e9s, notamment comme \u00e9lu r\u00e9gional, collaborateur de la maire de Toulon, ou encore proche de personnalit\u00e9s politiques locales. Ces man\u0153uvres, qui se seraient d\u00e9roul\u00e9es entre 2024 et 2025, lui auraient permis d\u2019obtenir des avantages indus.<\/p>\n<p>Malgr\u00e9 ses d\u00e9clarations publiques affirmant sa volont\u00e9 de coop\u00e9rer avec la justice, il n\u2019avait pas r\u00e9pondu aux convocations des autorit\u00e9s. Plac\u00e9 en garde \u00e0 vue, il fait d\u00e9sormais l\u2019objet d\u2019une proc\u00e9dure judiciaire suivie par la Direction centrale du territoire.<\/p>\n<p>En f\u00e9vrier dernier, il avait ni\u00e9 en bloc les accusations port\u00e9es contre lui, exigeant des preuves concr\u00e8tes. L\u2019affaire, qui suscite des interrogations sur les m\u00e9thodes du candidat, intervient dans un contexte o\u00f9 la cr\u00e9dibilit\u00e9 des aspirants \u00e0 des mandats locaux est scrut\u00e9e avec attention.<\/p>\n","protected":false},"excerpt":{"rendered":"Le jeune homme de 18 ans, vis\u00e9 par un mandat de recherche, est soup\u00e7onn\u00e9 d\u2019avoir usurp\u00e9 plusieurs identit\u00e9s&hellip;\n","protected":false},"author":2,"featured_media":323569,"comment_status":"","ping_status":"","sticky":false,"template":"","format":"standard","meta":{"footnotes":""},"categories":[9619],"tags":[1111,11,1777,674,1011,27,12,882,25,2310],"class_list":{"0":"post-323568","1":"post","2":"type-post","3":"status-publish","4":"format-standard","5":"has-post-thumbnail","7":"category-toulon","8":"tag-actu","9":"tag-actualites","10":"tag-eu","11":"tag-europe","12":"tag-fr","13":"tag-france","14":"tag-news","15":"tag-provence-alpes-cote-dazur","16":"tag-republique-francaise","17":"tag-toulon"},"share_on_mastodon":{"url":"https:\/\/pubeurope.com\/@fr\/115040448848250916","error":""},"_links":{"self":[{"href":"https:\/\/www.europesays.com\/fr\/wp-json\/wp\/v2\/posts\/323568","targetHints":{"allow":["GET"]}}],"collection":[{"href":"https:\/\/www.europesays.com\/fr\/wp-json\/wp\/v2\/posts"}],"about":[{"href":"https:\/\/www.europesays.com\/fr\/wp-json\/wp\/v2\/types\/post"}],"author":[{"embeddable":true,"href":"https:\/\/www.europesays.com\/fr\/wp-json\/wp\/v2\/users\/2"}],"replies":[{"embeddable":true,"href":"https:\/\/www.europesays.com\/fr\/wp-json\/wp\/v2\/comments?post=323568"}],"version-history":[{"count":0,"href":"https:\/\/www.europesays.com\/fr\/wp-json\/wp\/v2\/posts\/323568\/revisions"}],"wp:featuredmedia":[{"embeddable":true,"href":"https:\/\/www.europesays.com\/fr\/wp-json\/wp\/v2\/media\/323569"}],"wp:attachment":[{"href":"https:\/\/www.europesays.com\/fr\/wp-json\/wp\/v2\/media?parent=323568"}],"wp:term":[{"taxonomy":"category","embeddable":true,"href":"https:\/\/www.europesays.com\/fr\/wp-json\/wp\/v2\/categories?post=323568"},{"taxonomy":"post_tag","embeddable":true,"href":"https:\/\/www.europesays.com\/fr\/wp-json\/wp\/v2\/tags?post=323568"}],"curies":[{"name":"wp","href":"https:\/\/api.w.org\/{rel}","templated":true}]}}