{"id":323574,"date":"2025-08-16T21:01:23","date_gmt":"2025-08-16T21:01:23","guid":{"rendered":"https:\/\/www.europesays.com\/fr\/323574\/"},"modified":"2025-08-16T21:01:23","modified_gmt":"2025-08-16T21:01:23","slug":"hockey-sur-glace-rouen","status":"publish","type":"post","link":"https:\/\/www.europesays.com\/fr\/323574\/","title":{"rendered":"Hockey sur glace &#8211; Rouen"},"content":{"rendered":"<p>Rouen a battu Angers 5-2 lors du premier match de pr\u00e9paration des deux \u00e9quipes, \u00e0 la patinoire de l\u2019\u00eele Lacroix, aux guichets ferm\u00e9s a annonc\u00e9 le club normand. Apr\u00e8s une entame \u00e9quilibr\u00e9, le RHE a ouvert le score en inf\u00e9riorit\u00e9 par Anthony Rech (1-0 \u00e0 6\u201908) en duel avec O\u2019Connor apr\u00e8s que l\u2019ailier eu press\u00e9 Rouhiainen lors d\u2019une relance apathique du Finlandais. Ensuite, Angers n\u2019a pas trouv\u00e9 la cl\u00e9 pour \u00e9galiser.<\/p>\n<p>Au d\u00e9but du tiers m\u00e9dian, c\u2019est de nouveau en inf\u00e9riorit\u00e9 que les Rouennais ont doubl\u00e9 la marque en \u00e9chapp\u00e9e par les mains de la recrue James Phelan. Le joueur de centre a pris de vitesse la d\u00e9fensive angevine sur un revirement caus\u00e9 par Robin Gaborit en entr\u00e9e de zone (2-0 \u00e0 21\u201921). Le deuxi\u00e8me vingt minutes a \u00e9t\u00e9 hach\u00e9 par plusieurs prisons ce qui n\u2019a pas permis de r\u00f4der les jeux \u00e0 cinq contre cinq.<\/p>\n<p><img fetchpriority=\"high\" decoding=\"async\" class=\"size-full wp-image-20273033\" src=\"data:image\/svg+xml,%3Csvg%20xmlns=\" http:=\"\" alt=\"ill rou ang 20250815010\" width=\"752\" height=\"502\" data-lazy- data-lazy- data-lazy-src=\"https:\/\/www.europesays.com\/fr\/wp-content\/uploads\/2025\/08\/ill-rou-ang-20250815010.jpg\"\/>ill rou ang 20250815010<\/p>\n<p>La fatigue rendant les pressing moins vif, la foule rouennaise, pleine d\u2019envie \u00e0 l\u2019\u00e9gard de la prochaine saison, a commenc\u00e9 \u00e0 voir des jeux de passes dans le dernier tiers. Les Dragons ont conc\u00e9d\u00e9 le 2-1 au d\u00e9but de la derni\u00e8re p\u00e9riode. Sur un contre surnum\u00e9raire, c\u2019est Tavernier dans le cercle droit qui a fructifi\u00e9 une longue passe transversale de Halley (2-1 \u00e0 41\u201932). N\u00e9anmoins, la fin de la rencontre n\u2019a pas \u00e9t\u00e9 tendue car les locataires de P\u00e9chalat ont ajout\u00e9 trois buts assez rapproch\u00e9s. Chakiachvili \u00e0 mi-distance (3-1 \u00e0 45\u201903). Simonsen a cach\u00e9 son tir sous la barre jusqu\u2019au dernier moment (4-1 \u00e0 45\u201959). Lafrance avec un lancer balay\u00e9 sans r\u00e9ception contr\u00e9 du patin par Villard (5-1 \u00e0 57\u201949). Cependant, Sarli\u00e8ve a saisi une derni\u00e8re opportunit\u00e9 frappant un palet voltigeur devant la cage (5-2 \u00e0 57\u201949).<\/p>\n<p><img loading=\"lazy\" decoding=\"async\" class=\"size-full wp-image-20273037\" src=\"data:image\/svg+xml,%3Csvg%20xmlns=\" http:=\"\" alt=\"ill rou ang 20250815173\" width=\"752\" height=\"502\" data-lazy- data-lazy- data-lazy-src=\"https:\/\/www.europesays.com\/fr\/wp-content\/uploads\/2025\/08\/ill-rou-ang-20250815173.jpg\"\/>ill rou ang 20250815173<\/p>\n<p>Le bloc bas rouennais prot\u00e9geant la cage a montr\u00e9 une bonne attitude. Avec peu de changement dans son effectif Angers a fait des sorties et entr\u00e9es de zone (\u00e0 cinq) correctes.<\/p>\n<p>Carl Mallette, le coach Rouennais a \u00e9t\u00e9 salu\u00e9 par le public lors de l\u2019\u00e9num\u00e9ration des effectifs. Il a int\u00e9gr\u00e9 tous les nouveaux Dragons sauf Delvaille rest\u00e9 en civil. Carruth a \u00e9t\u00e9 tr\u00e8s solide devant sa cage. L\u2019entra\u00eeneur d\u2019Angers, Jonathan Paredes, lui, priv\u00e9 de plusieurs cadres (Manning, Onno, Charbonneau), a int\u00e9gr\u00e9 deux jeunes licences bleues (Groussaud et Guillot). Il a aussi lanc\u00e9 trois de ses nouveaux arrivants (Centazzo, Kerbashian, Viksten) align\u00e9s sur la m\u00eame ligne. Le trio n\u2019a pas marqu\u00e9 de point. Les renforts Seino-marin Phelan et Lafrance ont marqu\u00e9 leur premier but. Holway et Tessier, eux, leur premi\u00e8re assistance. Prochains matches de pr\u00e9paration, en Suisse, \u00e0 Ajoie ce dimanche pour les Normands. Angers recevra Cergy vendredi 22 ao\u00fbt.<\/p>\n<p><img loading=\"lazy\" decoding=\"async\" class=\"size-full wp-image-20273036\" src=\"data:image\/svg+xml,%3Csvg%20xmlns=\" http:=\"\" alt=\"ill rou ang 20250815132\" width=\"752\" height=\"502\" data-lazy- data-lazy- data-lazy-src=\"https:\/\/www.europesays.com\/fr\/wp-content\/uploads\/2025\/08\/ill-rou-ang-20250815132.jpg\"\/>ill rou ang 20250815132<\/p>\n<p>Rouen \u2013 Angers 5-2 (1-0, 1-0, 3-2)<br \/>Vendredi 15 aout 2025 \u00e0 16h00, \u00e0 la patinoire Nathalie Pechalat.<br \/>Arbitres : Alexandre Bourreau et Adrien Ernecq assist\u00e9s de Joffrey Yssembourg et Thomas Simon<br \/>P\u00e9nalit\u00e9s : Rouen 16\u2032 (4\u2032, 10\u2032, 2\u2032) ; Angers 4\u2032 (0\u2032, 4\u2032, 0\u2032)<br \/>Sup\u00e9riorit\u00e9s : Rouen 0\/1 ; Angers 0\/6<\/p>\n<p>\u00c9volution du score :<br \/>1-0 \u00e0 06\u201908 : Rech (inf.num.)<br \/>2-0 \u00e0 21\u201921 : Phelan assist\u00e9 de Nesa (inf.num.)<br \/>2-1 \u00e0 41\u201932 : Tavernier assist\u00e9 de Halley et Llorca<br \/>3-1 \u00e0 45\u201903 : Chakiachvili assist\u00e9 de Lafrance et Holway<br \/>4-1 \u00e0 45\u201959 : Simonsen<br \/>5-1 \u00e0 53\u201945 : Lafrance assist\u00e9 de Simonsen et Tessier<br \/>5-2 \u00e0 57\u201949 : Sarli\u00e8ve assist\u00e9 de Ritz et Cap<\/p>\n<p>Rouen<\/p>\n<p>Attaquants:<br \/>Anthony Rech \u2013 Michael Regush \u2013 Chase Gresok<br \/>Simon Lafrance \u2013 Julien Tessier \u2013 Tomas Simonsen<br \/>Lo\u00efc Lamp\u00e9rier (C) \u2013 James Phelan \u2013 Rolands Vigners<br \/>Vincent Nesa \u2013 Robin Colomban \u2013 Tommy Perret<\/p>\n<p>Arri\u00e8res:<br \/>Florian Chakiachvili (A) \u2013 Patrick Holway<br \/>Pier-Olivier Roy \u2013 Gustav Bouramman<br \/>Dylan Yeo (A) \u2013 Charles Schmitt<br \/>Matt\u00e9o Perdrix<\/p>\n<p>Gardien:<br \/>Mac Carruth<\/p>\n<p>Rempla\u00e7ant : Lucas Mugnier (G). Absents : Arthur Delvaille et Arthur Daubeuf<\/p>\n<p>Angers<\/p>\n<p>Attaquants :<br \/>Marius Serer \u2013 Romain Gutierrez \u2013 Robin Gaborit (C)<br \/>Orrin Centazzo \u2013 Kale Kerbashian \u2013 Daniel Viksten<br \/>C\u00e9dric Di Dio Balsamo \u2013 Philippe Halley (A) \u2013 Sami Tavernier<br \/>Louis Groussaud \u2013 Nicolas Ritz \u2013 T\u00e9o Sarli\u00e8ve<\/p>\n<p>Arri\u00e8res :<br \/>Ethan Cap \u2013 Matt Prapavessis<br \/>Enzo Villard \u2013 Jere Rouhiainen<br \/>Nicolas Guillot \u2013 Vincent Llorca<\/p>\n<p>Gardien :<br \/>Matt O\u2019Connor<\/p>\n<p>Rempla\u00e7ant : Elliot L\u00e9v\u00eaque (G). Absents : Neil Manning, Lucien Onno, Jordan Herv\u00e9, Jonathan Charbonneau et Noa Besson.<\/p>\n<p><img loading=\"lazy\" decoding=\"async\" class=\"size-full wp-image-20273044\" src=\"data:image\/svg+xml,%3Csvg%20xmlns=\" http:=\"\" alt=\"ill rou ang 20250815326\" width=\"752\" height=\"502\" data-lazy- data-lazy- data-lazy-src=\"https:\/\/www.europesays.com\/fr\/wp-content\/uploads\/2025\/08\/ill-rou-ang-20250815326.jpg\"\/>ill rou ang 20250815326<br \/>\n<img loading=\"lazy\" decoding=\"async\" class=\"size-full wp-image-20273043\" src=\"data:image\/svg+xml,%3Csvg%20xmlns=\" http:=\"\" alt=\"ill rou ang 20250815313\" width=\"752\" height=\"502\" data-lazy- data-lazy- data-lazy-src=\"https:\/\/www.europesays.com\/fr\/wp-content\/uploads\/2025\/08\/ill-rou-ang-20250815313.jpg\"\/>ill rou ang 20250815313<br \/>\n<img loading=\"lazy\" decoding=\"async\" class=\"size-full wp-image-20273030\" src=\"data:image\/svg+xml,%3Csvg%20xmlns=\" http:=\"\" alt=\"ill rou ang 20250815381\" width=\"752\" height=\"502\" data-lazy- data-lazy- data-lazy-src=\"https:\/\/www.europesays.com\/fr\/wp-content\/uploads\/2025\/08\/ill-rou-ang-20250815381.jpg\"\/>ill rou ang 20250815381<br \/>\n<img loading=\"lazy\" decoding=\"async\" class=\"size-full wp-image-20273034\" src=\"data:image\/svg+xml,%3Csvg%20xmlns=\" http:=\"\" alt=\"ill rou ang 20250815043\" width=\"752\" height=\"502\" data-lazy- data-lazy- data-lazy-src=\"https:\/\/www.europesays.com\/fr\/wp-content\/uploads\/2025\/08\/ill-rou-ang-20250815043.jpg\"\/>ill rou ang 20250815043<br \/>\n<img loading=\"lazy\" decoding=\"async\" class=\"size-full wp-image-20273038\" src=\"data:image\/svg+xml,%3Csvg%20xmlns=\" http:=\"\" alt=\"ill rou ang 20250815198\" width=\"752\" height=\"502\" data-lazy- data-lazy- data-lazy-src=\"https:\/\/www.europesays.com\/fr\/wp-content\/uploads\/2025\/08\/ill-rou-ang-20250815198.jpg\"\/>ill rou ang 20250815198<br \/>\n<img loading=\"lazy\" decoding=\"async\" class=\"size-full wp-image-20273042\" src=\"data:image\/svg+xml,%3Csvg%20xmlns=\" http:=\"\" alt=\"ill rou ang 20250815311\" width=\"752\" height=\"502\" data-lazy- data-lazy- data-lazy-src=\"https:\/\/www.europesays.com\/fr\/wp-content\/uploads\/2025\/08\/ill-rou-ang-20250815311.jpg\"\/>ill rou ang 20250815311<br \/>\n<img loading=\"lazy\" decoding=\"async\" class=\"size-full wp-image-20273041\" src=\"data:image\/svg+xml,%3Csvg%20xmlns=\" http:=\"\" alt=\"ill rou ang 20250815296\" width=\"752\" height=\"502\" data-lazy- data-lazy- data-lazy-src=\"https:\/\/www.europesays.com\/fr\/wp-content\/uploads\/2025\/08\/ill-rou-ang-20250815296.jpg\"\/>ill rou ang 20250815296<br \/>\n<img loading=\"lazy\" decoding=\"async\" class=\"size-full wp-image-20273039\" src=\"data:image\/svg+xml,%3Csvg%20xmlns=\" http:=\"\" alt=\"ill rou ang 20250815225\" width=\"752\" height=\"502\" data-lazy- data-lazy- data-lazy-src=\"https:\/\/www.europesays.com\/fr\/wp-content\/uploads\/2025\/08\/ill-rou-ang-20250815225.jpg\"\/>ill rou ang 20250815225<br \/>\n<img loading=\"lazy\" decoding=\"async\" class=\"size-full wp-image-20273040\" src=\"data:image\/svg+xml,%3Csvg%20xmlns=\" http:=\"\" alt=\"ill rou ang 20250815293\" width=\"752\" height=\"502\" data-lazy- data-lazy- data-lazy-src=\"https:\/\/www.europesays.com\/fr\/wp-content\/uploads\/2025\/08\/ill-rou-ang-20250815293.jpg\"\/>ill rou ang 20250815293<br \/>\n<img loading=\"lazy\" decoding=\"async\" class=\"size-full wp-image-20273031\" src=\"data:image\/svg+xml,%3Csvg%20xmlns=\" http:=\"\" alt=\"ill rou ang 20250815481\" width=\"752\" height=\"502\" data-lazy- data-lazy- data-lazy-src=\"https:\/\/www.europesays.com\/fr\/wp-content\/uploads\/2025\/08\/ill-rou-ang-20250815481.jpg\"\/>ill rou ang 20250815481<br \/>\n<img loading=\"lazy\" decoding=\"async\" class=\"size-full wp-image-20273029\" src=\"data:image\/svg+xml,%3Csvg%20xmlns=\" http:=\"\" alt=\"ill rou ang 20250815344\" width=\"752\" height=\"502\" data-lazy- data-lazy- data-lazy-src=\"https:\/\/www.europesays.com\/fr\/wp-content\/uploads\/2025\/08\/ill-rou-ang-20250815344.jpg\"\/>ill rou ang 20250815344<br \/>\n<img loading=\"lazy\" decoding=\"async\" class=\"size-full wp-image-20273035\" src=\"data:image\/svg+xml,%3Csvg%20xmlns=\" http:=\"\" alt=\"ill rou ang 20250815099\" width=\"752\" height=\"502\" data-lazy- data-lazy- data-lazy-src=\"https:\/\/www.europesays.com\/fr\/wp-content\/uploads\/2025\/08\/ill-rou-ang-20250815099.jpg\"\/>ill rou ang 20250815099<br \/>\n<img loading=\"lazy\" decoding=\"async\" class=\"size-full wp-image-20273032\" src=\"data:image\/svg+xml,%3Csvg%20xmlns=\" http:=\"\" alt=\"ill rou ang 20250815537\" width=\"752\" height=\"502\" data-lazy- data-lazy- data-lazy-src=\"https:\/\/www.europesays.com\/fr\/wp-content\/uploads\/2025\/08\/ill-rou-ang-20250815537.jpg\"\/>ill rou ang 20250815537<\/p>\n<p>\u00a0<\/p>\n","protected":false},"excerpt":{"rendered":"Rouen a battu Angers 5-2 lors du premier match de pr\u00e9paration des deux \u00e9quipes, \u00e0 la patinoire de&hellip;\n","protected":false},"author":2,"featured_media":323575,"comment_status":"","ping_status":"","sticky":false,"template":"","format":"standard","meta":{"footnotes":""},"categories":[9587],"tags":[1111,11,1777,674,1011,27,12,5161,25,9590],"class_list":{"0":"post-323574","1":"post","2":"type-post","3":"status-publish","4":"format-standard","5":"has-post-thumbnail","7":"category-rouen","8":"tag-actu","9":"tag-actualites","10":"tag-eu","11":"tag-europe","12":"tag-fr","13":"tag-france","14":"tag-news","15":"tag-normandie","16":"tag-republique-francaise","17":"tag-rouen"},"share_on_mastodon":{"url":"https:\/\/pubeurope.com\/@fr\/115040464594323202","error":""},"_links":{"self":[{"href":"https:\/\/www.europesays.com\/fr\/wp-json\/wp\/v2\/posts\/323574","targetHints":{"allow":["GET"]}}],"collection":[{"href":"https:\/\/www.europesays.com\/fr\/wp-json\/wp\/v2\/posts"}],"about":[{"href":"https:\/\/www.europesays.com\/fr\/wp-json\/wp\/v2\/types\/post"}],"author":[{"embeddable":true,"href":"https:\/\/www.europesays.com\/fr\/wp-json\/wp\/v2\/users\/2"}],"replies":[{"embeddable":true,"href":"https:\/\/www.europesays.com\/fr\/wp-json\/wp\/v2\/comments?post=323574"}],"version-history":[{"count":0,"href":"https:\/\/www.europesays.com\/fr\/wp-json\/wp\/v2\/posts\/323574\/revisions"}],"wp:featuredmedia":[{"embeddable":true,"href":"https:\/\/www.europesays.com\/fr\/wp-json\/wp\/v2\/media\/323575"}],"wp:attachment":[{"href":"https:\/\/www.europesays.com\/fr\/wp-json\/wp\/v2\/media?parent=323574"}],"wp:term":[{"taxonomy":"category","embeddable":true,"href":"https:\/\/www.europesays.com\/fr\/wp-json\/wp\/v2\/categories?post=323574"},{"taxonomy":"post_tag","embeddable":true,"href":"https:\/\/www.europesays.com\/fr\/wp-json\/wp\/v2\/tags?post=323574"}],"curies":[{"name":"wp","href":"https:\/\/api.w.org\/{rel}","templated":true}]}}