{"id":323578,"date":"2025-08-16T21:10:12","date_gmt":"2025-08-16T21:10:12","guid":{"rendered":"https:\/\/www.europesays.com\/fr\/323578\/"},"modified":"2025-08-16T21:10:12","modified_gmt":"2025-08-16T21:10:12","slug":"pourquoi-le-ciel-nest-pas-bleu-en-bretagne-malgre-la-canicule","status":"publish","type":"post","link":"https:\/\/www.europesays.com\/fr\/323578\/","title":{"rendered":"pourquoi le ciel n&rsquo;est pas bleu en Bretagne, malgr\u00e9 la canicule"},"content":{"rendered":"<p>            Par<br \/>\n        <strong><br \/>\n            <a href=\"https:\/\/actu.fr\/auteur\/clemence-pays02-actu-fr\" title=\"Consulter tous les articles de Cl\u00e9mence Pays\" target=\"_blank\" rel=\"noopener\">Cl\u00e9mence Pays<\/a><br \/>\n        <\/strong><\/p>\n<p>        Publi\u00e9 le<\/p>\n<p>            16 ao\u00fbt 2025 \u00e0 18h25        <\/p>\n<p>Ce <a href=\"https:\/\/actu.fr\/societe\/le-15-aout-c-est-ferie-en-france-mais-que-fete-t-on-vraiment-a-l-assomption_63026836.html\" target=\"_blank\" rel=\"noopener\">week-end de l\u2019Assomption<\/a> en <a href=\"https:\/\/actu.fr\/bretagne\/rennes_35238\/plus-de-30-c-attendus-meteo-france-maintient-rennes-et-l-ille-et-vilaine-en-vigilance-canicule_63042496.html\" target=\"_blank\" rel=\"noopener\">Bretagne est marqu\u00e9 par la chaleur et la canicule<\/a>. Pourtant, alors que M\u00e9t\u00e9o France annon\u00e7ait des <strong>\u00e9claircies et un ciel d\u00e9gag\u00e9,<\/strong> celui-ci s\u2019est par\u00e9 d\u2019une<strong> couleur \u00e9trange,<\/strong> vendredi\u00a015 et samedi 16\u00a0ao\u00fbt 2025.<\/p>\n<p class=\" wall-content\">\u00c0 <a href=\"https:\/\/actu.fr\/rennes\/\" target=\"_blank\" rel=\"noopener\">Rennes<\/a>, vendredi, le temps \u00e9tait lourd et malgr\u00e9 la pr\u00e9sence du soleil, le ciel \u00e9tait tr\u00e8s clair. \u00ab\u2009C\u2019est bizarre, c\u2019est tout blanc\u2009\u00bb, ont remarqu\u00e9 certains alors qu\u2019ils se rendaient au <a href=\"https:\/\/actu.fr\/tag\/roazhon-park\" target=\"_blank\" rel=\"noopener\">Roazhon Park<\/a> pour assister au <a href=\"https:\/\/actu.fr\/bretagne\/rennes_35238\/stade-rennais-om-c-est-bientot-le-premier-match-de-la-saison-voici-quand-la-billetterie-va-ouvrir_62991569.html\" target=\"_blank\" rel=\"noopener\">match Stade Rennais \u2013 Olympique de Marseille<\/a>.<\/p>\n<p class=\" wall-content\">Samedi, au petit matin, le ciel \u00e9tait d\u2019un <strong>bleu tr\u00e8s p\u00e2le<\/strong> alors que l\u00e0-encore le soleil \u00e9tait bien pr\u00e9sent. Vers 17h, changement d\u2019ambiance avec des <strong>tons jaun\u00e2tres,<\/strong> presque s\u00e9pia.<\/p>\n<p class=\" wall-content\">Dans le Morbihan, plus particuli\u00e8rement du c\u00f4t\u00e9 de <a href=\"https:\/\/actu.fr\/bretagne\/quiberon_56186\" target=\"_blank\" rel=\"noopener\">Quiberon<\/a>, ce ph\u00e9nom\u00e8ne \u00e9tait encore plus marqu\u00e9. <strong>\u00ab\u2009Le ciel est filtr\u00e9\u2009\u00bb,<\/strong> note un habitant. Le Finist\u00e8re n\u2019est pas en reste non plus. \u00c0 <a href=\"https:\/\/actu.fr\/cote-quimper\/\" target=\"_blank\" rel=\"noopener\">Quimper<\/a>, par exemple, le ciel orang\u00e9 le matin est devenu plus p\u00e2le dans l\u2019apr\u00e8s-midi.<\/p>\n<p>De la fum\u00e9e et du sable<\/p>\n<p class=\" wall-content\">Selon Keraunos, l\u2019observatoire fran\u00e7ais des orages et des tornades, cette couleur anormale est li\u00e9e aux <strong>incendies en cours au Portugal.<\/strong> Les fum\u00e9es ont \u00ab\u2009envahi le golfe de Gascogne, jusqu\u2019en Bretagne\u2009\u00bb.<\/p>\n<p class=\" wall-content\">\n<p class=\" wall-content\">M\u00e9t\u00e9o Bretagne ajoute que les fum\u00e9es proviennent \u00e9galement <a href=\"https:\/\/actu.fr\/monde\/en-images-des-incendies-devastateurs-ravagent-une-grande-partie-de-l-espagne_63040574.html\" target=\"_blank\" rel=\"noopener\">des incendies qui s\u00e9vissent en Espagne<\/a>. \u00ab\u2009Le<strong> vent de sud-ouest<\/strong> en altitude propulse ces fum\u00e9es sur l\u2019ouest de la France.\u2009\u00bb Un \u00e9v\u00e9nement bien visible sur les images satellites.<\/p>\n<p class=\" wall-content\">\n<p class=\" wall-content\">\u00c0 cela s\u2019ajoutent \u00e9galement des <strong>particules de sables du Sahara,<\/strong> qui donnent une couleur jaune orang\u00e9e au ciel.<\/p>\n<p class=\" wall-content\">Suivez toute l\u2019actualit\u00e9 de vos villes et m\u00e9dias favoris en vous inscrivant \u00e0 <a href=\"https:\/\/moncompte.actu.fr\" title=\"D\u00e9couvez Mon Actu\" rel=\"nofollow noopener\" data-trk=\"{&quot;cta&quot;:{&quot;action&quot;:&quot;https:\\\/\\\/moncompte.actu.fr&quot;,&quot;category&quot;:&quot;mon compte&quot;,&quot;from&quot;:&quot;article footer&quot;,&quot;name&quot;:&quot;Mon actu&quot;,&quot;type&quot;:&quot;cta&quot;}}\" target=\"_blank\">Mon Actu<\/a>.<\/p>\n","protected":false},"excerpt":{"rendered":"Par Cl\u00e9mence Pays Publi\u00e9 le 16 ao\u00fbt 2025 \u00e0 18h25 Ce week-end de l\u2019Assomption en Bretagne est marqu\u00e9&hellip;\n","protected":false},"author":2,"featured_media":323579,"comment_status":"","ping_status":"","sticky":false,"template":"","format":"standard","meta":{"footnotes":""},"categories":[2821],"tags":[1111,11,829,6698,1777,674,1011,27,1310,2357,12,584,25,104],"class_list":{"0":"post-323578","1":"post","2":"type-post","3":"status-publish","4":"format-standard","5":"has-post-thumbnail","7":"category-rennes","8":"tag-actu","9":"tag-actualites","10":"tag-bretagne","11":"tag-canicule","12":"tag-eu","13":"tag-europe","14":"tag-fr","15":"tag-france","16":"tag-incendie","17":"tag-meteo-france","18":"tag-news","19":"tag-rennes","20":"tag-republique-francaise","21":"tag-societe"},"share_on_mastodon":{"url":"https:\/\/pubeurope.com\/@fr\/115040499981978050","error":""},"_links":{"self":[{"href":"https:\/\/www.europesays.com\/fr\/wp-json\/wp\/v2\/posts\/323578","targetHints":{"allow":["GET"]}}],"collection":[{"href":"https:\/\/www.europesays.com\/fr\/wp-json\/wp\/v2\/posts"}],"about":[{"href":"https:\/\/www.europesays.com\/fr\/wp-json\/wp\/v2\/types\/post"}],"author":[{"embeddable":true,"href":"https:\/\/www.europesays.com\/fr\/wp-json\/wp\/v2\/users\/2"}],"replies":[{"embeddable":true,"href":"https:\/\/www.europesays.com\/fr\/wp-json\/wp\/v2\/comments?post=323578"}],"version-history":[{"count":0,"href":"https:\/\/www.europesays.com\/fr\/wp-json\/wp\/v2\/posts\/323578\/revisions"}],"wp:featuredmedia":[{"embeddable":true,"href":"https:\/\/www.europesays.com\/fr\/wp-json\/wp\/v2\/media\/323579"}],"wp:attachment":[{"href":"https:\/\/www.europesays.com\/fr\/wp-json\/wp\/v2\/media?parent=323578"}],"wp:term":[{"taxonomy":"category","embeddable":true,"href":"https:\/\/www.europesays.com\/fr\/wp-json\/wp\/v2\/categories?post=323578"},{"taxonomy":"post_tag","embeddable":true,"href":"https:\/\/www.europesays.com\/fr\/wp-json\/wp\/v2\/tags?post=323578"}],"curies":[{"name":"wp","href":"https:\/\/api.w.org\/{rel}","templated":true}]}}