{"id":323580,"date":"2025-08-16T21:12:17","date_gmt":"2025-08-16T21:12:17","guid":{"rendered":"https:\/\/www.europesays.com\/fr\/323580\/"},"modified":"2025-08-16T21:12:17","modified_gmt":"2025-08-16T21:12:17","slug":"fc-metz-rc-strasbourg-sur-quelle-chaine-voir-le-match-de-ligue-1","status":"publish","type":"post","link":"https:\/\/www.europesays.com\/fr\/323580\/","title":{"rendered":"FC Metz &#8211; RC Strasbourg : sur quelle cha\u00eene voir le match de Ligue 1 ?"},"content":{"rendered":"<p> <a href=\"https:\/\/agences.swisslife-direct.fr\/assurance\/agence-cabinet-callet-quillie-id0048465\" target=\"_blank\" rel=\" noreferrer noopener nofollow\"><img decoding=\"async\" loading=\"lazy\" src=\"https:\/\/le11hdf.fr\/wp-content\/uploads\/2025\/04\/Billeboard-Swiss-Life.svg\" alt=\"Billeboard Swiss Life\" style=\"width:100%;height:100%\"\/><\/a><\/p>\n<p>Apr\u00e8s trois mois d\u2019attente, le championnat de France de Ligue 1 est de retour ! Et pour le FC Metz, qui vient tout juste de monter, cela d\u00e9marre fort avec un derby contre le RC Strasbourg. Suivez le guide pour ne rien manquer de cette rencontre comptant pour la premi\u00e8re journ\u00e9e.<\/p>\n<p><strong>O\u00f9 suivre le match<\/strong> FC Metz \u2013 RC Strasbourg ?<\/p>\n<p><strong>1-\u00a0<\/strong>Au stade Saint-Symphorien (Metz)\u2013\u00a0Le coup d\u2019envoi sera lui donn\u00e9 <strong>le dimanche 17 ao\u00fbt \u00e0 17h15.<\/strong> Et apr\u00e8s avoir affol\u00e9 les audiences en fin de saison derni\u00e8re \u00e0 l\u2019\u00e9chelon inf\u00e9rieur, le public messin compte bien profiter du retour en Ligue 1.<\/p>\n<p><strong>2-<\/strong>\u00a0Pour suivre la rencontre dans son int\u00e9gralit\u00e9, rendez-vous\u00a0<strong>\u00e0 17h15 sur Ligue 1+<\/strong>, la nouvelle plateforme qui diffuse la majorit\u00e9 du championnat de France, avec huit rencontres \u00e0 chaque journ\u00e9e. La rencontre sera pr\u00e9c\u00e9d\u00e9e d\u2019un avant-match pour pr\u00e9senter les enjeux du multiplex et suivi d\u2019un apr\u00e8s-match avec les premi\u00e8res r\u00e9actions des diff\u00e9rents acteurs.<\/p>\n<p><img loading=\"lazy\" decoding=\"async\" width=\"850\" height=\"567\" src=\"https:\/\/www.europesays.com\/fr\/wp-content\/uploads\/2025\/08\/ICONSPORT_264181_0042.jpg.webp.webp\" alt=\"Ligue 1\" class=\"wp-image-357957\"  \/>Anthony Bibard\/FEP\/Icon Sport<\/p>\n<p><a href=\"https:\/\/boutique.canalplus.com\/produits\/BEINCNCT\/bein-sports-connect\/1\" target=\"_blank\" rel=\"noreferrer noopener nofollow\">Souscrivez \u00e0<\/a> Ligue 1+ \u00e0 partir de 9,99 euros par mois pour voir 8 matches de Ligue 1 en direct et en exclusivit\u00e9, ainsi que le neuvi\u00e8me en diff\u00e9r\u00e9, le samedi \u00e0 minuit. D\u00e9couvrez l\u2019ensemble des offres disponibles sur <a href=\"https:\/\/le11hdf.fr\/comment-sabonner-a-ligue-1-et-quelle-offre-choisir\/\" rel=\"nofollow noopener\" target=\"_blank\">notre article sp\u00e9cifique<\/a>.<\/p>\n<p>Cr\u00e9dits photo : Pierre Costabadie\/<a href=\"https:\/\/www.iconsport.photo\/\" target=\"_blank\" rel=\"noopener nofollow\">Icon Sport<\/a><\/p>\n","protected":false},"excerpt":{"rendered":"Apr\u00e8s trois mois d\u2019attente, le championnat de France de Ligue 1 est de retour ! Et pour le&hellip;\n","protected":false},"author":2,"featured_media":323581,"comment_status":"","ping_status":"","sticky":false,"template":"","format":"standard","meta":{"footnotes":""},"categories":[2820],"tags":[1111,11,1777,674,1011,27,775,12,25,640],"class_list":{"0":"post-323580","1":"post","2":"type-post","3":"status-publish","4":"format-standard","5":"has-post-thumbnail","7":"category-strasbourg","8":"tag-actu","9":"tag-actualites","10":"tag-eu","11":"tag-europe","12":"tag-fr","13":"tag-france","14":"tag-grand-est","15":"tag-news","16":"tag-republique-francaise","17":"tag-strasbourg"},"share_on_mastodon":{"url":"https:\/\/pubeurope.com\/@fr\/115040508203778379","error":""},"_links":{"self":[{"href":"https:\/\/www.europesays.com\/fr\/wp-json\/wp\/v2\/posts\/323580","targetHints":{"allow":["GET"]}}],"collection":[{"href":"https:\/\/www.europesays.com\/fr\/wp-json\/wp\/v2\/posts"}],"about":[{"href":"https:\/\/www.europesays.com\/fr\/wp-json\/wp\/v2\/types\/post"}],"author":[{"embeddable":true,"href":"https:\/\/www.europesays.com\/fr\/wp-json\/wp\/v2\/users\/2"}],"replies":[{"embeddable":true,"href":"https:\/\/www.europesays.com\/fr\/wp-json\/wp\/v2\/comments?post=323580"}],"version-history":[{"count":0,"href":"https:\/\/www.europesays.com\/fr\/wp-json\/wp\/v2\/posts\/323580\/revisions"}],"wp:featuredmedia":[{"embeddable":true,"href":"https:\/\/www.europesays.com\/fr\/wp-json\/wp\/v2\/media\/323581"}],"wp:attachment":[{"href":"https:\/\/www.europesays.com\/fr\/wp-json\/wp\/v2\/media?parent=323580"}],"wp:term":[{"taxonomy":"category","embeddable":true,"href":"https:\/\/www.europesays.com\/fr\/wp-json\/wp\/v2\/categories?post=323580"},{"taxonomy":"post_tag","embeddable":true,"href":"https:\/\/www.europesays.com\/fr\/wp-json\/wp\/v2\/tags?post=323580"}],"curies":[{"name":"wp","href":"https:\/\/api.w.org\/{rel}","templated":true}]}}