{"id":323586,"date":"2025-08-16T21:16:14","date_gmt":"2025-08-16T21:16:14","guid":{"rendered":"https:\/\/www.europesays.com\/fr\/323586\/"},"modified":"2025-08-16T21:16:14","modified_gmt":"2025-08-16T21:16:14","slug":"premiere-pour-zabarnyi-avec-le-psg-contre-nantes-demain","status":"publish","type":"post","link":"https:\/\/www.europesays.com\/fr\/323586\/","title":{"rendered":"Premi\u00e8re pour Zabarnyi avec le PSG contre Nantes demain ? &#8211;"},"content":{"rendered":"<p><img width=\"700\" height=\"350\" src=\"https:\/\/www.europesays.com\/fr\/wp-content\/uploads\/2025\/08\/1755378974_12_Illia-Zabarnyi.jpg\" class=\"attachment-jannah-image-post size-jannah-image-post wp-post-image\" alt=\"Illia zabarnyi\" is_main_img=\"1\" decoding=\"async\" fetchpriority=\"high\"  \/><br \/>\n Image :<br \/>\n@PSG_inside<\/p>\n<p>Demain soir (20h45, Ligue 1+), le PSG se d\u00e9place \u00e0 Nantes en<br \/>\ncl\u00f4ture de la premi\u00e8re journ\u00e9e de Ligue 1. Illia Zabarnyi pourrait<br \/>\ny conna\u00eetre sa premi\u00e8re titularisation.<\/p>\n<p>Quatre jours apr\u00e8s son succ\u00e8s en <strong>Supercoupe<br \/>\nd\u2019Europe<\/strong> contre <strong>Tottenham<\/strong> (2-2, 4 t.a.b \u00e0<br \/>\n3), le <strong>PSG<\/strong> va retrouver les terrains avec un<br \/>\nd\u00e9placement \u00e0 la <strong>Beaujoire<\/strong> pour y d\u00e9fier<br \/>\n<strong><a href=\"https:\/\/canal-supporters.com\/les-nantais-attendent-avec-impatience-le-match-contre-le-psg\/\" title=\"\" target=\"_blank\" rel=\"noopener\">Nantes<\/a><\/strong> en cl\u00f4ture de la premi\u00e8re journ\u00e9e de<br \/>\n<strong>Ligue 1<\/strong>. Apr\u00e8s seulement une semaine de<br \/>\npr\u00e9paration, <strong><a href=\"https:\/\/canal-supporters.com\/enrique-on-veut-continuer-a-marquer-lhistoire\/\" title=\"\" target=\"_blank\" rel=\"noopener\">Luis Enrique<\/a><\/strong> pourrait apporter de nombreux<br \/>\nchangements dans son onze de d\u00e9part face aux Canaris, selon<br \/>\n<a href=\"https:\/\/www.leparisien.fr\/sports\/football\/ligue-1\/nantes-psg-lequipe-probable-parisienne-avec-les-titularisations-attendues-de-zabarnyi-et-ramos-16-08-2025-ERWQNFHY75C75JJJVVTFBOUJFA.php\" target=\"_blank\" rel=\"noopener\" title=\"\">Le Parisien<\/a>. Apr\u00e8s<br \/>\nsa premi\u00e8re dans les buts du <strong>PSG<\/strong> contre les<br \/>\n<strong>Spurs<\/strong>, <strong>Lucas Chevalier<\/strong> devrait<br \/>\nbien tenir sa place demain.\u00a0<\/p>\n<p>A voir aussi : <a href=\"https:\/\/canal-supporters.com\/illia-zabarnyi-pour-moi-le-psg-est-le-meilleur-club-du-monde-le-meilleur-projet-et-le-meilleur-choix-possible\/\" title=\"\" target=\"_blank\" rel=\"noopener\">Illia Zabarnyi : \u00ab\u00a0Pour moi, le PSG est le meilleur<br \/>\nclub du monde, le meilleur projet et le meilleur choix<br \/>\npossible\u00a0\u00bb<\/a><\/p>\n<p><a href=\"https:\/\/x.com\/CanalSupporters\" target=\"_blank\" rel=\"noopener\" title=\"\">canalsupporters.com<\/a><\/p>\n<p>Accompagn\u00e9 de<br \/>\nWillian Pacho<\/p>\n<p>En d\u00e9fense, <strong>Achraf Hakimi<\/strong> et <strong>Nuno<br \/>\nMendes<\/strong> pourraient souffler et devraient laisser leurs<br \/>\nplaces \u00e0 <strong>Warren Za\u00efre-Emery<\/strong> et <strong>Lucas<br \/>\nBeraldo<\/strong>. Officialis\u00e9 en d\u00e9but de semaine, <strong>Illia<br \/>\nZabarnyi<\/strong>, qui a fait toute la pr\u00e9paration avec<br \/>\n<strong>Bournemouth<\/strong>, devrait conna\u00eetre sa premi\u00e8re<br \/>\ntitularisation avec le <strong>PSG<\/strong>. Il serait associ\u00e9 \u00e0<br \/>\n<strong>Willian Pacho<\/strong> en d\u00e9fense centrale. Au milieu de<br \/>\nterrain, seul <strong>D\u00e9sir\u00e9 Dou\u00e9<\/strong> devrait poursuivre par<br \/>\nrapport \u00e0 la <strong>Supercoupe d\u2019Europe<\/strong>. Auteurs de<br \/>\nbonnes entr\u00e9es en jeu, <strong>Lee Kang-in<\/strong> et<br \/>\n<strong>Fabian Ruiz<\/strong> pourraient avoir leurs chances. Le<br \/>\nmilieu de terrain espagnol pourrait m\u00eame porter le brassard de<br \/>\ncapitaine en l\u2019absence de <strong>Marquinhos<\/strong> dans le onze.<br \/>\nEnfin, buteur \u00e9galisateur contre <strong>Tottenham<\/strong>,<br \/>\n<strong>Gon\u00e7alo Ramos<\/strong> pourrait \u00eatre titulaire en pointe.<br \/>\nIl serait accompagn\u00e9 de <strong>Bradley Barcola<\/strong> et<br \/>\n<strong>Ibrahim Mbaye<\/strong>, auteur d\u2019une bonne entr\u00e9e contre<br \/>\nles <strong>Spurs<\/strong>.\u00a0<\/p>\n<ul class=\"wp-block-list\">\n<li>Le XI probable du <strong>PSG<\/strong> selon Le Parisien : Chevalier \u2013 Za\u00efre-Emery, Zabarnyi, Pacho, Beraldo \u2013 Lee, Ruiz (cap.), Dou\u00e9 \u2013 Barcola, Ramos, Mbaye<\/li>\n<\/ul>\n","protected":false},"excerpt":{"rendered":"Image : @PSG_inside Demain soir (20h45, Ligue 1+), le PSG se d\u00e9place \u00e0 Nantes en cl\u00f4ture de la&hellip;\n","protected":false},"author":2,"featured_media":323587,"comment_status":"","ping_status":"","sticky":false,"template":"","format":"standard","meta":{"footnotes":""},"categories":[2818],"tags":[1111,11,785,46093,81,13120,787,4479,1777,674,14700,12797,12798,12799,1011,27,86,1610,39683,5047,5048,5049,66,1611,790,921,1613,766,12800,12,626,91,92,2636,46094,93,20338,25,36662,96,12801,29675],"class_list":{"0":"post-323586","1":"post","2":"type-post","3":"status-publish","4":"format-standard","5":"has-post-thumbnail","7":"category-nantes","8":"tag-actu","9":"tag-actualites","10":"tag-beraldo","11":"tag-campos-probables","12":"tag-canal-supporters","13":"tag-compositions-probables","14":"tag-cs","15":"tag-enrique","16":"tag-eu","17":"tag-europe","18":"tag-fabian-ruiz","19":"tag-fc-nantes-psg","20":"tag-fcn-psg","21":"tag-fcnpsg","22":"tag-fr","23":"tag-france","24":"tag-goncalo-ramos","25":"tag-ibrahim-mbaye","26":"tag-illia-zabarnyi","27":"tag-kang-in-lee","28":"tag-lee","29":"tag-lee-kang-in","30":"tag-ligue-1","31":"tag-ligue-1-macdonalds","32":"tag-lucas-beraldo","33":"tag-luis-enrique","34":"tag-mbaye","35":"tag-nantes","36":"tag-nantes-psg","37":"tag-news","38":"tag-paris","39":"tag-paris-saint-germain","40":"tag-paris-sg","41":"tag-pays-de-la-loire","42":"tag-premiere-journee","43":"tag-psg","44":"tag-ramos","45":"tag-republique-francaise","46":"tag-ruiz","47":"tag-une","48":"tag-xi-probable","49":"tag-zabarnyi"},"share_on_mastodon":{"url":"","error":"Validation failed: Text character limit of 500 exceeded"},"_links":{"self":[{"href":"https:\/\/www.europesays.com\/fr\/wp-json\/wp\/v2\/posts\/323586","targetHints":{"allow":["GET"]}}],"collection":[{"href":"https:\/\/www.europesays.com\/fr\/wp-json\/wp\/v2\/posts"}],"about":[{"href":"https:\/\/www.europesays.com\/fr\/wp-json\/wp\/v2\/types\/post"}],"author":[{"embeddable":true,"href":"https:\/\/www.europesays.com\/fr\/wp-json\/wp\/v2\/users\/2"}],"replies":[{"embeddable":true,"href":"https:\/\/www.europesays.com\/fr\/wp-json\/wp\/v2\/comments?post=323586"}],"version-history":[{"count":0,"href":"https:\/\/www.europesays.com\/fr\/wp-json\/wp\/v2\/posts\/323586\/revisions"}],"wp:featuredmedia":[{"embeddable":true,"href":"https:\/\/www.europesays.com\/fr\/wp-json\/wp\/v2\/media\/323587"}],"wp:attachment":[{"href":"https:\/\/www.europesays.com\/fr\/wp-json\/wp\/v2\/media?parent=323586"}],"wp:term":[{"taxonomy":"category","embeddable":true,"href":"https:\/\/www.europesays.com\/fr\/wp-json\/wp\/v2\/categories?post=323586"},{"taxonomy":"post_tag","embeddable":true,"href":"https:\/\/www.europesays.com\/fr\/wp-json\/wp\/v2\/tags?post=323586"}],"curies":[{"name":"wp","href":"https:\/\/api.w.org\/{rel}","templated":true}]}}