{"id":323592,"date":"2025-08-16T21:20:17","date_gmt":"2025-08-16T21:20:17","guid":{"rendered":"https:\/\/www.europesays.com\/fr\/323592\/"},"modified":"2025-08-16T21:20:17","modified_gmt":"2025-08-16T21:20:17","slug":"ligue-1-un-but-sur-le-fil-permet-a-toulouse-de-soffrir-nice-et-un-bon-debut-de-saison","status":"publish","type":"post","link":"https:\/\/www.europesays.com\/fr\/323592\/","title":{"rendered":"Ligue 1. Un but sur le fil permet \u00e0 Toulouse de s&rsquo;offrir Nice et un bon d\u00e9but de saison\u00a0!"},"content":{"rendered":"<p>            Par<br \/>\n        <strong><br \/>\n            <a href=\"https:\/\/actu.fr\/auteur\/pateau-adrien\" title=\"Consulter tous les articles de Pateau Adrien\" rel=\"nofollow noopener\" target=\"_blank\">Pateau Adrien<\/a><br \/>\n        <\/strong><\/p>\n<p>        Publi\u00e9 le<\/p>\n<p>            16 ao\u00fbt 2025 \u00e0 23h05<br \/>\n        ; mis \u00e0 jour le 16 ao\u00fbt 2025 \u00e0 23h15    <\/p>\n<p><a href=\"https:\/\/actu.fr\/tag\/toulouse-football-club-tfc\" rel=\"nofollow noopener\" target=\"_blank\">Toulouse<\/a> est all\u00e9 chercher sa victoire \u00e0 l\u2019arrach\u00e9 contre une \u00e9quipe de <strong>Nice <\/strong>tr\u00e8s joueuse (0-1). Quelques jolis coups de reins offensifs, un Guillaume Restes imperturbable et un tir salvateur de Djibril Sidib\u00e9 en fin de rencontre ont permis au TFC de r\u00e9ussir sa rentr\u00e9e. R\u00e9cit du match opposant le 10e au 4\u1d49 de Ligue 1, la saison derni\u00e8re.\u00a0<\/p>\n<p>Toulouse accroche Nice<\/p>\n<p class=\" wall-content\">Apr\u00e8s une pause estivale inqui\u00e9tante, entre le d\u00e9part du pr\u00e9sident Comolli, une certaine frivolit\u00e9 sur le recrutement et 18 buts encaiss\u00e9s pour 3 marqu\u00e9s, le TFC est attendu au tournant sous la chaleur accablante de l\u2019Allianz Riviera. En vain, les deux \u00e9quipes se toisent toute la premi\u00e8re p\u00e9riode sans vraiment cr\u00e9er le d\u00e9clic n\u00e9cessaire, malgr\u00e9 quelques incursions de <strong>Yann Gboho<\/strong>.<\/p>\n<p class=\" wall-content\">Le seul v\u00e9ritable frisson survient quand le cuir heurte le poteau ni\u00e7ois\u2026 apr\u00e8s un contr\u00f4le manqu\u00e9 par le gardien rouge et noir sur une passe anecdotique de sa d\u00e9fense (18e).\u00a0<\/p>\n<p class=\" wall-content\">\n<p>Sidib\u00e9 sauve la baraque<\/p>\n<p class=\" wall-content\">\u00c0 la reprise, Charlie Cresswell fait reparler de son jeu de t\u00eate, mais d\u00e9visse trop sa frappe (48e). Si Canvot tente aussi sa chance (53e) et montre que le Tef n\u2019a abandonn\u00e9 aucune vell\u00e9it\u00e9 offensive, les Aiglons se mettent toutefois \u00e0 dicter leur rythme. De quoi permettre \u00e0 Charlie Cresswell et <strong>Guillaume Restes<\/strong> de s\u2019illustrer d\u00e9fensivement.<\/p>\n<p class=\" wall-content\">D\u2019ailleurs, jusqu\u2019au bout, le portier multiplie les exploits, arr\u00eats r\u00e9flexes, claquettes et un-contre-un, pour m\u00e9riter le num\u00e9ro 1 flambant neuf qu\u2019il arbore ce soir. Les jeunes attaquants Dayann Methalie et Alexis Vossah en profitent \u00e9galement pour montrer quelques bonnes actions offensives, histoire de bien se pr\u00e9senter aux supporters. C\u2019est n\u00e9anmoins l\u2019arri\u00e8re garde qui s\u2019illustre \u00e0 la fin, alors que <strong>Djibril Sidib\u00e9<\/strong> volleye un ballon centr\u00e9 apr\u00e8s un festival de Yann Gboho (90e). Il lib\u00e8re son \u00e9quipe malgr\u00e9 les huit minutes d\u2019arr\u00eat de jeu.<\/p>\n<p>Vid\u00e9os : en ce moment sur Actu<\/p>\n<p class=\" wall-content\">\n<p class=\" wall-content\">Le prochain match du TFC sera \u00e0 domicile, contre <strong>Brest<\/strong> le dimanche 24 ao\u00fbt \u00e0 17h15.<\/p>\n<p class=\" wall-content\">Suivez toute l\u2019actualit\u00e9 de vos villes et m\u00e9dias favoris en vous inscrivant \u00e0 <a href=\"https:\/\/moncompte.actu.fr\" title=\"D\u00e9couvez Mon Actu\" rel=\"nofollow noopener\" data-trk=\"{&quot;cta&quot;:{&quot;action&quot;:&quot;https:\\\/\\\/moncompte.actu.fr&quot;,&quot;category&quot;:&quot;mon compte&quot;,&quot;from&quot;:&quot;article footer&quot;,&quot;name&quot;:&quot;Mon actu&quot;,&quot;type&quot;:&quot;cta&quot;}}\" target=\"_blank\">Mon Actu<\/a>.<\/p>\n<ul class=\"ac-article-tag wall-content\">\n<li><a href=\"https:\/\/actu.fr\/tag\/toulouse-football-club-tfc\" data-trk=\"{&quot;cta&quot;:{&quot;action&quot;:&quot;Toulouse Football Club (TFC)&quot;,&quot;category&quot;:&quot;tag&quot;,&quot;from&quot;:&quot;article footer&quot;,&quot;name&quot;:&quot;Toulouse Football Club (TFC)&quot;,&quot;type&quot;:&quot;cta&quot;}}\" rel=\"nofollow noopener\" target=\"_blank\">#Toulouse Football Club (TFC)<\/a><\/li>\n<\/ul>\n","protected":false},"excerpt":{"rendered":"Par Pateau Adrien Publi\u00e9 le 16 ao\u00fbt 2025 \u00e0 23h05 ; mis \u00e0 jour le 16 ao\u00fbt 2025&hellip;\n","protected":false},"author":2,"featured_media":323593,"comment_status":"","ping_status":"","sticky":false,"template":"","format":"standard","meta":{"footnotes":""},"categories":[2816],"tags":[1111,11,1777,674,63,1011,27,12,2680,25,60,2312,4159],"class_list":{"0":"post-323592","1":"post","2":"type-post","3":"status-publish","4":"format-standard","5":"has-post-thumbnail","7":"category-toulouse","8":"tag-actu","9":"tag-actualites","10":"tag-eu","11":"tag-europe","12":"tag-football","13":"tag-fr","14":"tag-france","15":"tag-news","16":"tag-occitanie","17":"tag-republique-francaise","18":"tag-sports","19":"tag-toulouse","20":"tag-toulouse-football-club-tfc"},"share_on_mastodon":{"url":"https:\/\/pubeurope.com\/@fr\/115040539307070072","error":""},"_links":{"self":[{"href":"https:\/\/www.europesays.com\/fr\/wp-json\/wp\/v2\/posts\/323592","targetHints":{"allow":["GET"]}}],"collection":[{"href":"https:\/\/www.europesays.com\/fr\/wp-json\/wp\/v2\/posts"}],"about":[{"href":"https:\/\/www.europesays.com\/fr\/wp-json\/wp\/v2\/types\/post"}],"author":[{"embeddable":true,"href":"https:\/\/www.europesays.com\/fr\/wp-json\/wp\/v2\/users\/2"}],"replies":[{"embeddable":true,"href":"https:\/\/www.europesays.com\/fr\/wp-json\/wp\/v2\/comments?post=323592"}],"version-history":[{"count":0,"href":"https:\/\/www.europesays.com\/fr\/wp-json\/wp\/v2\/posts\/323592\/revisions"}],"wp:featuredmedia":[{"embeddable":true,"href":"https:\/\/www.europesays.com\/fr\/wp-json\/wp\/v2\/media\/323593"}],"wp:attachment":[{"href":"https:\/\/www.europesays.com\/fr\/wp-json\/wp\/v2\/media?parent=323592"}],"wp:term":[{"taxonomy":"category","embeddable":true,"href":"https:\/\/www.europesays.com\/fr\/wp-json\/wp\/v2\/categories?post=323592"},{"taxonomy":"post_tag","embeddable":true,"href":"https:\/\/www.europesays.com\/fr\/wp-json\/wp\/v2\/tags?post=323592"}],"curies":[{"name":"wp","href":"https:\/\/api.w.org\/{rel}","templated":true}]}}