{"id":323594,"date":"2025-08-16T21:22:12","date_gmt":"2025-08-16T21:22:12","guid":{"rendered":"https:\/\/www.europesays.com\/fr\/323594\/"},"modified":"2025-08-16T21:22:12","modified_gmt":"2025-08-16T21:22:12","slug":"mercato-om-lom-bien-devant-la-juventus-pour-zhegrova","status":"publish","type":"post","link":"https:\/\/www.europesays.com\/fr\/323594\/","title":{"rendered":"Mercato OM : l&rsquo;OM bien devant la Juventus pour Zhegrova"},"content":{"rendered":"<p><a class=\"floating-button_button__RvGiv gc-floating-button\" title=\"Commentaires\" href=\"https:\/\/www.lephoceen.fr\/infos-om\/mercato\/mercato-om-l-om-bien-devant-la-juventus-pour-zhegrova-227951\/commentaires\" rel=\"nofollow noopener\" target=\"_blank\"><\/a>L\u2019Olympique de Marseille est en discussions avanc\u00e9es avec Lille pour Edon Zhegrova. Malgr\u00e9 un int\u00e9r\u00eat manifest\u00e9 par la Juventus, le club phoc\u00e9en semble en position id\u00e9ale pour accueillir l\u2019ailier kosovar.<\/p>\n<p><a class=\"transfer-icon\" href=\"https:\/\/www.lephoceen.fr\/infos-om\/mercato\/mercato-om-explication-des-feux-verts-pour-les-depeches-mercato-203957\" data-icon=\"nonofficial3\" rel=\"nofollow noopener\" target=\"_blank\"><img decoding=\"async\" style=\"display:inline-flex\" src=\"https:\/\/www.europesays.com\/fr\/wp-content\/uploads\/2025\/06\/nonofficiel3.png\"\/><\/a>Selon les informations de Gianluigi Longari, l\u2019<strong>Olympique de Marseille<\/strong> est actuellement le club le plus avanc\u00e9 dans les n\u00e9gociations pour recruter <strong>Edon Zhegrova<\/strong>. L\u2019ailier kosovar, sous contrat avec le LOSC jusqu\u2019en 2026, fait l\u2019objet de discussions s\u00e9rieuses entre les deux formations. Le dialogue entre les dirigeants marseillais et leurs homologues lillois serait constructif et progressif, avec une volont\u00e9 commune de conclure rapidement le transfert. Vendredi, Bruno G\u00e9n\u00e9sio, son coach \u00e0 Lille, avait exprim\u00e9 ses doutes en conf\u00e9rence de presse sur sa disponibilit\u00e9 alors que son pr\u00e9sident avait tent\u00e9 de faire croire il y a une semaine qu&rsquo;il allait de nouveau \u00eatre un joueur du LOSC cette saison.<\/p>\n<p>La Juventus a manifest\u00e9 son int\u00e9r\u00eat<\/p>\n<p>En parall\u00e8le, la <strong>Juventus<\/strong> aurait r\u00e9cemment sond\u00e9 le dossier Zhegrova. Le club turinois s\u2019est renseign\u00e9 sur les conditions du joueur de 25 ans, sans toutefois entrer en n\u00e9gociations concr\u00e8tes. Une approche encore timide, qui ne remet pas en cause la position dominante de l\u2019OM dans ce dossier. Au micro de Ligue 1+, Medhi Benatia a \u00e9voqu\u00e9 un renfort offensif en fonction des d\u00e9parts. Cela pourrait bien \u00eatre Zhegrova alors que Maupay et Rowe pourraient permettre au club de r\u00e9cup\u00e9rer des liquidit\u00e9s pour continuer le recrutement en d\u00e9fense o\u00f9 un d\u00e9fenseur central et un lat\u00e9ral gauche sont attendus. Car \u00e0 l&rsquo;instar du deal que Pablo Longoria avait mont\u00e9 avec Matt\u00e9o Guendouzi, l&rsquo;id\u00e9e est de proposer \u00e0 Lille un pr\u00eat avec option d&rsquo;achat obligatoire en fin de saison. De quoi se d\u00e9gager de la tr\u00e9sorerie pour Marseille et pour Lille de r\u00e9cup\u00e9rer une indemnit\u00e9 de transfert en juin 2026 pour un \u00e9l\u00e9ment en fin de contrat&#8230; en fin 2026.\u00a0<\/p>\n<p><a class=\"article_transferTableLink__3YaV7\" href=\"https:\/\/www.lephoceen.fr\/tableau-des-transferts\" rel=\"nofollow noopener\" target=\"_blank\">Retrouvez le tableau des transferts de l&rsquo;OM ici<\/a><\/p>\n<p>Notre r\u00f4le, c\u2019est de vous faciliter la vie : on rassemble un max d\u2019infos sur l\u2019OM au m\u00eame endroit, m\u00eame quand les sources se contredisent. Oui, \u00e7a arrive, mais c\u2019est le jeu du mercato et de l\u2019info en continu.<br \/>\nCe qu\u2019on veut, c\u2019est que vous ne manquiez rien sur notre club de c\u0153ur. Et comme aimer l\u2019OM, c\u2019est aussi aimer le foot, on vous relaye chaque jour l\u2019essentiel de ce sport qui nous fait vibrer.<\/p>\n","protected":false},"excerpt":{"rendered":"L\u2019Olympique de Marseille est en discussions avanc\u00e9es avec Lille pour Edon Zhegrova. Malgr\u00e9 un int\u00e9r\u00eat manifest\u00e9 par la&hellip;\n","protected":false},"author":2,"featured_media":216529,"comment_status":"","ping_status":"","sticky":false,"template":"","format":"standard","meta":{"footnotes":""},"categories":[2815],"tags":[1111,11,1777,674,1011,27,811,1307,12,25],"class_list":{"0":"post-323594","1":"post","2":"type-post","3":"status-publish","4":"format-standard","5":"has-post-thumbnail","7":"category-lille","8":"tag-actu","9":"tag-actualites","10":"tag-eu","11":"tag-europe","12":"tag-fr","13":"tag-france","14":"tag-hauts-de-france","15":"tag-lille","16":"tag-news","17":"tag-republique-francaise"},"share_on_mastodon":{"url":"https:\/\/pubeurope.com\/@fr\/115040547909133065","error":""},"_links":{"self":[{"href":"https:\/\/www.europesays.com\/fr\/wp-json\/wp\/v2\/posts\/323594","targetHints":{"allow":["GET"]}}],"collection":[{"href":"https:\/\/www.europesays.com\/fr\/wp-json\/wp\/v2\/posts"}],"about":[{"href":"https:\/\/www.europesays.com\/fr\/wp-json\/wp\/v2\/types\/post"}],"author":[{"embeddable":true,"href":"https:\/\/www.europesays.com\/fr\/wp-json\/wp\/v2\/users\/2"}],"replies":[{"embeddable":true,"href":"https:\/\/www.europesays.com\/fr\/wp-json\/wp\/v2\/comments?post=323594"}],"version-history":[{"count":0,"href":"https:\/\/www.europesays.com\/fr\/wp-json\/wp\/v2\/posts\/323594\/revisions"}],"wp:featuredmedia":[{"embeddable":true,"href":"https:\/\/www.europesays.com\/fr\/wp-json\/wp\/v2\/media\/216529"}],"wp:attachment":[{"href":"https:\/\/www.europesays.com\/fr\/wp-json\/wp\/v2\/media?parent=323594"}],"wp:term":[{"taxonomy":"category","embeddable":true,"href":"https:\/\/www.europesays.com\/fr\/wp-json\/wp\/v2\/categories?post=323594"},{"taxonomy":"post_tag","embeddable":true,"href":"https:\/\/www.europesays.com\/fr\/wp-json\/wp\/v2\/tags?post=323594"}],"curies":[{"name":"wp","href":"https:\/\/api.w.org\/{rel}","templated":true}]}}