{"id":323595,"date":"2025-08-16T21:23:10","date_gmt":"2025-08-16T21:23:10","guid":{"rendered":"https:\/\/www.europesays.com\/fr\/323595\/"},"modified":"2025-08-16T21:23:10","modified_gmt":"2025-08-16T21:23:10","slug":"un-homme-blesse-par-balle-a-la-plaine-a-marseille-ce-samedi-soir","status":"publish","type":"post","link":"https:\/\/www.europesays.com\/fr\/323595\/","title":{"rendered":"Un homme bless\u00e9 par balle \u00e0 La Plaine, \u00e0 Marseille, ce samedi soir"},"content":{"rendered":"<p>Au moins un coup de feu a retenti ce samedi soir 16\u00a0ao\u00fbt, sur la place Jean-Jaur\u00e8s, connue sous le nom de <a href=\"https:\/\/www.laprovence.com\/article\/societe\/5697089256648514\/nuisances-sonores-a-marseille-a-la-plaine-on-n-empechera-pas-les-concerts-spontanes-ni-les-bagarres\" target=\"_blank\" rel=\"noopener\">La Plaine<\/a>, \u00e0 la jonction des 1er, 5e et 6e arrondissements de <a href=\"https:\/\/www.laprovence.com\/bouches-du-rhone\/marseille-13055\" target=\"_blank\" rel=\"noopener\">Marseille<\/a>.<\/p>\n<p>Peu avant 21h30, <a href=\"https:\/\/www.laprovence.com\/article\/region\/1816038201641715\/video-en-mer-avec-les-plongeurs-sauveteurs-du-bataillon-de-marins-pompiers-de-marseille\" target=\"_blank\" rel=\"noopener\">les marins-pompiers<\/a> ont \u00e9t\u00e9 appel\u00e9s au secours d\u2019un homme de 40\u00a0ans <a href=\"https:\/\/www.laprovence.com\/article\/region\/310223150000214\/un-homme-hospitalise-apres-avoir-ete-vise-par-un-tir-de-fusil-effectue-par-son-frere-a-marignane\" target=\"_blank\" rel=\"noopener\">bless\u00e9 par balle<\/a> au niveau des membres inf\u00e9rieurs. Son pronostic vital n\u2019\u00e9tait pas engag\u00e9.<\/p>\n<p>Deuxi\u00e8me bless\u00e9 par balle \u00e0 Marseille en trois jours<\/p>\n<p>La victime a \u00e9t\u00e9 transport\u00e9e, m\u00e9dicalis\u00e9e, vers l\u2019un des h\u00f4pitaux de la cit\u00e9 phoc\u00e9enne, tandis que la police se rendait sur les lieux pour effectuer les premi\u00e8res constatations d\u2019usage. \u00c0 cette heure, le contexte des tirs et le profil de l\u2019auteur demeurent inconnus.<\/p>\n","protected":false},"excerpt":{"rendered":"Au moins un coup de feu a retenti ce samedi soir 16\u00a0ao\u00fbt, sur la place Jean-Jaur\u00e8s, connue sous&hellip;\n","protected":false},"author":2,"featured_media":323596,"comment_status":"","ping_status":"","sticky":false,"template":"","format":"standard","meta":{"footnotes":""},"categories":[2814],"tags":[17,1111,11,6195,3916,1777,674,274,1011,27,4933,884,12,5912,6775,882,25,3982],"class_list":{"0":"post-323595","1":"post","2":"type-post","3":"status-publish","4":"format-standard","5":"has-post-thumbnail","7":"category-marseille","8":"tag-17","9":"tag-actu","10":"tag-actualites","11":"tag-balle","12":"tag-blesse","13":"tag-eu","14":"tag-europe","15":"tag-faits-divers-justice","16":"tag-fr","17":"tag-france","18":"tag-homme","19":"tag-marseille","20":"tag-news","21":"tag-par","22":"tag-plaine","23":"tag-provence-alpes-cote-dazur","24":"tag-republique-francaise","25":"tag-samedi"},"share_on_mastodon":{"url":"https:\/\/pubeurope.com\/@fr\/115040551064715902","error":""},"_links":{"self":[{"href":"https:\/\/www.europesays.com\/fr\/wp-json\/wp\/v2\/posts\/323595","targetHints":{"allow":["GET"]}}],"collection":[{"href":"https:\/\/www.europesays.com\/fr\/wp-json\/wp\/v2\/posts"}],"about":[{"href":"https:\/\/www.europesays.com\/fr\/wp-json\/wp\/v2\/types\/post"}],"author":[{"embeddable":true,"href":"https:\/\/www.europesays.com\/fr\/wp-json\/wp\/v2\/users\/2"}],"replies":[{"embeddable":true,"href":"https:\/\/www.europesays.com\/fr\/wp-json\/wp\/v2\/comments?post=323595"}],"version-history":[{"count":0,"href":"https:\/\/www.europesays.com\/fr\/wp-json\/wp\/v2\/posts\/323595\/revisions"}],"wp:featuredmedia":[{"embeddable":true,"href":"https:\/\/www.europesays.com\/fr\/wp-json\/wp\/v2\/media\/323596"}],"wp:attachment":[{"href":"https:\/\/www.europesays.com\/fr\/wp-json\/wp\/v2\/media?parent=323595"}],"wp:term":[{"taxonomy":"category","embeddable":true,"href":"https:\/\/www.europesays.com\/fr\/wp-json\/wp\/v2\/categories?post=323595"},{"taxonomy":"post_tag","embeddable":true,"href":"https:\/\/www.europesays.com\/fr\/wp-json\/wp\/v2\/tags?post=323595"}],"curies":[{"name":"wp","href":"https:\/\/api.w.org\/{rel}","templated":true}]}}