{"id":323597,"date":"2025-08-16T21:24:10","date_gmt":"2025-08-16T21:24:10","guid":{"rendered":"https:\/\/www.europesays.com\/fr\/323597\/"},"modified":"2025-08-16T21:24:10","modified_gmt":"2025-08-16T21:24:10","slug":"om-le-mariage-qui-va-enflammer-marseille","status":"publish","type":"post","link":"https:\/\/www.europesays.com\/fr\/323597\/","title":{"rendered":"OM : Le mariage qui va enflammer Marseille !"},"content":{"rendered":"<p>Thomas Bourseau<\/p>\n<p>                        &#8211;<\/p>\n<p>R\u00e9dacteur<\/p>\n<p>F\u00e9ru de sport, Thomas a grandi entre le ballon rond du football et le orange du basket, ses deux coups de c\u0153ur depuis toujours. Dipl\u00f4m\u00e9 d\u2019un Master et d\u2019une Licence \u00e0 l\u2019Institut Europ\u00e9en du Journalisme de Paris, il suit toujours de tr\u00e8s pr\u00e8s les aventures d\u2019Arsenal et des Los Angeles Lakers.<\/p>\n<p class=\"heading\">Depuis son d\u00e9part en 2021, quelques mois apr\u00e8s la promotion de Pablo Longoria \u00e0 la pr\u00e9sidence de l&rsquo;OM, Florian Thauvin a vu son ancien club \u00eatre transfigur\u00e9 par le dirigeant espagnol et son bras droit Medhi Benatia, directeur du football de l&rsquo;Olympique de Marseille. L&rsquo;occasion pour le nouveau milieu offensif du RC Lens de dresser un constat clair sur l&rsquo;\u00e9volution du champion d&rsquo;Europe 93.\n<\/p>\n<p>Le 30 novembre 2023, <strong>Medhi Benatia <\/strong>revenait \u00e0 l&rsquo;<strong>OM<\/strong> 15 ans apr\u00e8s son d\u00e9part officiel du club phoc\u00e9en o\u00f9 il a \u00e9t\u00e9 form\u00e9. Le natif d<strong>&lsquo;<\/strong>Evry h\u00e9ritait alors des fonctions de conseiller sportif du pr\u00e9sident <strong>Pablo Longoria<\/strong>. Un r\u00f4le qu&rsquo;il a tenu pendant un peu plus d&rsquo;un an avant sa promotion en janvier dernier au poste de directeur du football de l&rsquo;<a href=\"https:\/\/le10sport.com\/football\/ligue1\/om\/om-de-zerbi-est-enerve-lenorme-coup-de-pression-754466\" rel=\"nofollow noopener\" target=\"_blank\">Olympique de Marseille. <\/a><\/p>\n<p>                                            Le duo Longoria &#8211; Benatia se plie en quatre et fait des merveilles selon Thauvin <\/p>\n<p>Depuis l&rsquo;entr\u00e9e en fonctions de <strong>Medhi Benatia <\/strong>dans la direction de l&rsquo;<strong>OM<\/strong>, beaucoup de choses ont d\u00e9rang\u00e9 le dirigeant marocain dans l&rsquo;implication des joueurs \u00e0 l&rsquo;entra\u00eenement comme <strong>Jonathan Clauss <\/strong>par exemple qui avait \u00e9t\u00e9 pouss\u00e9 vers la sortie \u00e0 l&rsquo;hiver 2024 avant d&rsquo;\u00eatre d\u00e9finitivement transf\u00e9r\u00e9 \u00e0 l&rsquo;<strong>OGC Nice <\/strong>l&rsquo;\u00e9t\u00e9 suivant. Entre temps, <strong>Benatia <\/strong>avait pouss\u00e9 un coup de gueule remarqu\u00e9 \u00e0 son sujet en interview avec Canal+. Au niveau de l&rsquo;effectif, un \u00e9norme nettoyage de printemps a continuellement \u00e9t\u00e9 effectu\u00e9 par le tandem <strong>Medhi Benatia <\/strong>&#8211; <strong>Pablo Longoria<\/strong>. <\/p>\n<p>                                            \u00abLe club est en train de devenir une grosse puissance et va tr\u00e8s bient\u00f4t \u00eatre un acteur majeur du football europ\u00e9en\u00bb<\/p>\n<p>Tous ces changements n&rsquo;ont pas laiss\u00e9 insensible <strong>Florian Thauvin <\/strong>qui s&rsquo;est dit press\u00e9 de retrouver l&rsquo;<strong>OM<\/strong> et le <strong>V\u00e9lodrome <\/strong>cette saison en tant que recrue \u00e0 6M\u20ac du <strong>RC Lens<\/strong>. En interview pour beIN SPORTS, le champion du monde 2018 a tir\u00e9 son chapeau sur l&rsquo;\u00e9norme travail des deux figures de proue de la direction de l&rsquo;<strong>Olympique de Marseille.<\/strong><strong> <\/strong>\u00ab C&rsquo;est vrai que le club a franchi un grand cap ces derni\u00e8res ann\u00e9es et notamment avec le travail mis en place par Pablo Longoria et Medhi Benatia. Le club est en train de devenir une grosse puissance, un gros club de Ligue 1 et va tr\u00e8s bient\u00f4t \u00eatre un acteur majeur du football europ\u00e9en. Chaque ann\u00e9e, ils se renforcent, \u00e7a va \u00eatre une tr\u00e8s belle \u00e9quipe. Je suis tr\u00e8s content pour le club \u00bb. <\/p>\n","protected":false},"excerpt":{"rendered":"Thomas Bourseau &#8211; R\u00e9dacteur F\u00e9ru de sport, Thomas a grandi entre le ballon rond du football et le&hellip;\n","protected":false},"author":2,"featured_media":323598,"comment_status":"","ping_status":"","sticky":false,"template":"","format":"standard","meta":{"footnotes":""},"categories":[2814],"tags":[1111,11,1777,674,1011,27,884,12,882,25],"class_list":{"0":"post-323597","1":"post","2":"type-post","3":"status-publish","4":"format-standard","5":"has-post-thumbnail","7":"category-marseille","8":"tag-actu","9":"tag-actualites","10":"tag-eu","11":"tag-europe","12":"tag-fr","13":"tag-france","14":"tag-marseille","15":"tag-news","16":"tag-provence-alpes-cote-dazur","17":"tag-republique-francaise"},"share_on_mastodon":{"url":"","error":""},"_links":{"self":[{"href":"https:\/\/www.europesays.com\/fr\/wp-json\/wp\/v2\/posts\/323597","targetHints":{"allow":["GET"]}}],"collection":[{"href":"https:\/\/www.europesays.com\/fr\/wp-json\/wp\/v2\/posts"}],"about":[{"href":"https:\/\/www.europesays.com\/fr\/wp-json\/wp\/v2\/types\/post"}],"author":[{"embeddable":true,"href":"https:\/\/www.europesays.com\/fr\/wp-json\/wp\/v2\/users\/2"}],"replies":[{"embeddable":true,"href":"https:\/\/www.europesays.com\/fr\/wp-json\/wp\/v2\/comments?post=323597"}],"version-history":[{"count":0,"href":"https:\/\/www.europesays.com\/fr\/wp-json\/wp\/v2\/posts\/323597\/revisions"}],"wp:featuredmedia":[{"embeddable":true,"href":"https:\/\/www.europesays.com\/fr\/wp-json\/wp\/v2\/media\/323598"}],"wp:attachment":[{"href":"https:\/\/www.europesays.com\/fr\/wp-json\/wp\/v2\/media?parent=323597"}],"wp:term":[{"taxonomy":"category","embeddable":true,"href":"https:\/\/www.europesays.com\/fr\/wp-json\/wp\/v2\/categories?post=323597"},{"taxonomy":"post_tag","embeddable":true,"href":"https:\/\/www.europesays.com\/fr\/wp-json\/wp\/v2\/tags?post=323597"}],"curies":[{"name":"wp","href":"https:\/\/api.w.org\/{rel}","templated":true}]}}