{"id":323603,"date":"2025-08-16T21:29:10","date_gmt":"2025-08-16T21:29:10","guid":{"rendered":"https:\/\/www.europesays.com\/fr\/323603\/"},"modified":"2025-08-16T21:29:10","modified_gmt":"2025-08-16T21:29:10","slug":"un-homme-de-50-ans-meurt-noye-dans-le-calvados-emporte-par-le-courant","status":"publish","type":"post","link":"https:\/\/www.europesays.com\/fr\/323603\/","title":{"rendered":"Un homme de 50 ans meurt noy\u00e9 dans le Calvados, emport\u00e9 par le courant"},"content":{"rendered":"<p class=\"paragraph text_align_left lp-f-body-02\">Un Caennais qui passait la journ\u00e9e \u00e0 la plage avec un ami est mort noy\u00e9 \u00e0 Lion-sur-Mer (Calvados) ce samedi apr\u00e8s-midi, selon les informations d\u2019<a href=\"https:\/\/actu.fr\/normandie\/lion-sur-mer_14365\/en-difficulte-dans-leau-un-homme-de-50-ans-se-noie-a-lion-sur-mer-pres-caen_63043299.html\" target=\"_self\" rel=\"noopener\">Actu.fr<\/a> et <a href=\"https:\/\/www.francebleu.fr\/infos\/faits-divers-justice\/emporte-par-le-courant-un-homme-de-50-ans-meurt-noye-a-lion-sur-mer-8848020\" target=\"_self\" rel=\"noopener\">Ici<\/a>.<\/p>\n<p class=\"paragraph text_align_left lp-f-body-02\">L\u2019homme \u00e9tait en train de se baigner lorsqu\u2019il s\u2019est retrouv\u00e9 en difficult\u00e9. \u00ab Il a \u00e9t\u00e9 emport\u00e9 au large et n\u2019a pas \u00e9t\u00e9 capable de regagner le bord. Son camarade qui l\u2019accompagnait a r\u00e9ussi, mais lui s\u2019est noy\u00e9 \u00bb, pr\u00e9cise le capitaine de gendarmerie Fabien Granger \u00e0 nos confr\u00e8res d\u2019Actu.fr.<\/p>\n<p class=\"paragraph text_align_left lp-f-body-02\">Selon <a href=\"https:\/\/www.lamanchelibre.fr\/actualite-1185729-lion-sur-mer-un-homme-de-50-ans-se-noie-emporte-par-un-courant-trop-fort\" target=\"_self\" rel=\"noopener\">La Manche Libre<\/a>, la victime a \u00e9t\u00e9 ramen\u00e9e sur la plage par son ami. Ce dernier a proc\u00e9d\u00e9 aux gestes de premiers secours. Mais \u00e0 l\u2019arriv\u00e9e des secours aux alentours de 16 heures, le quinquag\u00e9naire a \u00e9t\u00e9 d\u00e9clar\u00e9 mort.<\/p>\n<p class=\"paragraph text_align_left lp-f-body-02\">Le journal pr\u00e9cise qu\u2019une enqu\u00eate a \u00e9t\u00e9 ouverte pour pr\u00e9ciser les circonstances exactes de cette <a href=\"https:\/\/www.leparisien.fr\/seine-saint-denis-93\/bobigny-un-enfant-de-7-ans-meurt-noye-lors-dune-colonie-dans-lallier-16-08-2025-QC5E57JWK5HU7NFYNQCLJQEHEE.php\" target=\"_self\" rel=\"noopener\">noyade<\/a>.<\/p>\n<p class=\"paragraph text_align_left lp-f-body-02\">Entre le 1er juin et le 23 juillet 2025, 702 noyades ont eu lieu en France dont 193 suivies de d\u00e9c\u00e8s, selon un bilan publi\u00e9 par Sant\u00e9 publique France <a href=\"https:\/\/www.santepubliquefrance.fr\/maladies-et-traumatismes\/traumatismes\/noyade\/documents\/bulletin-national\/surveillance-des-noyades-durant-l-ete-2025.-bulletin-du-1er-aout-2025\" target=\"_blank\" rel=\"noreferrer noopener\">sur son site Internet<\/a>. Des chiffres en tr\u00e8s forte hausse qui s\u2019expliquent par les temp\u00e9ratures \u00e9lev\u00e9es ces derni\u00e8res semaines.<\/p>\n","protected":false},"excerpt":{"rendered":"Un Caennais qui passait la journ\u00e9e \u00e0 la plage avec un ami est mort noy\u00e9 \u00e0 Lion-sur-Mer (Calvados)&hellip;\n","protected":false},"author":2,"featured_media":137382,"comment_status":"","ping_status":"","sticky":false,"template":"","format":"standard","meta":{"footnotes":""},"categories":[1888],"tags":[1111,1928,11,1927,5763,459,1777,674,118,1011,27,12,1926,626,1925,25],"class_list":{"0":"post-323603","1":"post","2":"type-post","3":"status-publish","4":"format-standard","5":"has-post-thumbnail","7":"category-paris","8":"tag-actu","9":"tag-actu-paris","10":"tag-actualites","11":"tag-actualites-paris","12":"tag-calvados-14","13":"tag-departements-horsidfo","14":"tag-eu","15":"tag-europe","16":"tag-faits-divers","17":"tag-fr","18":"tag-france","19":"tag-news","20":"tag-news-paris","21":"tag-paris","22":"tag-paris-news","23":"tag-republique-francaise"},"share_on_mastodon":{"url":"https:\/\/pubeurope.com\/@fr\/115040574773563583","error":""},"_links":{"self":[{"href":"https:\/\/www.europesays.com\/fr\/wp-json\/wp\/v2\/posts\/323603","targetHints":{"allow":["GET"]}}],"collection":[{"href":"https:\/\/www.europesays.com\/fr\/wp-json\/wp\/v2\/posts"}],"about":[{"href":"https:\/\/www.europesays.com\/fr\/wp-json\/wp\/v2\/types\/post"}],"author":[{"embeddable":true,"href":"https:\/\/www.europesays.com\/fr\/wp-json\/wp\/v2\/users\/2"}],"replies":[{"embeddable":true,"href":"https:\/\/www.europesays.com\/fr\/wp-json\/wp\/v2\/comments?post=323603"}],"version-history":[{"count":0,"href":"https:\/\/www.europesays.com\/fr\/wp-json\/wp\/v2\/posts\/323603\/revisions"}],"wp:featuredmedia":[{"embeddable":true,"href":"https:\/\/www.europesays.com\/fr\/wp-json\/wp\/v2\/media\/137382"}],"wp:attachment":[{"href":"https:\/\/www.europesays.com\/fr\/wp-json\/wp\/v2\/media?parent=323603"}],"wp:term":[{"taxonomy":"category","embeddable":true,"href":"https:\/\/www.europesays.com\/fr\/wp-json\/wp\/v2\/categories?post=323603"},{"taxonomy":"post_tag","embeddable":true,"href":"https:\/\/www.europesays.com\/fr\/wp-json\/wp\/v2\/tags?post=323603"}],"curies":[{"name":"wp","href":"https:\/\/api.w.org\/{rel}","templated":true}]}}