{"id":323604,"date":"2025-08-16T21:30:15","date_gmt":"2025-08-16T21:30:15","guid":{"rendered":"https:\/\/www.europesays.com\/fr\/323604\/"},"modified":"2025-08-16T21:30:15","modified_gmt":"2025-08-16T21:30:15","slug":"engagee-drole-provocatrice-le-phenomene-chappell-roan-arrive-a-paris","status":"publish","type":"post","link":"https:\/\/www.europesays.com\/fr\/323604\/","title":{"rendered":"Engag\u00e9e, dr\u00f4le, provocatrice&#8230; le ph\u00e9nom\u00e8ne Chappell Roan arrive \u00e0 Paris"},"content":{"rendered":"<p>Gu\u00eapi\u00e8re \u00e0 franges cramoisie, bottes en cuir, strass turquoise sur les paupi\u00e8res et boucles rousses en bataille. Quand Chappell Roan entre en sc\u00e8ne, c&rsquo;est tout un cabaret queer qui d\u00e9barque. Mi-diva, mi-performeuse drag, elle incarne une nouvelle g\u00e9n\u00e9ration de pop stars sans filtre, farouchement authentique. Un air de <a href=\"https:\/\/www.parismatch.com\/bio\/billie-eilish\" rel=\"nofollow noopener\" target=\"_blank\">Billie Eilish<\/a> ou de Rene\u00e9 Rapp. L&rsquo;Am\u00e9rique en talons, version burlesque et sans compromis.<\/p>\n<p>Originaire du Missouri, Kayleigh Rose Amstutz grandit dans un univers ultraconservateur. Elle fr\u00e9quente l&rsquo;\u00e9glise trois fois par semaine. Difficile d&rsquo;imaginer plus grand \u00e9cart avec l&rsquo;univers qu&rsquo;elle a choisi d&#8217;embrasser. Elle poste ses premi\u00e8res reprises sur YouTube en 2013, avant de signer chez Atlantic Records en 2015. Elle adopte alors le nom de Chappell Roan, en hommage \u00e0 son grand-p\u00e8re et \u00e0 une chanson qu&rsquo;il adorait.<\/p>\n<p>Les morceaux de ses d\u00e9buts sont \u00e9tonnamment sages. Mais tout change en 2020. Le d\u00e9clic se produit une nuit dans un club gay de Los Angeles o\u00f9, pour la premi\u00e8re fois, elle s&rsquo;abandonne \u00e0 cette \u00e9nergie incandescente qui l&rsquo;habite et \u00e9prouve une joie nouvelle. Termin\u00e9es, les balades sombres : place au spectacle total, \u00e0 la f\u00eate drag, \u00e0 l&rsquo;humour piquant des performeuses qui repoussent les limites. Avec le musicien Dan Nigro, acolyte d&rsquo;Olivia Rodrigo, elle compose \u00ab Pink Pony Club \u00bb, morceau fondateur de son virage flamboyant. Suivra en 2023 un premier et unique album \u00e0 ce jour, le d\u00e9tonnant \u00ab The Rise and Fall of a Midwest Princess \u00bb, qui pose les bases d&rsquo;un univers brinquebalant et th\u00e9\u00e2tral. Loin des clich\u00e9s de la pop format\u00e9e, Chappell Roan s&rsquo;y r\u00e9v\u00e8le \u00e0 la fois provocatrice, vuln\u00e9rable et fi\u00e8rement lesbienne.<\/p>\n<p>Engag\u00e9e, dr\u00f4le, provocatrice&#8230; Chacun de ses concerts est une f\u00eate<\/p>\n<p>La cons\u00e9cration arrive rapidement, en 2024, avec le single \u00ab Good Luck, Babe ! \u00bb, hymne LGBTQ+ devenu viral sur TikTok. Le titre grimpe dans les charts. Aux Grammy Awards 2025, elle d\u00e9croche le prix de la meilleure artiste \u00e9mergente. Sur sc\u00e8ne, chaque concert est une f\u00eate \u00e0 th\u00e8me, o\u00f9 elle se r\u00e9invente : tant\u00f4t Jeanne d&rsquo;Arc, tant\u00f4t statue de la Libert\u00e9 queer, ou m\u00eame catcheuse, telle une Lady Gaga maquill\u00e9e en Cyndi Lauper. Une plong\u00e9e dans les ann\u00e9es 1980 o\u00f9 Kate Bush r\u00e9gnait en ma\u00eetresse.<\/p>\n<p>Dans ses chansons, Chappell Roan parle d&rsquo;amours saphiques, de libert\u00e9, d&rsquo;\u00e9mancipation. Quitte \u00e0 s&rsquo;attirer des critiques. Car sa franchise d\u00e9range. Accus\u00e9e de manquer de courtoisie avec les journalistes ou avec le public, la chanteuse ne s&rsquo;excuse pas. Se montre m\u00eame brusque lors d&rsquo;un concert \u00e0 Saint-Louis en 2024, o\u00f9 elle interrompt sa performance pour reprocher \u00e0 un spectateur de ne pas danser. Tyrannie du fun ! Rien de grave : l&rsquo;essence du drag r\u00e9side dans la provocation et l&#8217;embarras.<\/p>\n<p>    La suite apr\u00e8s cette publicit\u00e9<\/p>\n<p>Engag\u00e9e, dr\u00f4le et adul\u00e9e par la communaut\u00e9 LGBTQ+, Chappell Roan fait de la musique un acte de r\u00e9sistance, de revendication joyeuse. D&rsquo;o\u00f9 le parfum d&rsquo;excitation qui entoure sa venue \u00e0 Paris. Alors que les fans attendaient un nouvel album, elle manie l&rsquo;art de la frustration en ne l\u00e2chant qu&rsquo;un single, \u00ab The Subway \u00bb, sorti il y a quelques jours. Directement num\u00e9ro 1 mondial sur Spotify avec plus de 8 millions de streams. L&rsquo;Am\u00e9ricaine sera-t-elle \u00e0 la hauteur des attentes ? Apr\u00e8s Billie Eilish en 2023, Lana Del Rey en 2024, Rock en Seine lui offre l&rsquo;occasion de mettre Paris chaos. Rendez-vous le 20 ao\u00fbt.<\/p>\n<p>L\u2019\u2019\u00e9v\u00e9nement parisien avant la rentr\u00e9e<\/p>\n<p>Moins de t\u00eates d\u2019affiche cette ann\u00e9e, mais une programmation assez \u00e9clectique pour donner envie de parcourir cinq jours durant les all\u00e9es du parc de Saint-Cloud. Parmi les stars: Vampire Weekend, Doechii (le 21 ao\u00fbt), Justice (le 23) ou Queens of The Stone Age (le 24). Mais c\u2019est sur les petites sc\u00e8nes que tout se jouera. \u00c0 voir: Khruangbin (le 21), Caribou (le 22), Floating Points (le 22), les v\u00e9t\u00e9rans Stereophonics (le 24) ou le g\u00e9nial Kids Return (le 22). Pol\u00e9mique attendue avec le concert de Kneecap (le 24) dont certains d\u00e9put\u00e9s demandent l\u2019annulation en raison de leurs prises de position propalestiniennes.<\/p>\n<p>    <img decoding=\"async\" src=\"https:\/\/www.europesays.com\/fr\/wp-content\/uploads\/2025\/08\/sc_capture_decran_2025_0.jpg\" alt=\"Rock en Seine, du 20 au 24ao\u00fbt, domaine national de Saint-Cloud.\" loading=\"lazy\"\/><\/p>\n<p>\n      Rock en Seine, du 20 au 24ao\u00fbt, domaine national de Saint-Cloud.<\/p>\n<p>                                \u00a9 DR<\/p>\n<p>\u00a0<\/p>\n","protected":false},"excerpt":{"rendered":"Gu\u00eapi\u00e8re \u00e0 franges cramoisie, bottes en cuir, strass turquoise sur les paupi\u00e8res et boucles rousses en bataille. Quand&hellip;\n","protected":false},"author":2,"featured_media":323605,"comment_status":"","ping_status":"","sticky":false,"template":"","format":"standard","meta":{"footnotes":""},"categories":[1888],"tags":[1111,1928,11,1927,1777,674,1011,27,12,1926,626,1925,25],"class_list":{"0":"post-323604","1":"post","2":"type-post","3":"status-publish","4":"format-standard","5":"has-post-thumbnail","7":"category-paris","8":"tag-actu","9":"tag-actu-paris","10":"tag-actualites","11":"tag-actualites-paris","12":"tag-eu","13":"tag-europe","14":"tag-fr","15":"tag-france","16":"tag-news","17":"tag-news-paris","18":"tag-paris","19":"tag-paris-news","20":"tag-republique-francaise"},"share_on_mastodon":{"url":"https:\/\/pubeurope.com\/@fr\/115040578824322676","error":""},"_links":{"self":[{"href":"https:\/\/www.europesays.com\/fr\/wp-json\/wp\/v2\/posts\/323604","targetHints":{"allow":["GET"]}}],"collection":[{"href":"https:\/\/www.europesays.com\/fr\/wp-json\/wp\/v2\/posts"}],"about":[{"href":"https:\/\/www.europesays.com\/fr\/wp-json\/wp\/v2\/types\/post"}],"author":[{"embeddable":true,"href":"https:\/\/www.europesays.com\/fr\/wp-json\/wp\/v2\/users\/2"}],"replies":[{"embeddable":true,"href":"https:\/\/www.europesays.com\/fr\/wp-json\/wp\/v2\/comments?post=323604"}],"version-history":[{"count":0,"href":"https:\/\/www.europesays.com\/fr\/wp-json\/wp\/v2\/posts\/323604\/revisions"}],"wp:featuredmedia":[{"embeddable":true,"href":"https:\/\/www.europesays.com\/fr\/wp-json\/wp\/v2\/media\/323605"}],"wp:attachment":[{"href":"https:\/\/www.europesays.com\/fr\/wp-json\/wp\/v2\/media?parent=323604"}],"wp:term":[{"taxonomy":"category","embeddable":true,"href":"https:\/\/www.europesays.com\/fr\/wp-json\/wp\/v2\/categories?post=323604"},{"taxonomy":"post_tag","embeddable":true,"href":"https:\/\/www.europesays.com\/fr\/wp-json\/wp\/v2\/tags?post=323604"}],"curies":[{"name":"wp","href":"https:\/\/api.w.org\/{rel}","templated":true}]}}