{"id":323606,"date":"2025-08-16T21:31:10","date_gmt":"2025-08-16T21:31:10","guid":{"rendered":"https:\/\/www.europesays.com\/fr\/323606\/"},"modified":"2025-08-16T21:31:10","modified_gmt":"2025-08-16T21:31:10","slug":"info-va-des-eglises-de-pantin-et-la-courneuve-vandalisees-par-un-homme-arme-dun-couteau","status":"publish","type":"post","link":"https:\/\/www.europesays.com\/fr\/323606\/","title":{"rendered":"[Info VA] Des \u00e9glises de Pantin et La Courneuve vandalis\u00e9es par un homme arm\u00e9 d&rsquo;un couteau"},"content":{"rendered":"<p>                                            Faits divers\n                                                                            <\/p>\n<p>\n                                            Le suspect a \u00e9t\u00e9 interpell\u00e9 au milieu de fid\u00e8les apeur\u00e9s. Des bancs ont \u00e9t\u00e9 retourn\u00e9s, de l\u2019eau b\u00e9nite jet\u00e9e au sol, des bougeoirs renvers\u00e9s et des tableaux bris\u00e9s.                                        <\/p>\n<p>                                                Publi\u00e9 le 16 ao\u00fbt 2025 \u00e0 22h27                                                                                            <\/p>\n<p>                                            <img loading=\"lazy\" width=\"1024\" height=\"570\" src=\"https:\/\/www.europesays.com\/fr\/wp-content\/uploads\/2025\/08\/Screenshot-2025-08-16-at-22.16.29.jpg\" class=\"attachment-post-thumbnail size-post-thumbnail wp-post-image lazy\" alt=\"Une statue a \u00e9t\u00e9 bris\u00e9e dans l\u2019une des \u00e9glises vandalis\u00e9es. \u00a9 DR\" decoding=\"async\"  data-\/><\/p>\n<p>                                            Une statue a \u00e9t\u00e9 bris\u00e9e dans l\u2019une des \u00e9glises vandalis\u00e9es. \u00a9 DR<\/p>\n<p class=\"p1\">Un homme, arm\u00e9 d\u2019un couteau, a \u00e9t\u00e9 interpell\u00e9 apr\u00e8s avoir <a href=\"https:\/\/www.valeursactuelles.com\/faits-divers\/info-va-batard-jesus-un-seul-dieu-allah-tags-anti-chretiens-et-vandalisme-dans-une-eglise-a-paris\" target=\"_blank\" rel=\"noopener\">vandalis\u00e9 deux \u00e9glises<\/a> \u00e0 Pantin puis \u00e0 La Courneuve, en <a href=\"https:\/\/www.valeursactuelles.com\/faits-divers\/seine-saint-denis-des-riverains-excedes-rouent-de-coup-un-squatteur\" target=\"_blank\" rel=\"noopener\">Seine-Saint-Denis<\/a>, ce samedi 16 ao\u00fbt, selon nos informations.<\/p>\n<p><a href=\"https:\/\/www.valeursactuelles.com\/faits-divers\/quelle-honte-des-militants-pro-palestiniens-perturbent-une-messe-a-leglise-de-la-madeleine-a-paris\" class=\"h-flex h-align-items-center h-border-tb h-ptb-15\" target=\"_blank\" rel=\"noopener\">A\u00a0LIRE\u00a0\u00ab Quelle honte ! \u00bb : des militants pro-palestiniens perturbent une messe \u00e0 l\u2019\u00e9glise de la Madeleine \u00e0 Paris<\/a><\/p>\n<p class=\"p1\">Requis pour la profanation de l\u2019\u00e9glise Sainte-Marthe des Quatre-Chemins, \u00e0 Pantin, le matin, <a href=\"https:\/\/www.valeursactuelles.com\/clubvaleurs\/societe\/le-pouvoir-perdu-de-la-police\" target=\"_blank\" rel=\"noopener\">des policiers de la Brigade anticriminalit\u00e9 (BAC)<\/a> ont recherch\u00e9, munis de sa description, le suspect en patrouillant dans la ville.<\/p>\n<p class=\"p1\">Au cours de leur prospection, les agents ont alors \u00e9t\u00e9 inform\u00e9s sur les ondes qu\u2019un individu \u00e9tait en train de profaner des \u0153uvres religieuses et de perturber la pr\u00e9paration de la messe en l\u2019\u00e9glise Saint-Yves de La Courneuve.<\/p>\n<p class=\"p1\">Arriv\u00e9s sur les lieux, les policiers ont aussit\u00f4t remarqu\u00e9 la pr\u00e9sence de fid\u00e8les visiblement choqu\u00e9s sur le parvis. \u00c0 l\u2019int\u00e9rieur, ils ont rapidement rep\u00e9r\u00e9 l\u2019individu en train de briser des tableaux et de jeter des bougies sous les yeux d\u2019autres fid\u00e8les effray\u00e9s.<\/p>\n<p>Un suspect de \u201ctype africain\u201d interpell\u00e9<\/p>\n<p class=\"p1\">Le suspect correspondait \u00e0 la description du premier individu signal\u00e9 et d\u00e9crit comme de \u201ctype africain\u201d, porteur d\u2019une casquette jaune et marchant pieds nus. Les policiers, armes de service au poing, lui ont demand\u00e9 de poser son arme et de se rendre, en vain.<\/p>\n<p class=\"p1\">Le suspect a alors d\u00e9sign\u00e9 les agents avec son couteau suisse en leur lan\u00e7ant : \u201cApprochez-vous, je vous tue !\u201d, refusant toujours de l\u00e2cher son arme. Puis, il s\u2019est avanc\u00e9 vers les policiers et leur a fonc\u00e9 dessus, avant d\u2019\u00eatre repouss\u00e9 et amen\u00e9 difficilement au sol.<\/p>\n<p class=\"p1\">Rejoints par des renforts, les agents de la BAC ont interpell\u00e9 le forcen\u00e9 violent et mena\u00e7ant vers 14h00 au c\u0153ur du lieu de culte, o\u00f9 de nombreux bancs ont \u00e9t\u00e9 retourn\u00e9s, des flyers dispers\u00e9s, de l\u2019eau b\u00e9nite jet\u00e9e au sol, des bougeoirs renvers\u00e9s et des tableaux bris\u00e9s.<\/p>\n<p class=\"p1\">L\u2019auteur a \u00e9t\u00e9 plac\u00e9 en garde \u00e0 vue et une enqu\u00eate a \u00e9t\u00e9 ouverte. Au vu de son comportement et de ses propos, il pourrait souffrir de troubles psychiatriques, indique une source polici\u00e8re. Aucun bless\u00e9 n\u2019est \u00e0 d\u00e9plorer.<\/p>\n","protected":false},"excerpt":{"rendered":"Faits divers Le suspect a \u00e9t\u00e9 interpell\u00e9 au milieu de fid\u00e8les apeur\u00e9s. Des bancs ont \u00e9t\u00e9 retourn\u00e9s, de&hellip;\n","protected":false},"author":2,"featured_media":323607,"comment_status":"","ping_status":"","sticky":false,"template":"","format":"standard","meta":{"footnotes":""},"categories":[1888],"tags":[11,12336,1777,674,1011,27,12,626,25],"class_list":{"0":"post-323606","1":"post","2":"type-post","3":"status-publish","4":"format-standard","5":"has-post-thumbnail","7":"category-paris","8":"tag-actualites","9":"tag-eglise","10":"tag-eu","11":"tag-europe","12":"tag-fr","13":"tag-france","14":"tag-news","15":"tag-paris","16":"tag-republique-francaise"},"share_on_mastodon":{"url":"https:\/\/pubeurope.com\/@fr\/115040582708763578","error":""},"_links":{"self":[{"href":"https:\/\/www.europesays.com\/fr\/wp-json\/wp\/v2\/posts\/323606","targetHints":{"allow":["GET"]}}],"collection":[{"href":"https:\/\/www.europesays.com\/fr\/wp-json\/wp\/v2\/posts"}],"about":[{"href":"https:\/\/www.europesays.com\/fr\/wp-json\/wp\/v2\/types\/post"}],"author":[{"embeddable":true,"href":"https:\/\/www.europesays.com\/fr\/wp-json\/wp\/v2\/users\/2"}],"replies":[{"embeddable":true,"href":"https:\/\/www.europesays.com\/fr\/wp-json\/wp\/v2\/comments?post=323606"}],"version-history":[{"count":0,"href":"https:\/\/www.europesays.com\/fr\/wp-json\/wp\/v2\/posts\/323606\/revisions"}],"wp:featuredmedia":[{"embeddable":true,"href":"https:\/\/www.europesays.com\/fr\/wp-json\/wp\/v2\/media\/323607"}],"wp:attachment":[{"href":"https:\/\/www.europesays.com\/fr\/wp-json\/wp\/v2\/media?parent=323606"}],"wp:term":[{"taxonomy":"category","embeddable":true,"href":"https:\/\/www.europesays.com\/fr\/wp-json\/wp\/v2\/categories?post=323606"},{"taxonomy":"post_tag","embeddable":true,"href":"https:\/\/www.europesays.com\/fr\/wp-json\/wp\/v2\/tags?post=323606"}],"curies":[{"name":"wp","href":"https:\/\/api.w.org\/{rel}","templated":true}]}}