{"id":323608,"date":"2025-08-16T21:32:30","date_gmt":"2025-08-16T21:32:30","guid":{"rendered":"https:\/\/www.europesays.com\/fr\/323608\/"},"modified":"2025-08-16T21:32:30","modified_gmt":"2025-08-16T21:32:30","slug":"un-athlete-des-jo-de-paris-profondement-attriste-il-annonce-le-deces-de-ses-jumeaux-quelques-jours-apres-leur-naissance","status":"publish","type":"post","link":"https:\/\/www.europesays.com\/fr\/323608\/","title":{"rendered":"Un athl\u00e8te des JO de Paris \u201cprofond\u00e9ment attrist\u00e9\u201d : il annonce le d\u00e9c\u00e8s de ses jumeaux, quelques jours apr\u00e8s leur naissance"},"content":{"rendered":"<p>Il faisait vibrer les terrains de badminton, il fait aujourd\u2019hui chavirer les c\u0153urs avec un t\u00e9moignage d\u00e9chirant. Marvin Seidel, sportif accompli et vu r\u00e9cemment aux JO de Paris, traverse l\u2019\u00e9preuve la plus douloureuse de sa vie : la perte de ses jumeaux, n\u00e9s au d\u00e9but du mois d\u2019ao\u00fbt.<\/p>\n<p>Marvin Emil Seidel, 29 ans, est <strong>un nom bien connu des passionn\u00e9s de badminton<\/strong>. M\u00e9daill\u00e9 d\u2019argent aux Championnats d\u2019Europe 2021 en double hommes, il avait d\u00e9j\u00e0 port\u00e9 haut les couleurs de l\u2019Allemagne aux JO de Tokyo. <a>L\u2019an dernier \u00e0 Paris<\/a>, son aventure olympique avait \u00e9t\u00e9 frein\u00e9e par la blessure de son partenaire Mark Lamsfu\u00df, contraignant le duo \u00e0 abandonner en double masculin. Un coup dur sportif, certes, mais qui para\u00eet bien d\u00e9risoire face au <strong>drame intime qu\u2019il traverse aujourd\u2019hui<\/strong>. Derri\u00e8re le champion solide et d\u00e9termin\u00e9, c\u2019est un jeune homme bris\u00e9 que l\u2019on d\u00e9couvre.<\/p>\n<p><strong>Marvin Seidel annonce la mort de ses jumeaux, tout juste n\u00e9s<\/strong><\/p>\n<p>C\u2019est sur Instagram, le 14 ao\u00fbt dernier, que <strong>Marvin Seidel a livr\u00e9 un message des plus douloureux<\/strong>. Le joueur a annonc\u00e9 <a href=\"https:\/\/www.voici.fr\/tele-realite\/j-avais-besoin-de-silence-un-an-apres-la-disparition-de-son-fils-liam-di-benedetto-prend-enfin-la-parole-en-larmes-809426\" target=\"_blank\" rel=\"noopener\">la disparition de ses jumeaux<\/a>, Clara et Jacob, n\u00e9s le 1er ao\u00fbt. \u201cNos jumeaux n\u2019ont \u00e9t\u00e9 avec nous que quelques jours, mais ils nous ont donn\u00e9 plus d\u2019amour que nous n\u2019aurions jamais imagin\u00e9. Nous sommes profond\u00e9ment attrist\u00e9s, mais<strong> nous sommes n\u00e9anmoins \u00e9ternellement reconnaissants du temps que nous avons pu passer avec eux<\/strong>\u201d, a-t-il \u00e9crit. Un texte bouleversant accompagn\u00e9 d\u2019un dessin sur lequel on peut voir une girafe et un \u00e9l\u00e9phant c\u00f4te \u00e0 c\u00f4te.<\/p>\n<p>Clara s\u2019est \u00e9teinte le 5 ao\u00fbt, Jacob l\u2019a suivie le lendemain\u2026 Une photo de leur s\u00e9pulture, orn\u00e9e d\u2019une gerbe de fleurs marqu\u00e9e <strong>\u201cL\u2019amour ne finit jamais, maman et papa\u201d<\/strong>, compl\u00e8te cette publication qui a fendu le c\u0153ur de ses abonn\u00e9s. Aucune pr\u00e9cision n\u2019a \u00e9t\u00e9 donn\u00e9e sur les causes du d\u00e9c\u00e8s, mais la douleur du sportif a trouv\u00e9 un \u00e9cho immense dans la communaut\u00e9 sportive et au-del\u00e0.<\/p>\n<p><strong>Une naissance tant attendue devenue un drame<\/strong><\/p>\n<p>Ce qui rend l\u2019\u00e9preuve encore plus insoutenable, c\u2019est qu\u2019elle faisait suite \u00e0 <strong>une attente pleine de joie et d\u2019espoir<\/strong>. Le 2 juin dernier, Marvin Seidel annon\u00e7ait avec tendresse l\u2019arriv\u00e9e prochaine de ses b\u00e9b\u00e9s. Il posait fi\u00e8rement devant deux petits bodies, des mini-raquettes de badminton et les \u00e9chographies, le sourire aux l\u00e8vres. \u201cLa vie aura bient\u00f4t l\u2019air tr\u00e8s diff\u00e9rente. Je suis tellement impatient de ce qui va arriver !\u201d, \u00e9crivait-il alors.<strong> La naissance \u00e9tait pr\u00e9vue pour la fin de l\u2019ann\u00e9e, mais ses jumeaux \u00e9taient arriv\u00e9s plus t\u00f4t.<\/strong><\/p>\n<blockquote class=\"instagram-media\" data-instgrm-captioned=\"\" data-instgrm-permalink=\"https:\/\/www.instagram.com\/p\/DNTk_DBsSDD\/?utm_source=ig_embed&amp;utm_campaign=loading\" data-instgrm-version=\"14\" style=\" background:#FFF; border:0; border-radius:3px; box-shadow:0 0 1px 0 rgba(0,0,0,0.5),0 1px 10px 0 rgba(0,0,0,0.15); margin: 1px; max-width:658px; min-width:326px; padding:0; width:99.375%; width:-webkit-calc(100% - 2px); width:calc(100% - 2px);\"\/><p>\n                                                                                                        <script async src=\"\/\/www.instagram.com\/embed.js\"><\/script><\/p>\n","protected":false},"excerpt":{"rendered":"Il faisait vibrer les terrains de badminton, il fait aujourd\u2019hui chavirer les c\u0153urs avec un t\u00e9moignage d\u00e9chirant. Marvin&hellip;\n","protected":false},"author":2,"featured_media":323609,"comment_status":"","ping_status":"","sticky":false,"template":"","format":"standard","meta":{"footnotes":""},"categories":[1888],"tags":[11,1362,3349,847,1777,674,1011,27,23538,22107,18,12,626,25],"class_list":{"0":"post-323608","1":"post","2":"type-post","3":"status-publish","4":"format-standard","5":"has-post-thumbnail","7":"category-paris","8":"tag-actualites","9":"tag-deuil","10":"tag-du00e9cu00e8s","11":"tag-enfant","12":"tag-eu","13":"tag-europe","14":"tag-fr","15":"tag-france","16":"tag-jeux-olympiques-paris-2024","17":"tag-jo-2024","18":"tag-mort","19":"tag-news","20":"tag-paris","21":"tag-republique-francaise"},"share_on_mastodon":{"url":"https:\/\/pubeurope.com\/@fr\/115040586656464365","error":""},"_links":{"self":[{"href":"https:\/\/www.europesays.com\/fr\/wp-json\/wp\/v2\/posts\/323608","targetHints":{"allow":["GET"]}}],"collection":[{"href":"https:\/\/www.europesays.com\/fr\/wp-json\/wp\/v2\/posts"}],"about":[{"href":"https:\/\/www.europesays.com\/fr\/wp-json\/wp\/v2\/types\/post"}],"author":[{"embeddable":true,"href":"https:\/\/www.europesays.com\/fr\/wp-json\/wp\/v2\/users\/2"}],"replies":[{"embeddable":true,"href":"https:\/\/www.europesays.com\/fr\/wp-json\/wp\/v2\/comments?post=323608"}],"version-history":[{"count":0,"href":"https:\/\/www.europesays.com\/fr\/wp-json\/wp\/v2\/posts\/323608\/revisions"}],"wp:featuredmedia":[{"embeddable":true,"href":"https:\/\/www.europesays.com\/fr\/wp-json\/wp\/v2\/media\/323609"}],"wp:attachment":[{"href":"https:\/\/www.europesays.com\/fr\/wp-json\/wp\/v2\/media?parent=323608"}],"wp:term":[{"taxonomy":"category","embeddable":true,"href":"https:\/\/www.europesays.com\/fr\/wp-json\/wp\/v2\/categories?post=323608"},{"taxonomy":"post_tag","embeddable":true,"href":"https:\/\/www.europesays.com\/fr\/wp-json\/wp\/v2\/tags?post=323608"}],"curies":[{"name":"wp","href":"https:\/\/api.w.org\/{rel}","templated":true}]}}