{"id":323614,"date":"2025-08-16T21:35:10","date_gmt":"2025-08-16T21:35:10","guid":{"rendered":"https:\/\/www.europesays.com\/fr\/323614\/"},"modified":"2025-08-16T21:35:10","modified_gmt":"2025-08-16T21:35:10","slug":"la-diplomatie-americaine-suspend-ses-visas-humanitaires-pour-les-gazaouis","status":"publish","type":"post","link":"https:\/\/www.europesays.com\/fr\/323614\/","title":{"rendered":"la diplomatie am\u00e9ricaine suspend ses visas humanitaires pour les Gazaouis"},"content":{"rendered":"<p>Cette annonce fait suite aux alertes de la journaliste Laura Loomer. Elle a pris pour cible \u00abHeal Palestine\u00bb, qu\u2019elle pr\u00e9sente comme une association organisant des voyages aux \u00c9tats-Unis pour raisons m\u00e9dicales de Palestiniens de la bande de Gaza.<\/p>\n<p class=\"fig-paragraph\">La diplomatie am\u00e9ricaine a annonc\u00e9 samedi qu&rsquo;elle mettait fin, le temps d&rsquo;une enqu\u00eate, \u00e0 ses visas m\u00e9dicaux pour des r\u00e9fugi\u00e9s palestiniens de la bande de Gaza, apr\u00e8s qu&rsquo;une influenceuse d&rsquo;extr\u00eame droite, qui a l&rsquo;oreille du pr\u00e9sident Donald Trump, eut d\u00e9nonc\u00e9 cette politique humanitaire.<\/p>\n<p class=\"fig-paragraph\">\u00abTous les visas visiteurs pour les personnes en provenance de Gaza sont suspendus le temps que nous fassions un examen complet et minutieux du processus et des proc\u00e9dures utilis\u00e9s ces derniers jours pour accorder un petit nombre de visas temporaires de type m\u00e9dical et humanitaire\u00bb, a indiqu\u00e9 sur son compte X le d\u00e9partement d&rsquo;Etat.<\/p>\n<p>                                    <a class=\"fig-a11y-skip a11y-hidden\" href=\"#fig-a11y-skip-main-inarticle\"><br \/>\n        Passer la publicit\u00e9<br \/>\n    <\/a><\/p>\n<p>\u00abIls inondent litt\u00e9ralement notre pays de djihadistes\u00bb<\/p>\n<p class=\"fig-paragraph\">Cette annonce du minist\u00e8re des Affaires \u00e9trang\u00e8res, dirig\u00e9 par le secr\u00e9taire d&rsquo;\u00c9tat, Marco Rubio, fait suite \u00e0 des messages sur X de\u00a0<a href=\"http:\/\/www.lefigaro.fr\/international\/laura-loomer-la-complotiste-qui-murmure-a-l-oreille-de-donald-trump-20250404\" data-fig-type=\"Article\" data-gtm-custom-categorie=\"navigation\" data-gtm-custom-action=\"crossclick\" data-gtm-custom-label=\"Contextuel\" data-gtm-event=\"customEventSPE\" data-fig-domain=\"LEFIGARO\" rel=\"nofollow noopener\" target=\"_blank\">Laura Loomer<\/a>, journaliste et influenceuse class\u00e9e \u00e0 l&rsquo;extr\u00eame droite et r\u00e9put\u00e9e pour ses sorties complotistes et qui a d\u00e9j\u00e0 obtenu la t\u00eate de responsables de la pr\u00e9c\u00e9dente administration d\u00e9mocrate de Joe Biden.<\/p>\n<p class=\"fig-paragraph\">Elle a ainsi annonc\u00e9 vendredi avoir d\u00e9nonc\u00e9 aupr\u00e8s de parlementaires r\u00e9publicains l&rsquo;arriv\u00e9e aux Etats-Unis de Palestiniens de Gaza qui \u00abtravaillent pour des organisations islamiques pro-Hamas (&#8230;) affili\u00e9es aux\u00a0<a href=\"http:\/\/www.lefigaro.fr\/politique\/entrisme-six-semaines-apres-un-accablant-rapport-macron-devoile-son-plan-pour-entraver-les-freres-musulmans-20250707\" data-fig-type=\"Article\" data-gtm-custom-categorie=\"navigation\" data-gtm-custom-action=\"crossclick\" data-gtm-custom-label=\"Contextuel\" data-gtm-event=\"customEventSPE\" data-fig-domain=\"LEFIGARO\" rel=\"nofollow noopener\" target=\"_blank\">Fr\u00e8res musulmans<\/a> \u00a0et financ\u00e9es par le Qatar\u00bb. Laura Loomer a pris pour cible \u00abHeal Palestine\u00bb, que son compte X pr\u00e9sente comme une association organisant des voyages aux Etats-Unis pour raisons m\u00e9dicales de Palestiniens de la bande de Gaza.<\/p>\n<p>\u00abQuelqu\u2019un devra \u00eatre vir\u00e9\u00bb<\/p>\n<p class=\"fig-paragraph\">\u00abJ&rsquo;ai parl\u00e9 avec l&rsquo;\u00e9quipe du s\u00e9nateur Tom Cotton (pr\u00e9sident de la commission du Renseignement, NDLR) et elle regarde comment ces Gazaouis ont obtenu un visa pour les Etats-Unis\u00bb, a-t-elle \u00e9crit. \u00abC&rsquo;est v\u00e9ritablement inacceptable. Quelqu&rsquo;un devra \u00eatre vir\u00e9 du d\u00e9partement d&rsquo;Etat quand Marco Rubio saura qui a approuv\u00e9 ces visas\u00bb, a r\u00e9clam\u00e9 Laura Loomer, accusant \u00able Qatar, notre ennemi, pas notre ami\u00bb d&rsquo;avoir \u00abconvoy\u00e9 ces Gazaouis vers les Etats-Unis via la compagnie Qatar Airways\u00bb. \u00abIls inondent litt\u00e9ralement notre pays de djihadistes\u00bb, a-t-elle conclu.<\/p>\n<p class=\"fig-paragraph\">Toujours sur X, un \u00e9lu \u00e0 la Chambre des repr\u00e9sentants pour la Floride, Randy Fine, a d\u00e9nonc\u00e9 une politique de visas \u00abinacceptable\u00bb et promis de \u00abcoop\u00e9rer avec les autorit\u00e9s comp\u00e9tentes pour (&#8230;) chercher l&rsquo;expulsion imm\u00e9diate\u00bb de ces Palestiniens. Fin juillet, apr\u00e8s d\u00e9nonciation de Laura Loomer, le Pentagone avait annul\u00e9 l&#8217;embauche d&rsquo;une haute fonctionnaire comme professeure \u00e0 l&rsquo;\u00e9cole militaire West Point. Et en avril, le directeur de l&rsquo;agence de renseignement NSA, Timothy Haugh, et son adjointe, Wendy Noble, avaient \u00e9t\u00e9 limog\u00e9s pour \u00abd\u00e9loyaut\u00e9\u00bb envers Donald Trump, avait plastronn\u00e9 Laura Loomer, apr\u00e8s avoir vu le pr\u00e9sident \u00e0 la Maison Blanche.<\/p>\n","protected":false},"excerpt":{"rendered":"Cette annonce fait suite aux alertes de la journaliste Laura Loomer. Elle a pris pour cible \u00abHeal Palestine\u00bb,&hellip;\n","protected":false},"author":2,"featured_media":323615,"comment_status":"","ping_status":"","sticky":false,"template":"","format":"standard","meta":{"footnotes":""},"categories":[1589],"tags":[11,75,73,1866,12,1864,1865,1863,308],"class_list":{"0":"post-323614","1":"post","2":"type-post","3":"status-publish","4":"format-standard","5":"has-post-thumbnail","7":"category-etats-unis","8":"tag-actualites","9":"tag-donald-trump","10":"tag-etats-unis","11":"tag-etats-unis-damerique","12":"tag-news","13":"tag-united-states","14":"tag-united-states-of-america","15":"tag-us","16":"tag-usa"},"share_on_mastodon":{"url":"https:\/\/pubeurope.com\/@fr\/115040598421949704","error":""},"_links":{"self":[{"href":"https:\/\/www.europesays.com\/fr\/wp-json\/wp\/v2\/posts\/323614","targetHints":{"allow":["GET"]}}],"collection":[{"href":"https:\/\/www.europesays.com\/fr\/wp-json\/wp\/v2\/posts"}],"about":[{"href":"https:\/\/www.europesays.com\/fr\/wp-json\/wp\/v2\/types\/post"}],"author":[{"embeddable":true,"href":"https:\/\/www.europesays.com\/fr\/wp-json\/wp\/v2\/users\/2"}],"replies":[{"embeddable":true,"href":"https:\/\/www.europesays.com\/fr\/wp-json\/wp\/v2\/comments?post=323614"}],"version-history":[{"count":0,"href":"https:\/\/www.europesays.com\/fr\/wp-json\/wp\/v2\/posts\/323614\/revisions"}],"wp:featuredmedia":[{"embeddable":true,"href":"https:\/\/www.europesays.com\/fr\/wp-json\/wp\/v2\/media\/323615"}],"wp:attachment":[{"href":"https:\/\/www.europesays.com\/fr\/wp-json\/wp\/v2\/media?parent=323614"}],"wp:term":[{"taxonomy":"category","embeddable":true,"href":"https:\/\/www.europesays.com\/fr\/wp-json\/wp\/v2\/categories?post=323614"},{"taxonomy":"post_tag","embeddable":true,"href":"https:\/\/www.europesays.com\/fr\/wp-json\/wp\/v2\/tags?post=323614"}],"curies":[{"name":"wp","href":"https:\/\/api.w.org\/{rel}","templated":true}]}}