{"id":323618,"date":"2025-08-16T21:37:11","date_gmt":"2025-08-16T21:37:11","guid":{"rendered":"https:\/\/www.europesays.com\/fr\/323618\/"},"modified":"2025-08-16T21:37:11","modified_gmt":"2025-08-16T21:37:11","slug":"sailgp-venue-pour-rester-la-ligue-mondiale-dit-oui-a-lallemagne","status":"publish","type":"post","link":"https:\/\/www.europesays.com\/fr\/323618\/","title":{"rendered":"SailGP : Venue pour rester &#8211; la ligue mondiale dit oui \u00e0 l&rsquo;Allemagne"},"content":{"rendered":"<p class=\"\">La bonne nouvelle pour les fans est tomb\u00e9e d\u00e8s le d\u00e9but de la premi\u00e8re allemande de SailGP \u00e0 Sassnitz : la s\u00e9rie de courses internationale est venue en Allemagne pour y rester. La s\u00e9rie de courses \u00e0 la voile la plus rapide sera de retour en Allemagne pour au moins deux ann\u00e9es suppl\u00e9mentaires. En compagnie de la ministre-pr\u00e9sidente du Mecklembourg-Pom\u00e9ranie occidentale, Manuela Schwesig, les responsables de la ligue ont confirm\u00e9, lors du premier des deux jours de course du spectacle de voile \u00e0 Sassnitz, qu&rsquo;une Germany SailGP aura \u00e9galement lieu en 2026 et 2027.<\/p>\n<p>SailGP \u00e0 Sassnitz : quand l&rsquo;eau tremble&#8230;<\/p>\n<p class=\"\">Cela correspondait bien au d\u00e9but de jubilation de l&rsquo;\u00e9quipe Germany SailGP. Erik Heil et son \u00e9quipage ont remport\u00e9 la premi\u00e8re course devant un public d\u00e9cha\u00een\u00e9. Au large de Sassnitz, la ligne d&rsquo;arriv\u00e9e se trouvait \u00e0 une centaine de m\u00e8tres seulement des grandes tribunes. C&rsquo;\u00e9tait un plaisir en direct &#8211; \u00e9galement pour les navigateurs sur l&rsquo;eau, que le spectacle a galvanis\u00e9s. Le soir, le barreur Erik Kosegarten-Heil a d\u00e9clar\u00e9 : \u00ab\u00a0C&rsquo;\u00e9tait quelque chose de tr\u00e8s sp\u00e9cial ! Nous avons ressenti les vibrations des fans\u00a0\u00bb.<\/p>\n<blockquote><p>Voir les drapeaux allemands dans les tribunes, c&rsquo;est quelque chose qui ne s&rsquo;est jamais produit dans notre vie\u00a0\u00bb. Erik Kosegarten-Heil<\/p><\/blockquote>\n<p class=\"\">Depuis ce 16 ao\u00fbt, il est clair que ce ne sera pas la derni\u00e8re exp\u00e9rience de ce type. SailGP reste fid\u00e8le \u00e0 l&rsquo;Allemagne en tant qu&rsquo;organisateur d&rsquo;\u00e9v\u00e9nements. La date de la sixi\u00e8me saison de SailGP est d\u00e9j\u00e0 fix\u00e9e. Les 22 et 23 ao\u00fbt 2026, les fans de F50 se retrouveront \u00e0 nouveau devant Sassnitz et les falaises de craie de R\u00fcgen.<\/p>\n<p>Le oui officiel pour plus de SailGP en Allemagne<\/p>\n<p class=\"\">Les jalons de la d\u00e9cision \u00e9taient d\u00e9j\u00e0 pos\u00e9s en coulisses avant le premier coup de canon. Le oui officiel pour d&rsquo;autres SailGP en Allemagne est arriv\u00e9 au milieu des courses du premier jour. <\/p>\n<blockquote><p>Ces solides d\u00e9buts en Allemagne nous confortent dans l&rsquo;id\u00e9e qu&rsquo;il s&rsquo;agit d&rsquo;un march\u00e9 important pour nous\u00a0\u00bb. Russell Coutts <\/p><\/blockquote>\n<p class=\"\">C&rsquo;est ce qu&rsquo;a d\u00e9clar\u00e9 le CEO de la ligue Russell Coutts \u00e0 Sassnitz, en faisant r\u00e9f\u00e9rence aux tribunes XL et \u00e0 l&rsquo;hippodrome qui affichent complet et accueillent pr\u00e8s de 6000 visiteurs par jour. Le quintuple vainqueur de l&rsquo;America&rsquo;s Cup et champion olympique a ajout\u00e9 : \u00ab\u00a0Je suis tr\u00e8s heureux que nous soyons l\u00e0, <a href=\"https:\/\/www.yacht.de\/regatta\/sailgp\/sailgp-exklusiv-interview-mit-dem-boss-russell-coutts-im-gespraech\/\" class=\"\" rel=\"noopener noreferrer nofollow\" target=\"_blank\">qui a d\u00e9velopp\u00e9 la s\u00e9rie de courses SailGP en 2018 avec le co-fondateur Larry Ellison et l&rsquo;a propuls\u00e9e sous les feux de la rampe en 2019 avec la premi\u00e8re saison<\/a>Nous voulons non seulement offrir un sport de voile passionnant, mais aussi donner une impulsion au sport de la voile en Allemagne\u00a0\u00bb.<\/p>\n<p class=\"\">L&rsquo;ar\u00e8ne de la mer Baltique a offert \u00e0 la flotte, r\u00e9duite \u00e0 onze foilers apr\u00e8s le d\u00e9m\u00e2tage br\u00e9silien de vendredi, des conditions de navigation parfaites lors du premier des deux jours de course. L&rsquo;\u00e9quipe danoise men\u00e9e par le barreur Nicolai Sehested a ainsi r\u00e9ussi \u00e0 \u00e9tablir un nouveau record de vitesse avec 103,93 kilom\u00e8tres par heure. Sehested l&rsquo;aurait volontiers \u00e9chang\u00e9 contre un meilleur classement interm\u00e9diaire que la septi\u00e8me place apr\u00e8s quatre courses, mais il a \u00e9galement d\u00e9clar\u00e9 : \u00ab\u00a0C&rsquo;est toujours amusant d&rsquo;\u00eatre rapide\u00a0\u00bb.<\/p>\n<p>Une \u00e9tape importante pour Sassnitz<\/p>\n<p class=\"\">Alors que la flotte de SailGP offrait au public des sports de voile spectaculaires dans des vents craquants mais aussi tournants, la ministre-pr\u00e9sidente Manuela Schwesig s&rsquo;est \u00e9galement r\u00e9jouie des deux ann\u00e9es suppl\u00e9mentaires de SailGP en Allemagne et d&rsquo;au moins une autre \u00e9dition \u00e0 Sassnitz. Elle a d\u00e9clar\u00e9 : \u00ab\u00a0Pour le Mecklembourg-Pom\u00e9ranie occidentale, cette promesse est un jalon important\u00a0\u00bb. <\/p>\n<p class=\"\">Manuela Schwesig a poursuivi : \u00ab\u00a0Nous sommes heureux que cette comp\u00e9tition de voile de haut niveau se d\u00e9roule chez nous, dans le Mecklembourg-Pom\u00e9ranie occidentale. Sassnitz offre d&rsquo;excellentes conditions et un cadre magnifique pour le SailGP. Cette comp\u00e9tition est la meilleure publicit\u00e9 pour le sport de la voile et pour notre pays\u00a0\u00bb.<\/p>\n<p class=\"\">L&rsquo;\u00e9quipe Germany SailGP, fond\u00e9e en 2023 par l&rsquo;entrepreneur en technologie de la communication Thomas Riedel et le quadruple champion du monde de Formule 1 Sebastian Vettel, a jou\u00e9 un r\u00f4le d\u00e9terminant dans le choix de Sassnitz comme lieu d&rsquo;organisation. Son directeur g\u00e9n\u00e9ral, Tim Krieglstein, a d\u00e9clar\u00e9 : \u00ab\u00a0Sassnitz est en train de montrer de mani\u00e8re impressionnante qu&rsquo;elle offre des conditions parfaites pour le sport de haut niveau sur l&rsquo;eau\u00a0\u00bb.<\/p>\n<blockquote><p>L&rsquo;enthousiasme des supporters allemands est d\u00e9bordant\u00a0\u00bb. Tim Krieglstein<\/p><\/blockquote>\n<p class=\"\">L&rsquo;\u00e9curie allemande veut utiliser la \u00ab\u00a0certitude de pouvoir \u00e9galement concourir devant son public dans les ann\u00e9es \u00e0 venir\u00a0\u00bb comme \u00ab\u00a0vent arri\u00e8re pour les objectifs sportifs\u00a0\u00bb. Que ce soit le m\u00e9lange entre les journ\u00e9es d&rsquo;entra\u00eenement pr\u00e9alables accord\u00e9es par la ligue et le soutien massif des fans sur place : Schwarz-Rot-Gold a r\u00e9alis\u00e9 une performance globalement remarquable lors de la premi\u00e8re journ\u00e9e de SailGP \u00e0 Sassnitz.<\/p>\n<blockquote><p>C&rsquo;\u00e9tait cool aujourd&rsquo;hui. La caisse \u00e9tait bien s\u00fbr tr\u00e8s basculante. La flotte \u00e9tait tr\u00e8s agressive\u00a0\u00bb. Erik Kosegarten-Heil<\/p><\/blockquote>\n<p class=\"\">La victoire de l&rsquo;Allemagne en course a \u00e9t\u00e9 suivie des 7e, 7e et 6e places, ce qui, avec un total de 23 points, \u00e9tait suffisamment fort pour permettre \u00e0 Tom Slingsby de se classer quatri\u00e8me derri\u00e8re l&rsquo;excellent Bond Flying Roos (32 points), le Black Foils de Peter Burling (24 points) et Les Bleus de Quentin Delapierre (24 points). Tom Slingsby a d\u00e9clar\u00e9 le soir m\u00eame dans le port de Sassnitz : \u00ab\u00a0Franchement, c&rsquo;est un nouvel \u00e9v\u00e9nement ici. Je ne pense pas que nous puissions \u00eatre plus heureux. Il y avait du vent, des virements de bord sur une eau lisse. Un superbe parcours de course. Des foules de fans immenses. C&rsquo;est un plaisir d&rsquo;en faire partie\u00a0\u00bb.<\/p>\n<p>Plus de puissance pour le dimanche de SailGP<\/p>\n<p class=\"\">Dimanche, \u00e0 partir de 15h30, la comp\u00e9tition se poursuivra avec des ailes de 24 m\u00e8tres, un peu plus grandes. \u00ab\u00a0Nous aurons alors un peu plus de puissance dans le bateau\u00a0\u00bb, a d\u00e9clar\u00e9 Erik Kosegarten-Heil, qui a \u00e9galement reconnu quelques faiblesses de son \u00e9quipage lors des tours sous le vent. Son \u00e9quipe abordera toutefois la deuxi\u00e8me journ\u00e9e en toute confiance. Le soir, les skippers concern\u00e9s ne savaient pas encore ce qu&rsquo;il adviendrait des deux bateaux apr\u00e8s la collision entre l&rsquo;\u00e9quipe am\u00e9ricaine et l&rsquo;\u00e9quipe Emirates GBR.<\/p>\n<p class=\"\">\u00ab\u00a0Nous avons subi des dommages importants sur la coque. J&rsquo;esp\u00e8re que nous pourrons retourner sur l&rsquo;eau. Nous verrons alors ce qui se passe. Nous devons attendre de voir ce que dit l&rsquo;\u00e9quipe Tech, mais j&rsquo;ai de l&rsquo;espoir\u00a0\u00bb, a d\u00e9clar\u00e9 le pilote Dylan Fletcher de l&rsquo;\u00e9quipe Emirates GBR samedi soir. Dylan Fletcher a d\u00e9crit l'\u00a0\u00bbaccident de collision\u00a0\u00bb des Am\u00e9ricains sur son bateau comme un \u00ab\u00a0naufrage\u00a0\u00bb. Le gouvernail a subi des dommages, mais il est toujours en place, a-t-il ajout\u00e9.<\/p>\n<p class=\"\">En dehors du moment du crash, la journ\u00e9e a \u00e9t\u00e9 \u00ab\u00a0fantastique pour le sport\u00a0\u00bb, selon le barreur britannique de l&rsquo;America&rsquo;s Cup. L&rsquo;\u00e9quipe am\u00e9ricaine avait percut\u00e9 le foiler britannique sans droit de passage. Apr\u00e8s avoir termin\u00e9 troisi\u00e8me dans la course d&rsquo;ouverture et quatri\u00e8me dans la troisi\u00e8me course, l&rsquo;\u00e9quipage de Taylor Canfiled &#8211; dernier de la ligue apr\u00e8s sept \u00e9v\u00e9nements &#8211; semblait dans un premier temps avoir retrouv\u00e9 sa forme. Avec ce crash, ils se sont priv\u00e9s de leurs propres espoirs. Dans la collision, l&rsquo;avant a \u00e9t\u00e9 arrach\u00e9 de leur \u00e9trave b\u00e2bord, tandis que les Britanniques se sont retrouv\u00e9s avec un trou dans le bateau.<\/p>\n<p class=\"\"><a href=\"https:\/\/www.zdf.de\/play\/re-live\/sail-gp-segeln-regatta-live-100\/sailgp-sassnitz-samstag-dfb-pokal-livestream-live-100\" class=\"\" rel=\"noopener noreferrer nofollow\" target=\"_blank\">Retrouvez ici la retransmission en direct de la ZDF du premier jour de SailGP \u00e0 Sassnitz.<\/a><\/p>\n<p class=\"\"><strong>Le nouveau record de vitesse pour Rockwool Racing :<\/strong><\/p>\n<p class=\"\">La collision entre l&rsquo;\u00e9quipe am\u00e9ricaine et l&rsquo;\u00e9quipe Emirates GBR :<\/p>\n","protected":false},"excerpt":{"rendered":"La bonne nouvelle pour les fans est tomb\u00e9e d\u00e8s le d\u00e9but de la premi\u00e8re allemande de SailGP \u00e0&hellip;\n","protected":false},"author":2,"featured_media":323619,"comment_status":"","ping_status":"","sticky":false,"template":"","format":"standard","meta":{"footnotes":""},"categories":[1587],"tags":[11,672,1804,1805,1803,1777,674,1801,12,1802],"class_list":{"0":"post-323618","1":"post","2":"type-post","3":"status-publish","4":"format-standard","5":"has-post-thumbnail","7":"category-allemagne","8":"tag-actualites","9":"tag-allemagne","10":"tag-bundesrepublik-deutschland","11":"tag-de","12":"tag-deutschland","13":"tag-eu","14":"tag-europe","15":"tag-germany","16":"tag-news","17":"tag-republique-federale-dallemagne"},"share_on_mastodon":{"url":"https:\/\/pubeurope.com\/@fr\/115040606240386682","error":""},"_links":{"self":[{"href":"https:\/\/www.europesays.com\/fr\/wp-json\/wp\/v2\/posts\/323618","targetHints":{"allow":["GET"]}}],"collection":[{"href":"https:\/\/www.europesays.com\/fr\/wp-json\/wp\/v2\/posts"}],"about":[{"href":"https:\/\/www.europesays.com\/fr\/wp-json\/wp\/v2\/types\/post"}],"author":[{"embeddable":true,"href":"https:\/\/www.europesays.com\/fr\/wp-json\/wp\/v2\/users\/2"}],"replies":[{"embeddable":true,"href":"https:\/\/www.europesays.com\/fr\/wp-json\/wp\/v2\/comments?post=323618"}],"version-history":[{"count":0,"href":"https:\/\/www.europesays.com\/fr\/wp-json\/wp\/v2\/posts\/323618\/revisions"}],"wp:featuredmedia":[{"embeddable":true,"href":"https:\/\/www.europesays.com\/fr\/wp-json\/wp\/v2\/media\/323619"}],"wp:attachment":[{"href":"https:\/\/www.europesays.com\/fr\/wp-json\/wp\/v2\/media?parent=323618"}],"wp:term":[{"taxonomy":"category","embeddable":true,"href":"https:\/\/www.europesays.com\/fr\/wp-json\/wp\/v2\/categories?post=323618"},{"taxonomy":"post_tag","embeddable":true,"href":"https:\/\/www.europesays.com\/fr\/wp-json\/wp\/v2\/tags?post=323618"}],"curies":[{"name":"wp","href":"https:\/\/api.w.org\/{rel}","templated":true}]}}