{"id":323622,"date":"2025-08-16T21:39:10","date_gmt":"2025-08-16T21:39:10","guid":{"rendered":"https:\/\/www.europesays.com\/fr\/323622\/"},"modified":"2025-08-16T21:39:10","modified_gmt":"2025-08-16T21:39:10","slug":"des-jeunes-pour-la-cooperation","status":"publish","type":"post","link":"https:\/\/www.europesays.com\/fr\/323622\/","title":{"rendered":"des jeunes pour la coop\u00e9ration"},"content":{"rendered":"<p>Le programme <a href=\"https:\/\/futurium.ec.europa.eu\/en\/border-focal-point-network\/news\/call-applications-cross-border-ambassadors-2025-mandate\" rel=\"nofollow noopener\" target=\"_blank\"><strong>Ambassadeurs<\/strong><\/a> <strong>transfrontaliers<\/strong> <a href=\"https:\/\/futurium.ec.europa.eu\/en\/border-focal-point-network\/news\/call-applications-cross-border-ambassadors-2025-mandate\" rel=\"nofollow noopener\" target=\"_blank\"><strong>2025<\/strong><\/a> de la Commission europ\u00e9enne ouvre les candidatures pour les <strong>jeunes int\u00e9ress\u00e9s par la coop\u00e9ration transfrontali\u00e8re<\/strong> et les politiques de coh\u00e9sion. L\u2019initiative est promue par la <strong>Direction g\u00e9n\u00e9rale de la politique r\u00e9gionale et urbaine<\/strong> (DG REGIO) en coop\u00e9ration avec le r\u00e9seau des <a href=\"https:\/\/futurium.ec.europa.eu\/en\/border-focal-point-network\" rel=\"nofollow noopener\" target=\"_blank\"><strong>points focaux frontaliers (BFPN)<\/strong><\/a> et le projet <a href=\"https:\/\/ec.europa.eu\/regional_policy\/policy\/cooperation\/european-territorial\/youth4cooperation_en\" rel=\"nofollow noopener\" target=\"_blank\"><strong>Youth4Cooperation<\/strong><\/a>. Cette derni\u00e8re initiative d\u00e9coule notamment de l\u2019Ann\u00e9e europ\u00e9enne de la jeunesse de 2022.<\/p>\n<p>L\u2019objectif est d\u2019impliquer <strong>les jeunes \u00e2g\u00e9s de 18 \u00e0 30 ans <\/strong>qui vivent dans les r\u00e9gions frontali\u00e8res de l\u2019Union europ\u00e9enne ou des pays de l\u2019AELE, afin de renforcer le dialogue et la participation sur les politiques affectant les territoires transfrontaliers.<\/p>\n<p>Le programme se d\u00e9roulera de <strong>septembre 2025 \u00e0 mars 2026<\/strong> et implique un engagement estim\u00e9 \u00e0 deux jours par mois.<\/p>\n<p>Jeunes ambassadeurs transfrontaliers 2025<\/p>\n<p>Les jeunes r\u00e9sidant dans un \u00c9tat membre de l\u2019UE ou dans l\u2019un des pays de l\u2019AELE (Suisse, Norv\u00e8ge, Islande, Liechtenstein) et ayant un lien significatif avec une r\u00e9gion frontali\u00e8re peuvent postuler. Un <strong>bon niveau d\u2019anglais<\/strong> est requis et la connaissance d\u2019autres langues de l\u2019UE est un atout. Les candidats doivent d\u00e9montrer un int\u00e9r\u00eat pour les questions europ\u00e9ennes, la politique frontali\u00e8re ou l\u2019engagement civique au niveau local.<\/p>\n<p>Les participants s\u00e9lectionn\u00e9s recevront le titre d\u2019Ambassadeurs du r\u00e9seau des points focaux frontaliers et contribueront \u00e0 <strong>promouvoir la connaissance des exp\u00e9riences concr\u00e8tes et directes des territoires frontaliers<\/strong>.<\/p>\n<p>Date limite d\u2019inscription : 31 ao\u00fbt<\/p>\n<p>Pour participer, <strong>vous devez <a href=\"https:\/\/futurium.ec.europa.eu\/en\/border-focal-point-network\/news\/call-applications-cross-border-ambassadors-2025-mandate\" rel=\"nofollow noopener\" target=\"_blank\">envoyer une lettre de motivation<\/a><\/strong> (500 mots maximum) et <strong>une vid\u00e9o cr\u00e9ative<\/strong> de deux minutes <a href=\"https:\/\/futurium.ec.europa.eu\/en\/border-focal-point-network\/news\/call-applications-cross-border-ambassadors-2025-mandate\" rel=\"nofollow noopener\" target=\"_blank\"><strong>avant le 31 ao\u00fbt 2025<\/strong><\/a>. Les documents doivent mettre en \u00e9vidence l\u2019implication personnelle dans les questions frontali\u00e8res, les comp\u00e9tences en mati\u00e8re de communication et une proposition concr\u00e8te visant \u00e0 am\u00e9liorer la coop\u00e9ration transfrontali\u00e8re.<\/p>\n<p>La s\u00e9lection est bas\u00e9e sur quatre crit\u00e8res : la motivation et l\u2019implication dans les initiatives transfrontali\u00e8res, la capacit\u00e9 d\u2019innovation, les comp\u00e9tences en mati\u00e8re de communication et l\u2019adh\u00e9sion aux valeurs de l\u2019UE.<\/p>\n<p><strong>LIRE AUSSI : <a href=\"https:\/\/nosalpes.eu\/fr\/2025\/03\/10\/quatrieme-reunion-du-groupe-de-travail-sur-lobservation-transfrontaliere-a-paris\/\" rel=\"nofollow noopener\" target=\"_blank\">Groupe de travail sur l\u2019observation transfrontali\u00e8re \u00e0 Paris<\/a><\/strong><\/p>\n","protected":false},"excerpt":{"rendered":"Le programme Ambassadeurs transfrontaliers 2025 de la Commission europ\u00e9enne ouvre les candidatures pour les jeunes int\u00e9ress\u00e9s par la&hellip;\n","protected":false},"author":2,"featured_media":323623,"comment_status":"","ping_status":"","sticky":false,"template":"","format":"standard","meta":{"footnotes":""},"categories":[1586],"tags":[11,1777,674,1779,11615,1011,27,12,25,1778,364],"class_list":{"0":"post-323622","1":"post","2":"type-post","3":"status-publish","4":"format-standard","5":"has-post-thumbnail","7":"category-europe","8":"tag-actualites","9":"tag-eu","10":"tag-europe","11":"tag-european-union","12":"tag-featured","13":"tag-fr","14":"tag-france","15":"tag-news","16":"tag-republique-francaise","17":"tag-ue","18":"tag-union-europeenne"},"share_on_mastodon":{"url":"https:\/\/pubeurope.com\/@fr\/115040614085684033","error":""},"_links":{"self":[{"href":"https:\/\/www.europesays.com\/fr\/wp-json\/wp\/v2\/posts\/323622","targetHints":{"allow":["GET"]}}],"collection":[{"href":"https:\/\/www.europesays.com\/fr\/wp-json\/wp\/v2\/posts"}],"about":[{"href":"https:\/\/www.europesays.com\/fr\/wp-json\/wp\/v2\/types\/post"}],"author":[{"embeddable":true,"href":"https:\/\/www.europesays.com\/fr\/wp-json\/wp\/v2\/users\/2"}],"replies":[{"embeddable":true,"href":"https:\/\/www.europesays.com\/fr\/wp-json\/wp\/v2\/comments?post=323622"}],"version-history":[{"count":0,"href":"https:\/\/www.europesays.com\/fr\/wp-json\/wp\/v2\/posts\/323622\/revisions"}],"wp:featuredmedia":[{"embeddable":true,"href":"https:\/\/www.europesays.com\/fr\/wp-json\/wp\/v2\/media\/323623"}],"wp:attachment":[{"href":"https:\/\/www.europesays.com\/fr\/wp-json\/wp\/v2\/media?parent=323622"}],"wp:term":[{"taxonomy":"category","embeddable":true,"href":"https:\/\/www.europesays.com\/fr\/wp-json\/wp\/v2\/categories?post=323622"},{"taxonomy":"post_tag","embeddable":true,"href":"https:\/\/www.europesays.com\/fr\/wp-json\/wp\/v2\/tags?post=323622"}],"curies":[{"name":"wp","href":"https:\/\/api.w.org\/{rel}","templated":true}]}}