{"id":323626,"date":"2025-08-16T21:42:13","date_gmt":"2025-08-16T21:42:13","guid":{"rendered":"https:\/\/www.europesays.com\/fr\/323626\/"},"modified":"2025-08-16T21:42:13","modified_gmt":"2025-08-16T21:42:13","slug":"lequipe-de-france-de-basket-ball-bat-de-nouveau-lespagne-a-onze-jours-de-leuro-2025","status":"publish","type":"post","link":"https:\/\/www.europesays.com\/fr\/323626\/","title":{"rendered":"L\u2019\u00e9quipe de France de basket-ball bat de nouveau l\u2019Espagne \u00e0 onze jours de l\u2019Euro 2025"},"content":{"rendered":"<p>L\u2019\u00e9quipe de France masculine de basket-ball a renvers\u00e9 l\u2019Espagne (78-73), samedi 16 ao\u00fbt 2025, \u00e0 Bercy, deux jours apr\u00e8s son succ\u00e8s \u00e0 Badalone, lors de son avant-dernier match de pr\u00e9paration \u00e0 onze jours de l\u2019Euro (27 ao\u00fbt-14 septembre).<\/p>\n<\/p>\n<p>Men\u00e9s de 16 points (28-44 dans le deuxi\u00e8me quart-temps), les Bleus ont pris les devants \u00e0 cinq minutes de la fin de la rencontre et encha\u00eenent un huiti\u00e8me succ\u00e8s depuis que Fr\u00e9d\u00e9ric Fauthoux a pris les r\u00eanes de l\u2019\u00e9quipe apr\u00e8s les<a href=\"https:\/\/www.letelegramme.fr\/sports\/jeux-olympiques\/de-largent-qui-vaut-de-lor-pour-les-bleus-face-a-une-team-usa-intouchable-6641395.php\" target=\"_blank\" rel=\"nofollow noopener\"> JO 2024<\/a>.<\/p>\n<p>Ils concluront leur pr\u00e9paration contre la Gr\u00e8ce \u00e0 Ath\u00e8nes le 24 ao\u00fbt avant de s\u2019envoler vers Katowice (Pologne) pour le tour pr\u00e9liminaire de l\u2019Euro, qu\u2019ils d\u00e9buteront face \u00e0 la Belgique quatre jours plus tard.<\/p>\n","protected":false},"excerpt":{"rendered":"L\u2019\u00e9quipe de France masculine de basket-ball a renvers\u00e9 l\u2019Espagne (78-73), samedi 16 ao\u00fbt 2025, \u00e0 Bercy, deux jours&hellip;\n","protected":false},"author":2,"featured_media":323627,"comment_status":"","ping_status":"","sticky":false,"template":"","format":"standard","meta":{"footnotes":""},"categories":[4],"tags":[11,1465,1791,765,3166,1011,27,12,25,60],"class_list":{"0":"post-323626","1":"post","2":"type-post","3":"status-publish","4":"format-standard","5":"has-post-thumbnail","7":"category-france","8":"tag-actualites","9":"tag-basket","10":"tag-basket-ball","11":"tag-en-continu","12":"tag-en-continu-sports","13":"tag-fr","14":"tag-france","15":"tag-news","16":"tag-republique-francaise","17":"tag-sports"},"share_on_mastodon":{"url":"https:\/\/pubeurope.com\/@fr\/115040625858739112","error":""},"_links":{"self":[{"href":"https:\/\/www.europesays.com\/fr\/wp-json\/wp\/v2\/posts\/323626","targetHints":{"allow":["GET"]}}],"collection":[{"href":"https:\/\/www.europesays.com\/fr\/wp-json\/wp\/v2\/posts"}],"about":[{"href":"https:\/\/www.europesays.com\/fr\/wp-json\/wp\/v2\/types\/post"}],"author":[{"embeddable":true,"href":"https:\/\/www.europesays.com\/fr\/wp-json\/wp\/v2\/users\/2"}],"replies":[{"embeddable":true,"href":"https:\/\/www.europesays.com\/fr\/wp-json\/wp\/v2\/comments?post=323626"}],"version-history":[{"count":0,"href":"https:\/\/www.europesays.com\/fr\/wp-json\/wp\/v2\/posts\/323626\/revisions"}],"wp:featuredmedia":[{"embeddable":true,"href":"https:\/\/www.europesays.com\/fr\/wp-json\/wp\/v2\/media\/323627"}],"wp:attachment":[{"href":"https:\/\/www.europesays.com\/fr\/wp-json\/wp\/v2\/media?parent=323626"}],"wp:term":[{"taxonomy":"category","embeddable":true,"href":"https:\/\/www.europesays.com\/fr\/wp-json\/wp\/v2\/categories?post=323626"},{"taxonomy":"post_tag","embeddable":true,"href":"https:\/\/www.europesays.com\/fr\/wp-json\/wp\/v2\/tags?post=323626"}],"curies":[{"name":"wp","href":"https:\/\/api.w.org\/{rel}","templated":true}]}}