{"id":323630,"date":"2025-08-16T21:44:09","date_gmt":"2025-08-16T21:44:09","guid":{"rendered":"https:\/\/www.europesays.com\/fr\/323630\/"},"modified":"2025-08-16T21:44:09","modified_gmt":"2025-08-16T21:44:09","slug":"la-suisse-termine-en-tete-de-son-groupe-rts-ch","status":"publish","type":"post","link":"https:\/\/www.europesays.com\/fr\/323630\/","title":{"rendered":"La Suisse termine en t\u00eate de son groupe &#8211; rts.ch"},"content":{"rendered":"<p>D\u00e9j\u00e0 qualifi\u00e9e pour l&rsquo;Euro 2026, la Suisse a boucl\u00e9 les qualifications par un succ\u00e8s renversant face \u00e0 la Su\u00e8de \u00e0 Winterthour (3-2). Les volleyeurs helv\u00e9tiques terminent ainsi en t\u00eate du groupe E.<\/p>\n<p>Comme lors du match aller disput\u00e9 il y a un an en Su\u00e8de, les Suisses ont compens\u00e9 un d\u00e9bours de deux sets pour battre les Scandinaves. Ils se sont finalement impos\u00e9s 21-25 22-25 26-24 25-17 15-9.<\/p>\n<p>La jeune s\u00e9lection de Juan Manuel Serramalera a fait la diff\u00e9rence dans le \u00ab\u00a0money-time\u00a0\u00bb du troisi\u00e8me set avant de prendre d\u00e9finitivement l&rsquo;ascendant sur les Su\u00e9dois. Cyril Kolb et Simon Maag ont \u00e9t\u00e9 les meilleurs marqueurs du c\u00f4t\u00e9 helv\u00e9tique avec 16 points chacun.<\/p>\n<p>Avec ce quatri\u00e8me succ\u00e8s en quatre matches, la Suisse termine \u00e0 la premi\u00e8re place de son groupe devant la Su\u00e8de et l&rsquo;Espagne. L&rsquo;Euro aura lieu du 9 au 27 septembre dans quatre pays: Italie, Finlande, Bulgarie et Roumanie.<\/p>\n<p class=\"sources\">ats\/pza<\/p>\n","protected":false},"excerpt":{"rendered":"D\u00e9j\u00e0 qualifi\u00e9e pour l&rsquo;Euro 2026, la Suisse a boucl\u00e9 les qualifications par un succ\u00e8s renversant face \u00e0 la&hellip;\n","protected":false},"author":2,"featured_media":323631,"comment_status":"","ping_status":"","sticky":false,"template":"","format":"standard","meta":{"footnotes":""},"categories":[1417],"tags":[3062,44967,29369,123,1011,27,13785,45412,517,60,6006,3067,1470,1632,1469,3101],"class_list":{"0":"post-323630","1":"post","2":"type-post","3":"status-publish","4":"format-standard","5":"has-post-thumbnail","7":"category-volley","8":"tag-autres-sports","9":"tag-championnat-deurope-de-football","10":"tag-competition-de-qualification","11":"tag-espagne","12":"tag-fr","13":"tag-france","14":"tag-juan-manuel-serramalera","15":"tag-liechtenstein","16":"tag-sport","17":"tag-sports","18":"tag-succes","19":"tag-suisse","20":"tag-volley","21":"tag-volley-ball","22":"tag-volleyball","23":"tag-winterthour"},"share_on_mastodon":{"url":"https:\/\/pubeurope.com\/@fr\/115040633722837653","error":""},"_links":{"self":[{"href":"https:\/\/www.europesays.com\/fr\/wp-json\/wp\/v2\/posts\/323630","targetHints":{"allow":["GET"]}}],"collection":[{"href":"https:\/\/www.europesays.com\/fr\/wp-json\/wp\/v2\/posts"}],"about":[{"href":"https:\/\/www.europesays.com\/fr\/wp-json\/wp\/v2\/types\/post"}],"author":[{"embeddable":true,"href":"https:\/\/www.europesays.com\/fr\/wp-json\/wp\/v2\/users\/2"}],"replies":[{"embeddable":true,"href":"https:\/\/www.europesays.com\/fr\/wp-json\/wp\/v2\/comments?post=323630"}],"version-history":[{"count":0,"href":"https:\/\/www.europesays.com\/fr\/wp-json\/wp\/v2\/posts\/323630\/revisions"}],"wp:featuredmedia":[{"embeddable":true,"href":"https:\/\/www.europesays.com\/fr\/wp-json\/wp\/v2\/media\/323631"}],"wp:attachment":[{"href":"https:\/\/www.europesays.com\/fr\/wp-json\/wp\/v2\/media?parent=323630"}],"wp:term":[{"taxonomy":"category","embeddable":true,"href":"https:\/\/www.europesays.com\/fr\/wp-json\/wp\/v2\/categories?post=323630"},{"taxonomy":"post_tag","embeddable":true,"href":"https:\/\/www.europesays.com\/fr\/wp-json\/wp\/v2\/tags?post=323630"}],"curies":[{"name":"wp","href":"https:\/\/api.w.org\/{rel}","templated":true}]}}