{"id":323639,"date":"2025-08-16T21:49:19","date_gmt":"2025-08-16T21:49:19","guid":{"rendered":"https:\/\/www.europesays.com\/fr\/323639\/"},"modified":"2025-08-16T21:49:19","modified_gmt":"2025-08-16T21:49:19","slug":"batum-et-de-colo-honores-avant-le-coup-denvoi-de-france-espagne-eurosport","status":"publish","type":"post","link":"https:\/\/www.europesays.com\/fr\/323639\/","title":{"rendered":"Batum et De Colo honor\u00e9s avant le coup d&#039;envoi de France-Espagne &#8211; Eurosport"},"content":{"rendered":"<ol>\n<li><a href=\"https:\/\/news.google.com\/rss\/articles\/CBMi_gFBVV95cUxPbk4zRENqWGtLQ0VaUy1HcXVXUHp1cXJFWUFxR3BuY295QUNNVkxCekl1MWl2N3Y0NHJhVHpaM0tyTXZwSlJEY09fY24tZl9XdFRhY2RodVIzU3RzdFhIVXU4SHlzbnFKNHBsWWh2UURvdy1YbkF6QU9DM3BWSDJ5SVc1ZkhqMXRXV3RhZ0dmM0hyYVZPa1NKTVNoRGFTR0ptbzhROTJsSWVCR2ZoMUU4T1FpNnVHZFB1MTEyUWkzTFJyRGRhcEx6aDRHcnNUSjE2TnNvd0djbUJOVWdWc1F5ZUJhclI3ZjVVY1NiRlZ5LWJiQTFGM0pWVjRnZjdZQQ?oc=5\" target=\"_blank\" rel=\"nofollow noopener\">Batum et De Colo honor\u00e9s avant le coup d&rsquo;envoi de France-Espagne<\/a>&nbsp;&nbsp;Eurosport<\/li>\n<li><a href=\"https:\/\/news.google.com\/rss\/articles\/CBMi5AFBVV95cUxPWHlxWEJvdTZLNWRTMnpvejBxcWtOTjlncWYybnNQTUVVUVpiRXNCRlotZUdENGVvRGUtc0ZOWGJLckZwZ0g4M1cwSXJOT25xWmt6U3R0SVpSbkd3VGlUdHhGWEFzRS13dV83Z196akd4dkRkWmdsMm9TUG1NZUxhTnZudlIxeXlON015R1dJSGU1aDBpR0FlZlF0S0VkX1RJYzk0cXdIZmZ3WlVGdTU0THdDQktrbDNCNlVRb0VjcUltYzhWQ0FmVThrSGRBcFlkaVg4ZjRoX0RNcE9NbWktbFZwcTk?oc=5\" target=\"_blank\" rel=\"nofollow noopener\">L&rsquo;\u00e9quipe de France bat l&rsquo;Espagne apr\u00e8s un \u00e9norme come-back et reste invaincue en pr\u00e9paration \u00e0 l&rsquo;Euro<\/a>&nbsp;&nbsp;L&rsquo;\u00c9quipe<\/li>\n<li><a href=\"https:\/\/news.google.com\/rss\/articles\/CBMivgFBVV95cUxQWUlwYkVSQjhleUVRaDBDbjdJNGdJV3VvZWExOWFDMzcxSFlkOHFKYUJUQmRKRHkxdmxsZGNTc2hqSmJ3RVJuZXFZaEFBRGNmem5jYksyd0JvOGVBVlF2X3NoTlZtSE13em15NE85a0E3Sk91WEl1NERsdjlZNWFwWEVONm9fa1RBQWhBXzZMc1p1M2lHRmx1OGZyczNXNVV5ZjNwd2lZWVBBc2dCcjFUWEx5b0kzZHczRkdIMzRB0gG8AUFVX3lxTFBnT0hBdzQzUVpySVl4c3RGOVlIazhsTHNZVFoyNTBNY09sY1BpczRRLTNidXVvaG9haFQ4Rm9YeUNPR1pxaXc1Z2d0RFNPZ1ctMjhNODBiNy1iNkQ1ZGd0dVpVTXMyWVpGUlplaUI2dno4YWdNZGNmMW9UU0QycGg1RTkzdXJuQzZhRUNvOGZlbm5uOXB4UnhSLTd3UDkzNE5zaG43QnBmbGdybTBiYTl0Tjh2VEw2Uk84X2lO?oc=5\" target=\"_blank\" rel=\"nofollow noopener\">Amical (H) : Les Bleus dominent \u00e0 nouveau l&rsquo;Espagne<\/a>&nbsp;&nbsp;Orange Actualit\u00e9s | Sports<\/li>\n<li><a href=\"https:\/\/news.google.com\/rss\/articles\/CBMi4AFBVV95cUxNNjJEUzl3N1ZadTNDNVhQRHZEdWtlMHhiUENSN3ZROHY4cmw3Y3Z5U0NLdDN3V2FKa05rQ0FZTW9aRThGdFZfeVlOa1FPaE10LV9CbU1nMUVleXZmeGNRTkdTZkFrSkV0cTNpZEM4aW9rakFSWm1JQVZBVVZ5czF1TFpYcFZGbzVpeDI3SjFXaWYxYXRueXAxZ1JFcUdTZDh4OTBSVmNOMzg4a1drdjVmLXNVcXJmYjAxMHFuZmZsRGJEV1ljclVUVzVnSEV6R2dIQ0pNdXh0dW42OXFRQmhxUw?oc=5\" target=\"_blank\" rel=\"nofollow noopener\">France &#8211; Espagne : Les Bleus souffrent mais battent l&rsquo;Espagne pour la deuxi\u2026<\/a>&nbsp;&nbsp;20 Minutes<\/li>\n<li><a href=\"https:\/\/news.google.com\/rss\/articles\/CBMikAJBVV95cUxPc3Q5SWFsblA1M0dSakt1WUtETGtSOVdDc19XbEcxRGRtLXZxRHp5dzhyRjVwUF9OUUlfQkRFb3FFSHRqMjFHYndlcTNEMFZJOElNaFR3aDVBNGtBbzNFaW9tUUxNdmNRSTlMQWlRTXNpMVJ6V1h4bjRYcWJZbDRfZ0dFd1lQUVpUVDBlRG14RHVzUUNMNlFlVHYxY3FKVG1ObnVSWFhyWFQ5RDhqNThBbXg3WmdXUXBtWEFXVHhEM1hTT25OZWdQckJBWXdZZERlY1gyM3BNb1dOU3lkSGVWeU9LQUV5WnRITWt2aW5IbXVLTHNmanVkeWs3Wkt3RjVscVcwRlJYX2c0Vy0zOEY5TQ?oc=5\" target=\"_blank\" rel=\"nofollow noopener\">DIRECT. France &#8211; Espagne : une fin de match \u00e0 suspense&#8230; Suivez la pr\u00e9paration de l\u2019EuroBasket<\/a>&nbsp;&nbsp;Ouest-France<\/li>\n<\/ol>\n","protected":false},"excerpt":{"rendered":"Batum et De Colo honor\u00e9s avant le coup d&rsquo;envoi de France-Espagne&nbsp;&nbsp;Eurosport L&rsquo;\u00e9quipe de France bat l&rsquo;Espagne apr\u00e8s un&hellip;\n","protected":false},"author":2,"featured_media":1445,"comment_status":"","ping_status":"","sticky":false,"template":"","format":"standard","meta":{"footnotes":""},"categories":[1412],"tags":[1451,1452,1453,1454,1455,1011,27,60],"class_list":{"0":"post-323639","1":"post","2":"type-post","3":"status-publish","4":"format-standard","5":"has-post-thumbnail","7":"category-f1","8":"tag-f1","9":"tag-formula-1","10":"tag-formula1","11":"tag-formule-1","12":"tag-formule1","13":"tag-fr","14":"tag-france","15":"tag-sports"},"share_on_mastodon":{"url":"https:\/\/pubeurope.com\/@fr\/115040653389678307","error":""},"_links":{"self":[{"href":"https:\/\/www.europesays.com\/fr\/wp-json\/wp\/v2\/posts\/323639","targetHints":{"allow":["GET"]}}],"collection":[{"href":"https:\/\/www.europesays.com\/fr\/wp-json\/wp\/v2\/posts"}],"about":[{"href":"https:\/\/www.europesays.com\/fr\/wp-json\/wp\/v2\/types\/post"}],"author":[{"embeddable":true,"href":"https:\/\/www.europesays.com\/fr\/wp-json\/wp\/v2\/users\/2"}],"replies":[{"embeddable":true,"href":"https:\/\/www.europesays.com\/fr\/wp-json\/wp\/v2\/comments?post=323639"}],"version-history":[{"count":0,"href":"https:\/\/www.europesays.com\/fr\/wp-json\/wp\/v2\/posts\/323639\/revisions"}],"wp:featuredmedia":[{"embeddable":true,"href":"https:\/\/www.europesays.com\/fr\/wp-json\/wp\/v2\/media\/1445"}],"wp:attachment":[{"href":"https:\/\/www.europesays.com\/fr\/wp-json\/wp\/v2\/media?parent=323639"}],"wp:term":[{"taxonomy":"category","embeddable":true,"href":"https:\/\/www.europesays.com\/fr\/wp-json\/wp\/v2\/categories?post=323639"},{"taxonomy":"post_tag","embeddable":true,"href":"https:\/\/www.europesays.com\/fr\/wp-json\/wp\/v2\/tags?post=323639"}],"curies":[{"name":"wp","href":"https:\/\/api.w.org\/{rel}","templated":true}]}}