{"id":323646,"date":"2025-08-16T21:53:09","date_gmt":"2025-08-16T21:53:09","guid":{"rendered":"https:\/\/www.europesays.com\/fr\/323646\/"},"modified":"2025-08-16T21:53:09","modified_gmt":"2025-08-16T21:53:09","slug":"au-jardin-du-luxembourg-les-peintures-du-reunionnais-alcay-idriss-mourouvaye-font-voyager-les-visiteurs-sur-lile-intense","status":"publish","type":"post","link":"https:\/\/www.europesays.com\/fr\/323646\/","title":{"rendered":"Au Jardin du Luxembourg, les peintures du R\u00e9unionnais Al\u00e7ay Idriss Mourouvaye font voyager les visiteurs sur l&rsquo;\u00eele intense"},"content":{"rendered":"<p>Jusqu&rsquo;au 25 ao\u00fbt, le pavillon Davioud expose plusieurs \u0153uvres r\u00e9alis\u00e9es par le peintre r\u00e9unionnais ces dix derni\u00e8res ann\u00e9es. M\u00ealant esth\u00e9tique et po\u00e9sie, il propose un voyage color\u00e9 \u00e0 la d\u00e9couverte de l&rsquo;\u00eele de La R\u00e9union.<\/p>\n<p>Al\u00e7ay Idriss Mourouvaye aime s&rsquo;approcher des visiteurs pour savoir ce qu&rsquo;ils pensent de ses tableaux. \u00ab\u00a0\u00c7a vous pla\u00eet ?\u00a0\u00bb, demande-t-il, curieux, \u00e0 une dame. \u00ab\u00a0Oui, c&rsquo;est tr\u00e8s beau !\u00a0\u00bb, r\u00e9pond-elle, admirative. \u00ab\u00a0Qu&rsquo;est-ce qui vous pla\u00eet ?\u00a0\u00bb. \u00ab\u00a0Les couleurs\u00a0\u00bb, assure la femme, sans h\u00e9siter.\u00a0<\/p>\n<p>Du 14 au 25 ao\u00fbt, ce peintre r\u00e9unionnais a l&rsquo;opportunit\u00e9 en or de pr\u00e9senter ses plus belles \u0153uvres dans une galerie \u00e9ph\u00e9m\u00e8re situ\u00e9e \u00e0 Paris, au c\u0153ur du Jardin du Luxembourg, dans le pavillon Davioud. Chemise blanche accord\u00e9e \u00e0 ses cheveux et sa barbe, il accueille avec engouement les visiteurs de passage dans le parc parisien.<\/p>\n<p>Inspir\u00e9 par les grands artistes impressionnistes comme Monet ou Van Gogh, Al\u00e7ay Idriss Mourouvaye apporte sa propre touche \u00e0 ses r\u00e9alisations parfois \u00e9nigmatiques. Il puise la plupart de son inspiration dans les diff\u00e9rents paysages de La R\u00e9union, o\u00f9 chaque couleur a sa signification. Le bleu turquoise repr\u00e9sente le lagon de l&rsquo;\u00eele. Le bleu outremer rappelle la profondeur de l&rsquo;oc\u00e9an. Et quelques taches de rouge et d&rsquo;orange viennent rappeler que l&rsquo;\u00eele intense est avant tout un territoire volcanique, o\u00f9 tous les \u00e9l\u00e9ments se m\u00e9langent.<\/p>\n<p>\u00ab\u00a0Nous avons transport\u00e9 l&rsquo;\u00eele de La R\u00e9union dans le jardin du Luxembourg\u00a0\u00bb, se f\u00e9licite le R\u00e9unionnais, aid\u00e9 et soutenu par son fils Moustafa, po\u00e8te. Ce qui explique le nom de l&rsquo;exposition, \u00ab\u00a0L&rsquo;Isle au Jardin\u00a0\u00bb, avec une r\u00e9f\u00e9rence \u00e0 peine voil\u00e9e au c\u00e9l\u00e8bre auteur r\u00e9unionnais Leconte de Lisle.<\/p>\n<p>\u00ab\u00a0L&rsquo;utilisation de la couleur est tr\u00e8s bien r\u00e9ussie. Il y a beaucoup de bleu. Il y a quelque chose d&rsquo;apaisant dans ces tableaux\u00a0\u00bb, savoure une amatrice d&rsquo;art. De quoi apporter un peu de fra\u00eecheur aux Parisiens qui ne sont pas partis en vacances, plaisante-t-elle.\u00a0<\/p>\n<p>Si l&rsquo;exposition est relativement courte, Al\u00e7ay Idriss Mourouvaye a pr\u00e9vu de jouer les prolongations dans une galerie priv\u00e9e parisienne dans les prochains mois. Pour permettre aux vacanciers de retour \u00e0 Paris de profiter de son invitation au voyage. Et pourquoi pas de trouver des acheteurs pour ses tableaux si color\u00e9s.<\/p>\n<p><strong>Retrouvez le reportage d&rsquo;Albane Lussien et de Thomas Chevaleyrias :<\/strong><\/p>\n<p>\n          \u00a9la1ere\n  <\/p>\n","protected":false},"excerpt":{"rendered":"Jusqu&rsquo;au 25 ao\u00fbt, le pavillon Davioud expose plusieurs \u0153uvres r\u00e9alis\u00e9es par le peintre r\u00e9unionnais ces dix derni\u00e8res ann\u00e9es.&hellip;\n","protected":false},"author":2,"featured_media":323647,"comment_status":"","ping_status":"","sticky":false,"template":"","format":"standard","meta":{"footnotes":""},"categories":[1358],"tags":[1348,1384,1385,1386,58,59,1011,27],"class_list":{"0":"post-323646","1":"post","2":"type-post","3":"status-publish","4":"format-standard","5":"has-post-thumbnail","7":"category-arts-et-design","8":"tag-arts","9":"tag-arts-and-design","10":"tag-arts-et-design","11":"tag-design","12":"tag-divertissement","13":"tag-entertainment","14":"tag-fr","15":"tag-france"},"share_on_mastodon":{"url":"https:\/\/pubeurope.com\/@fr\/115040669286834637","error":""},"_links":{"self":[{"href":"https:\/\/www.europesays.com\/fr\/wp-json\/wp\/v2\/posts\/323646","targetHints":{"allow":["GET"]}}],"collection":[{"href":"https:\/\/www.europesays.com\/fr\/wp-json\/wp\/v2\/posts"}],"about":[{"href":"https:\/\/www.europesays.com\/fr\/wp-json\/wp\/v2\/types\/post"}],"author":[{"embeddable":true,"href":"https:\/\/www.europesays.com\/fr\/wp-json\/wp\/v2\/users\/2"}],"replies":[{"embeddable":true,"href":"https:\/\/www.europesays.com\/fr\/wp-json\/wp\/v2\/comments?post=323646"}],"version-history":[{"count":0,"href":"https:\/\/www.europesays.com\/fr\/wp-json\/wp\/v2\/posts\/323646\/revisions"}],"wp:featuredmedia":[{"embeddable":true,"href":"https:\/\/www.europesays.com\/fr\/wp-json\/wp\/v2\/media\/323647"}],"wp:attachment":[{"href":"https:\/\/www.europesays.com\/fr\/wp-json\/wp\/v2\/media?parent=323646"}],"wp:term":[{"taxonomy":"category","embeddable":true,"href":"https:\/\/www.europesays.com\/fr\/wp-json\/wp\/v2\/categories?post=323646"},{"taxonomy":"post_tag","embeddable":true,"href":"https:\/\/www.europesays.com\/fr\/wp-json\/wp\/v2\/tags?post=323646"}],"curies":[{"name":"wp","href":"https:\/\/api.w.org\/{rel}","templated":true}]}}