{"id":323648,"date":"2025-08-16T21:54:11","date_gmt":"2025-08-16T21:54:11","guid":{"rendered":"https:\/\/www.europesays.com\/fr\/323648\/"},"modified":"2025-08-16T21:54:11","modified_gmt":"2025-08-16T21:54:11","slug":"la-pieuvre-de-teheran-de-emmanuel-razavi-et-jean-marie-montali","status":"publish","type":"post","link":"https:\/\/www.europesays.com\/fr\/323648\/","title":{"rendered":"\u00abLa pieuvre de T\u00e9h\u00e9ran\u00bb, de Emmanuel Razavi et Jean-Marie Montali"},"content":{"rendered":"<p>\n                                                Emmanuel Razavi et Jean-Marie Montali sont journalistes, sp\u00e9cialis\u00e9s dans les zones d&rsquo;ombre du Moyen-Orient. Leur nouvel opus\u00a0La pieuvre de T\u00e9h\u00e9ran\u00a0est un livre-enqu\u00eate passionnant sur la machine de propagande mise en place par le r\u00e9gime iranien pour influencer les d\u00e9cideurs diplomatiques et politiques occidentaux.\u00a0Entretien avec Emmanuel Razavi.                    <\/p>\n<p>Paru en pleine guerre Iran-Isra\u00ebl en juin dernier,\u00a0La Pieuvre de T\u00e9h\u00e9ran\u00a0est une enqu\u00eate approfondie sur la machine de propagande de T\u00e9h\u00e9ran. Les auteurs de cette enqu\u00eate, Emmanuel Razavi et Jean-Marie Montali, sont grands reporters. Ils travaillent au sein des m\u00e9dias fran\u00e7aises de premier plan, notamment\u00a0Le Figaro Magazine,\u00a0Paris Match\u00a0ou encore\u00a0Politique internationale. Fruit d&rsquo;un travail de terrain \u00e0 souffle long, ce livre-enqu\u00eate propose une plong\u00e9e in\u00e9dite sur les strat\u00e9gies d&rsquo;infiltration des r\u00e9seaux de contre-espionnage de la R\u00e9publique islamique d&rsquo;<strong><a href=\"https:\/\/www.rfi.fr\/fr\/tag\/iran\/\" target=\"_self\" rel=\"nofollow noopener\">Iran<\/a><\/strong> dans les milieux diplomatiques, politiques, m\u00e9diatiques et universitaires pour notamment influencer les puissances occidentales en faveur du bien-fond\u00e9 des ambitions de domination r\u00e9gionale et g\u00e9opolitique du r\u00e9gime th\u00e9ocratique de T\u00e9h\u00e9ran.<\/p>\n<p>La Pieuvre de T\u00e9h\u00e9ran, par Emmanuel Razavi et Jean-Marie Montali, \u00e9ditions du Cerf, 232 pages, 19,90 euros.<\/p>\n","protected":false},"excerpt":{"rendered":"Emmanuel Razavi et Jean-Marie Montali sont journalistes, sp\u00e9cialis\u00e9s dans les zones d&rsquo;ombre du Moyen-Orient. Leur nouvel opus\u00a0La pieuvre&hellip;\n","protected":false},"author":2,"featured_media":323649,"comment_status":"","ping_status":"","sticky":false,"template":"","format":"standard","meta":{"footnotes":""},"categories":[1357],"tags":[1379,58,59,1011,27,3019,1351,3258,1380,3257],"class_list":{"0":"post-323648","1":"post","2":"type-post","3":"status-publish","4":"format-standard","5":"has-post-thumbnail","7":"category-livres","8":"tag-books","9":"tag-divertissement","10":"tag-entertainment","11":"tag-fr","12":"tag-france","13":"tag-iran","14":"tag-litterature","15":"tag-livre-international","16":"tag-livres","17":"tag-moyen-orient"},"share_on_mastodon":{"url":"https:\/\/pubeurope.com\/@fr\/115040673154041159","error":""},"_links":{"self":[{"href":"https:\/\/www.europesays.com\/fr\/wp-json\/wp\/v2\/posts\/323648","targetHints":{"allow":["GET"]}}],"collection":[{"href":"https:\/\/www.europesays.com\/fr\/wp-json\/wp\/v2\/posts"}],"about":[{"href":"https:\/\/www.europesays.com\/fr\/wp-json\/wp\/v2\/types\/post"}],"author":[{"embeddable":true,"href":"https:\/\/www.europesays.com\/fr\/wp-json\/wp\/v2\/users\/2"}],"replies":[{"embeddable":true,"href":"https:\/\/www.europesays.com\/fr\/wp-json\/wp\/v2\/comments?post=323648"}],"version-history":[{"count":0,"href":"https:\/\/www.europesays.com\/fr\/wp-json\/wp\/v2\/posts\/323648\/revisions"}],"wp:featuredmedia":[{"embeddable":true,"href":"https:\/\/www.europesays.com\/fr\/wp-json\/wp\/v2\/media\/323649"}],"wp:attachment":[{"href":"https:\/\/www.europesays.com\/fr\/wp-json\/wp\/v2\/media?parent=323648"}],"wp:term":[{"taxonomy":"category","embeddable":true,"href":"https:\/\/www.europesays.com\/fr\/wp-json\/wp\/v2\/categories?post=323648"},{"taxonomy":"post_tag","embeddable":true,"href":"https:\/\/www.europesays.com\/fr\/wp-json\/wp\/v2\/tags?post=323648"}],"curies":[{"name":"wp","href":"https:\/\/api.w.org\/{rel}","templated":true}]}}