{"id":323660,"date":"2025-08-16T22:01:14","date_gmt":"2025-08-16T22:01:14","guid":{"rendered":"https:\/\/www.europesays.com\/fr\/323660\/"},"modified":"2025-08-16T22:01:14","modified_gmt":"2025-08-16T22:01:14","slug":"des-empreintes-de-8-400-ans-retrouvees-au-coeur-dun-site-sacre","status":"publish","type":"post","link":"https:\/\/www.europesays.com\/fr\/323660\/","title":{"rendered":"des empreintes de 8\u202f400 ans retrouv\u00e9es au c\u0153ur d\u2019un site sacr\u00e9"},"content":{"rendered":"<p><img fetchpriority=\"high\" decoding=\"async\" width=\"1024\" height=\"578\" src=\"https:\/\/www.europesays.com\/fr\/wp-content\/uploads\/2025\/08\/decouverte-archeologique-empreinte-8400-ans-1024x578.webp.webp\" alt=\"Grotte orn\u00e9e d\u2019empreintes de mains humaines pr\u00e9historiques vieilles de 8 400 ans.\" class=\"wp-image-986923\"  \/>Des chercheurs d\u00e9voilent des empreintes humaines ancestrales d\u00e9couvertes dans une grotte vieille de 8 400 ans \u2013 DailyGeekShow.com<\/p>\n<p><strong>Une \u00e9quipe internationale a r\u00e9v\u00e9l\u00e9 des centaines d\u2019empreintes humaines dans une grotte du sud-est australien. Ce t\u00e9moignage mill\u00e9naire \u00e9claire un rituel myst\u00e9rieux du peuple GunaiKurnai, transmis \u00e0 travers les g\u00e9n\u00e9rations.<\/strong><\/p>\n<p>Une <strong>grotte scintillante<\/strong> renferme <strong>950 empreintes humaines<\/strong> pr\u00e9serv\u00e9es depuis des mill\u00e9naires<\/p>\n<p><img loading=\"lazy\" decoding=\"async\" width=\"1024\" height=\"578\" src=\"https:\/\/www.europesays.com\/fr\/wp-content\/uploads\/2025\/08\/photo-prise-de-lentree-grotte-jeff-shapiro-courtesy-of-gunaikurnai-1024x578.webp.webp\" alt=\"Entr\u00e9e rocheuse d\u2019une grotte pr\u00e9historique mise au jour par des arch\u00e9ologues.\" class=\"wp-image-986924\"  \/>Vue de l\u2019entr\u00e9e d\u2019une grotte pr\u00e9historique \u00e9tudi\u00e9e par les chercheurs pour retracer l\u2019histoire des premiers habitants \u2013 photo jeff shapiro<\/p>\n<p>Dans la <strong><a href=\"https:\/\/dailygeekshow.com\/un-tresor-arctique-refait-surface-des-especes-disparues-depuis-75-000-ans-decouvertes-dans-cette-grotte-norvegienne-intacte\/\" rel=\"nofollow noopener\" target=\"_blank\">grotte<\/a> de Waribruk<\/strong>, nich\u00e9e dans les contreforts des <strong>Alpes victoriennes<\/strong>, des chercheurs ont identifi\u00e9 <strong>950 marques digitales<\/strong>. Ces <strong>sillons<\/strong>, trac\u00e9s par des doigts humains, remontent \u00e0 <strong>8\u202f400 \u00e0 1\u202f800 ans<\/strong>, selon des analyses au <strong>radiocarbone<\/strong>. Ils ont dat\u00e9 ces marques \u00e0 partir de <strong>fragments de charbon et de cendre<\/strong> retrouv\u00e9s au pied des parois d\u00e9cor\u00e9es.<\/p>\n<p>Lire aussi <a href=\"https:\/\/dailygeekshow.com\/tombe-adolescente-iran-tresor\/\" rel=\"nofollow noopener\" target=\"_blank\">La tombe d\u2019une adolescente vieille de 3 000 ans en Iran contient un tr\u00e9sor inhabituel<\/a><\/p>\n<p>Contrairement \u00e0 la plupart des grottes, celle-ci <strong>brille<\/strong>. Les <strong>parois<\/strong>, recouvertes de <strong>microcristaux<\/strong> form\u00e9s par des bact\u00e9ries, <strong>r\u00e9fl\u00e9chissent la <a href=\"https:\/\/dailygeekshow.com\/notre-galaxie-serait-isolee-dans-un-vide-de-1-milliard-dannees-lumiere-la-revelation-qui-divise-les-scientifiques\/\" rel=\"nofollow noopener\" target=\"_blank\">lumi\u00e8re<\/a> artificielle<\/strong>. D\u00e8s lors, les scientifiques supposent que les participants <strong>utilisaient des torches<\/strong> pour r\u00e9v\u00e9ler le <strong>scintillement<\/strong>, ajoutant une <strong>dimension visuelle essentielle<\/strong> au <strong>rituel<\/strong>.<\/p>\n<p>Par cons\u00e9quent, ce lieu souterrain n\u2019\u00e9tait pas simplement un abri naturel : il offrait une <strong>exp\u00e9rience sensorielle particuli\u00e8re<\/strong>, li\u00e9e \u00e0 la <strong>lumi\u00e8re<\/strong>, \u00e0 la <strong>mati\u00e8re<\/strong> et au <strong>geste<\/strong>.<\/p>\n<p>L\u2019agencement des empreintes r\u00e9v\u00e8le un <strong>geste rituel structur\u00e9<\/strong>, transmis et r\u00e9p\u00e9t\u00e9<\/p>\n<p>Loin d\u2019\u00eatre dispos\u00e9es au hasard, les <strong>empreintes<\/strong> suivent des <strong>motifs clairs<\/strong>. Par exemple, certaines <strong>marques horizontales<\/strong> ont \u00e9t\u00e9 trac\u00e9es simultan\u00e9ment avec plusieurs doigts. D\u2019autres lignes, <strong>verticales ou diagonales<\/strong>, les recoupent. Ainsi, ces <strong>superpositions<\/strong> r\u00e9v\u00e8lent une <strong>continuit\u00e9 gestuelle<\/strong>, probablement transmise au fil du temps.<\/p>\n<p>Lire aussi <a href=\"https:\/\/dailygeekshow.com\/canyons-sous-marins-antarctique\/\" rel=\"nofollow noopener\" target=\"_blank\">Un r\u00e9seau cach\u00e9 de plus de 300 canyons sous-marins g\u00e9ants d\u00e9couvert en Antarctique<\/a><\/p>\n<p>En outre, plusieurs empreintes, extr\u00eamement fines (seulement <strong>3 \u00e0 5 mm de large<\/strong>), montrent que des <strong>enfants en bas \u00e2ge<\/strong> ont particip\u00e9. Or, leur position sur la paroi sugg\u00e8re qu\u2019un <strong>adulte les a soulev\u00e9s<\/strong> pour leur permettre de contribuer. Ce d\u00e9tail met en \u00e9vidence une <strong>dimension interg\u00e9n\u00e9rationnelle du rituel<\/strong>, essentielle \u00e0 sa <strong>transmission<\/strong>.<\/p>\n<p>De plus, les <strong>zones les plus marqu\u00e9es<\/strong> exigent de <strong>ramper ou de s\u2019accroupir<\/strong>. Par cons\u00e9quent, l\u2019<strong>effort physique<\/strong> demand\u00e9 pour atteindre les <strong>surfaces d\u00e9cor\u00e9es<\/strong> accentue leur <strong>caract\u00e8re sacr\u00e9 et r\u00e9serv\u00e9<\/strong>.<\/p>\n<p>Autrement dit, l\u2019ensemble de ces indices confirme que ces <strong>gestes r\u00e9pondaient \u00e0 un code<\/strong>, r\u00e9p\u00e9t\u00e9 et transmis, dans un <strong>contexte bien d\u00e9fini<\/strong>.<\/p>\n<p>Lire aussi <a href=\"https:\/\/dailygeekshow.com\/un-tresor-enfoui-depuis-150-000-ans-un-squelette-de-neandertal-parfaitement-conserve-devoile-un-chapitre-oublie-de-lhumanite\/\" rel=\"nofollow noopener\" target=\"_blank\">Un tr\u00e9sor enfoui depuis 150 000 ans : un squelette de N\u00e9andertal parfaitement conserv\u00e9 d\u00e9voile un chapitre oubli\u00e9 de l\u2019humanit\u00e9<\/a><\/p>\n<p>L\u2019absence totale d\u2019activit\u00e9 domestique confirme un <strong>espace sacr\u00e9 r\u00e9serv\u00e9 aux initi\u00e9s<\/strong><\/p>\n<p>\u00c0 aucun moment les arch\u00e9ologues n\u2019ont trouv\u00e9 de <strong>traces de vie quotidienne<\/strong>. Ils n\u2019ont <a href=\"https:\/\/dailygeekshow.com\/une-decouverte-archeologique-renversante-des-tunnels-secrets-vieux-de-4-500-ans-redefinissent-lhistoire-de-la-chine-antique\/\" rel=\"nofollow noopener\" target=\"_blank\">d\u00e9couvert<\/a> ni <strong>foyers complets<\/strong>, ni <strong>outils<\/strong>, ni <strong>restes alimentaires<\/strong>. En ce sens, cela confirme les <strong>traditions orales des GunaiKurnai<\/strong>, qui d\u00e9crivent <strong>Waribruk<\/strong> comme un <strong>espace r\u00e9serv\u00e9 aux mulla-mullung<\/strong> : des <strong>gu\u00e9risseurs<\/strong> et <strong>d\u00e9tenteurs de savoirs cach\u00e9s<\/strong>.<\/p>\n<p>De plus, les <strong>empreintes<\/strong> apparaissent uniquement sur les <strong>parois scintillantes<\/strong>. Ce choix ne peut \u00eatre accidentel. Il renforce l\u2019id\u00e9e que le <strong>contact avec la mati\u00e8re brillante<\/strong> poss\u00e9dait une <strong>fonction symbolique<\/strong>. D\u2019ailleurs, un <strong>t\u00e9moignage ancien<\/strong>, recueilli par l\u2019ethnographe <strong>Alfred Howitt<\/strong>, raconte comment un homme nomm\u00e9 <strong>Tankli<\/strong> a \u00e9t\u00e9 initi\u00e9 dans une <strong>grotte brillante<\/strong> par son p\u00e8re, pour apprendre \u00e0 manier le <strong>pouvoir des cristaux<\/strong>.<\/p>\n<p>Ainsi, tout semble indiquer que ces <strong>gestes<\/strong> faisaient partie d\u2019un <strong>apprentissage sacr\u00e9<\/strong>, transmis dans un <strong>lieu inaccessible au commun<\/strong>.<\/p>\n<p>Lire aussi <a href=\"https:\/\/dailygeekshow.com\/faune-ere-glaciaire\/\" rel=\"nofollow noopener\" target=\"_blank\">Monde disparu : des dizaines d\u2019animaux de l\u2019\u00e8re glaciaire d\u00e9couverts dans une grotte norv\u00e9gienne<\/a><\/p>\n<p>Une <strong>m\u00e9moire du geste<\/strong> fig\u00e9e dans la pierre, plus pr\u00e9cieuse que des objets<\/p>\n<p>Contrairement aux <strong>objets ou outils<\/strong> souvent d\u00e9couverts en fouille, ici, c\u2019est le <strong>geste lui-m\u00eame<\/strong> que les chercheurs ont retrouv\u00e9. Lorsque les doigts ont gliss\u00e9 sur la <strong>roche encore molle<\/strong>, ils ont laiss\u00e9 une <strong>trace pr\u00e9cise<\/strong>. Ensuite, les <strong>cristaux ont durci<\/strong> la surface, <strong>fossilisant le mouvement<\/strong>.<\/p>\n<p>Aujourd\u2019hui, cette <strong>archive naturelle<\/strong> donne acc\u00e8s \u00e0 une <strong>m\u00e9moire corporelle et spirituelle<\/strong>. Gr\u00e2ce \u00e0 une collaboration \u00e9troite entre les scientifiques et les <strong>gardiens culturels GunaiKurnai<\/strong>, ce <strong>rituel ancien<\/strong> retrouve sa place dans notre <strong>r\u00e9cit commun<\/strong>. Ainsi, <strong>Waribruk<\/strong> n\u2019est pas seulement un <strong>site <a href=\"https:\/\/dailygeekshow.com\/une-decouverte-archeologique-surprenante-les-dents-de-dinosaures-revelent-lair-quils-respiraient-il-y-a-150-millions-dannees\/\" rel=\"nofollow noopener\" target=\"_blank\">arch\u00e9ologique<\/a><\/strong> : c\u2019est un <strong>lieu de transmission<\/strong>, o\u00f9 la <strong>pierre parle encore<\/strong>.<\/p>\n","protected":false},"excerpt":{"rendered":"Des chercheurs d\u00e9voilent des empreintes humaines ancestrales d\u00e9couvertes dans une grotte vieille de 8 400 ans \u2013 DailyGeekShow.com&hellip;\n","protected":false},"author":2,"featured_media":323661,"comment_status":"","ping_status":"","sticky":false,"template":"","format":"standard","meta":{"footnotes":""},"categories":[7],"tags":[730,5975,1011,27,43,40,41,39,42,44],"class_list":{"0":"post-323660","1":"post","2":"type-post","3":"status-publish","4":"format-standard","5":"has-post-thumbnail","7":"category-sciences-et-technologies","8":"tag-archeologie","9":"tag-decouverte","10":"tag-fr","11":"tag-france","12":"tag-science","13":"tag-science-and-technology","14":"tag-sciences","15":"tag-sciences-et-technologies","16":"tag-technologies","17":"tag-technology"},"share_on_mastodon":{"url":"https:\/\/pubeurope.com\/@fr\/115040700630456404","error":""},"_links":{"self":[{"href":"https:\/\/www.europesays.com\/fr\/wp-json\/wp\/v2\/posts\/323660","targetHints":{"allow":["GET"]}}],"collection":[{"href":"https:\/\/www.europesays.com\/fr\/wp-json\/wp\/v2\/posts"}],"about":[{"href":"https:\/\/www.europesays.com\/fr\/wp-json\/wp\/v2\/types\/post"}],"author":[{"embeddable":true,"href":"https:\/\/www.europesays.com\/fr\/wp-json\/wp\/v2\/users\/2"}],"replies":[{"embeddable":true,"href":"https:\/\/www.europesays.com\/fr\/wp-json\/wp\/v2\/comments?post=323660"}],"version-history":[{"count":0,"href":"https:\/\/www.europesays.com\/fr\/wp-json\/wp\/v2\/posts\/323660\/revisions"}],"wp:featuredmedia":[{"embeddable":true,"href":"https:\/\/www.europesays.com\/fr\/wp-json\/wp\/v2\/media\/323661"}],"wp:attachment":[{"href":"https:\/\/www.europesays.com\/fr\/wp-json\/wp\/v2\/media?parent=323660"}],"wp:term":[{"taxonomy":"category","embeddable":true,"href":"https:\/\/www.europesays.com\/fr\/wp-json\/wp\/v2\/categories?post=323660"},{"taxonomy":"post_tag","embeddable":true,"href":"https:\/\/www.europesays.com\/fr\/wp-json\/wp\/v2\/tags?post=323660"}],"curies":[{"name":"wp","href":"https:\/\/api.w.org\/{rel}","templated":true}]}}