{"id":323662,"date":"2025-08-16T22:02:11","date_gmt":"2025-08-16T22:02:11","guid":{"rendered":"https:\/\/www.europesays.com\/fr\/323662\/"},"modified":"2025-08-16T22:02:11","modified_gmt":"2025-08-16T22:02:11","slug":"les-avions-dair-canada-cloues-au-sol-par-une-greve-le-gouvernement-intervient-actualites","status":"publish","type":"post","link":"https:\/\/www.europesays.com\/fr\/323662\/","title":{"rendered":"Les avions d&rsquo;Air Canada clou\u00e9s au sol par une gr\u00e8ve, le gouvernement intervient : Actualit\u00e9s"},"content":{"rendered":"<p class=\"lead \">Le gouvernement canadien a d\u00e9cid\u00e9 samedi d&rsquo;intervenir pour mettre fin \u00e0 une gr\u00e8ve d&rsquo;h\u00f4tesses et de stewards paralysant les activit\u00e9s d&rsquo;Air Canada, la principale compagnie a\u00e9rienne du pays, en ce week-end estival, avec des centaines de vols annul\u00e9s.<\/p>\n<p class=\"lead \">La ministre de l&rsquo;Emploi, Patty Hajdu, a somm\u00e9 les parties de \u00ab\u00a0reprendre et poursuivre leurs activit\u00e9s et leurs fonctions\u00a0\u00bb.<\/p>\n<p class=\"lead \">La gr\u00e8ve, initi\u00e9e par le personnel navigant pour obtenir une meilleure r\u00e9mun\u00e9ration, ne ferait qu&rsquo;alourdir le \u00ab\u00a0fardeau financier\u00a0\u00bb des Canadiens, a-t-elle pr\u00e9venu.<\/p>\n<p class=\"lead \">Le gouvernement f\u00e9d\u00e9ral a sollicit\u00e9 un arbitre ind\u00e9pendant, le Conseil canadien des relations industrielles (CCRI), pour r\u00e9gler les diff\u00e9rends entre la compagnie a\u00e9rienne et le Syndicat canadien de la fonction publique (SCFP).<\/p>\n<p class=\"lead \">Le CCRI a le pouvoir d&rsquo;ordonner la reprise des activit\u00e9s, mais devra commencer par examiner les d\u00e9clarations des parties et d\u00e9cider s&rsquo;il souhaite intervenir, ce qui peut prendre \u00ab\u00a0entre 24 et 48 heures\u00a0\u00bb, selon la ministre.<\/p>\n<p class=\"lead \">En attendant, la gr\u00e8ve, qui impacte 130.000 passagers par jour selon Air Canada, se poursuit donc.<\/p>\n<p class=\"lead \">\u00ab\u00a0Nous sommes profond\u00e9ment attrist\u00e9s pour nos passagers. Personne ne veut voir des Canadiens bloqu\u00e9s ou inquiets pour leurs projets de voyage, mais nous ne pouvons pas travailler gratuitement\u00a0\u00bb, a insist\u00e9 Natasha Stea, une repr\u00e9sentante des h\u00f4tesses de l&rsquo;air.<\/p>\n<p class=\"lead \">&#8211; Travail au sol non r\u00e9mun\u00e9r\u00e9 &#8211;<\/p>\n<p class=\"lead \">Le syndicat SCFP, qui repr\u00e9sente quelque 10.000 personnels navigants, est entr\u00e9 en gr\u00e8ve dans la nuit de vendredi \u00e0 samedi pour r\u00e9clamer de meilleures r\u00e9mun\u00e9rations.<\/p>\n<p class=\"lead \">Au-del\u00e0 d&rsquo;une augmentation de salaire, le personnel navigant r\u00e9clame d&rsquo;\u00eatre r\u00e9mun\u00e9r\u00e9 pour les heures de travail au sol, y compris lors de l&#8217;embarquement, ce qui n&rsquo;est pas le cas aujourd&rsquo;hui.<\/p>\n<p class=\"lead \">En r\u00e9ponse, Air Canada a d\u00e9clench\u00e9 \u00ab\u00a0un lock-out des 10.000 agents de bord d&rsquo;Air Canada Rouge\u00a0\u00bb repr\u00e9sent\u00e9s par le syndicat, clouant au sol ses avions.<\/p>\n<p class=\"lead \">Air Canada, qui dessert directement 180 villes dans le monde, \u00ab\u00a0conseille fortement aux clients concern\u00e9s de ne pas se rendre \u00e0 l&rsquo;a\u00e9roport\u00a0\u00bb.<\/p>\n<p class=\"lead \">Natasha Guwen fait partie des nombreux passagers dont le vol a \u00e9t\u00e9 annul\u00e9. \u00ab\u00a0Ils essaient de nous mettre sur un autre vol, mais rien n&rsquo;est s\u00fbr\u00a0\u00bb, rapporte \u00e0 l&rsquo;AFP cette touriste indienne depuis l&rsquo;a\u00e9roport de Toronto.<\/p>\n<p class=\"lead \">Avant m\u00eame le d\u00e9but officiel de la gr\u00e8ve, la compagnie a\u00e9rienne avait progressivement r\u00e9duit ses op\u00e9rations. Vendredi soir, elle avait annonc\u00e9 avoir d\u00e9j\u00e0 annul\u00e9 623 vols au cours des derniers jours, touchant plus de 100.000 passagers.<\/p>\n<p class=\"lead \">&#8211; Effets sur l&rsquo;\u00e9conomie &#8211;<\/p>\n<p class=\"lead \">Le conflit, en pleine haute saison, met sous pression Air Canada. L&rsquo;entreprise avait d\u00e9taill\u00e9 jeudi une offre de compromis pr\u00e9voyant de porter le salaire annuel moyen d&rsquo;un agent de bord senior \u00e0 87.000 dollars canadiens (65.000 USD) d&rsquo;ici 2027, mais le SCFP avait jug\u00e9 les propositions insuffisantes au regard notamment de l&rsquo;inflation.<\/p>\n<p class=\"lead \">Le syndicat avait \u00e9galement rejet\u00e9 les demandes de la compagnie et du gouvernement canadien de tenter de r\u00e9soudre les contentieux en recourant \u00e0 un arbitrage ind\u00e9pendant.<\/p>\n<p class=\"lead \">Ce n&rsquo;est pas la premi\u00e8re fois que le gouvernement canadien intervient dans un conflit social. En novembre 2024, il avait ainsi ordonn\u00e9 la reprise imm\u00e9diate des op\u00e9rations dans plusieurs ports canadiens, puis en ao\u00fbt de la m\u00eame ann\u00e9e le retour au travail des cheminots.<\/p>\n<p class=\"lead \">Dans le cas d&rsquo;Air Canada, la compagnie a\u00e9rienne estime qu&rsquo;il faudra entre cinq et dix jours pour que ses activit\u00e9s reprennent leur rythme habituel.<\/p>\n<p class=\"lead \">L&rsquo;\u00e9conomie canadienne, bien que montrant des signes de r\u00e9silience, commence \u00e0 \u00e9prouver les effets de la guerre commerciale engag\u00e9e par le pr\u00e9sident am\u00e9ricain Donald Trump, avec des droits de douane affectant des secteurs cruciaux pour le pays comme l&rsquo;automobile, l&rsquo;aluminium et l&rsquo;acier.<\/p>\n<p class=\"lead \">Dans un communiqu\u00e9 publi\u00e9 avant le d\u00e9but de la gr\u00e8ve, le Conseil des affaires canadien, qui regroupe des dirigeants de plus d&rsquo;une centaine de grandes entreprises, avait mis en garde contre le risque de voir ces difficult\u00e9s aggrav\u00e9es par une gr\u00e8ve \u00e0 Air Canada.<\/p>\n<p class=\"lead \">\u00ab\u00a0\u00c0 un moment o\u00f9 le Canada fait face \u00e0 des pressions sans pr\u00e9c\u00e9dent sur nos cha\u00eenes d&rsquo;approvisionnement \u00e9conomique critiques, la perturbation des services nationaux de transport de passagers et de fret a\u00e9rien causerait un pr\u00e9judice imm\u00e9diat et consid\u00e9rable \u00e0 tous les Canadiens\u00a0\u00bb, avait estim\u00e9 l&rsquo;organisation.<\/p>\n<p class=\"small font-weight-bold text-gray3 \"> publi\u00e9 le 16 ao\u00fbt \u00e0 23h14, AFP<\/p>\n<p>                             Partager<\/p>\n","protected":false},"excerpt":{"rendered":"Le gouvernement canadien a d\u00e9cid\u00e9 samedi d&rsquo;intervenir pour mettre fin \u00e0 une gr\u00e8ve d&rsquo;h\u00f4tesses et de stewards paralysant&hellip;\n","protected":false},"author":2,"featured_media":323663,"comment_status":"","ping_status":"","sticky":false,"template":"","format":"standard","meta":{"footnotes":""},"categories":[6],"tags":[7182,35,574,33,34,1011,27,801,2803],"class_list":{"0":"post-323662","1":"post","2":"type-post","3":"status-publish","4":"format-standard","5":"has-post-thumbnail","7":"category-economie","8":"tag-aviation","9":"tag-business","10":"tag-canada","11":"tag-economie","12":"tag-economy","13":"tag-fr","14":"tag-france","15":"tag-social","16":"tag-transport"},"share_on_mastodon":{"url":"https:\/\/pubeurope.com\/@fr\/115040704596619160","error":""},"_links":{"self":[{"href":"https:\/\/www.europesays.com\/fr\/wp-json\/wp\/v2\/posts\/323662","targetHints":{"allow":["GET"]}}],"collection":[{"href":"https:\/\/www.europesays.com\/fr\/wp-json\/wp\/v2\/posts"}],"about":[{"href":"https:\/\/www.europesays.com\/fr\/wp-json\/wp\/v2\/types\/post"}],"author":[{"embeddable":true,"href":"https:\/\/www.europesays.com\/fr\/wp-json\/wp\/v2\/users\/2"}],"replies":[{"embeddable":true,"href":"https:\/\/www.europesays.com\/fr\/wp-json\/wp\/v2\/comments?post=323662"}],"version-history":[{"count":0,"href":"https:\/\/www.europesays.com\/fr\/wp-json\/wp\/v2\/posts\/323662\/revisions"}],"wp:featuredmedia":[{"embeddable":true,"href":"https:\/\/www.europesays.com\/fr\/wp-json\/wp\/v2\/media\/323663"}],"wp:attachment":[{"href":"https:\/\/www.europesays.com\/fr\/wp-json\/wp\/v2\/media?parent=323662"}],"wp:term":[{"taxonomy":"category","embeddable":true,"href":"https:\/\/www.europesays.com\/fr\/wp-json\/wp\/v2\/categories?post=323662"},{"taxonomy":"post_tag","embeddable":true,"href":"https:\/\/www.europesays.com\/fr\/wp-json\/wp\/v2\/tags?post=323662"}],"curies":[{"name":"wp","href":"https:\/\/api.w.org\/{rel}","templated":true}]}}