{"id":323666,"date":"2025-08-16T22:04:11","date_gmt":"2025-08-16T22:04:11","guid":{"rendered":"https:\/\/www.europesays.com\/fr\/323666\/"},"modified":"2025-08-16T22:04:11","modified_gmt":"2025-08-16T22:04:11","slug":"orange-voile-mais-que-se-passe-t-il-dans-le-ciel-de-louest-de-la-france","status":"publish","type":"post","link":"https:\/\/www.europesays.com\/fr\/323666\/","title":{"rendered":"Orange, voil\u00e9\u2026 Mais que se passe-t-il dans le ciel de l\u2019ouest de la France\u00a0?"},"content":{"rendered":"<p>Les pr\u00e9visions m\u00e9t\u00e9o \u00e9taient pourtant claires pour ce week-end du 15\u00a0ao\u00fbt\u00a0: grand ciel bleu, grand soleil, vague de chaleur, et peut-\u00eatre tout de m\u00eame quelques nuages sur la <a href=\"https:\/\/www.20minutes.fr\/dossier\/bretagne\" class=\"c-link c-link--is-underlined\" target=\"_blank\" rel=\"noopener\">Bretagne<\/a>. Mais quelle ne fut pas leur surprise des habitants et des vacances de l\u2019ouest de la France quand ils se sont r\u00e9veill\u00e9s, vendredi matin, avec un ciel\u2026 grisonnant aux reflets jaune orang\u00e9.<\/p>\n<p><a href=\"https:\/\/www.20minutes.fr\/societe\/loire-atlantique\/\" class=\"c-link c-link--is-underlined\" target=\"_blank\" rel=\"noopener\">Loire-Atlantique<\/a>, Bretagne, m\u00eame le d\u00e9partement de la <a href=\"https:\/\/www.20minutes.fr\/dossier\/sarthe\" class=\"c-link c-link--is-underlined\" target=\"_blank\" rel=\"noopener\">Sarthe <\/a>est concern\u00e9. Rebelote pour la journ\u00e9e du samedi, ce voile \u00e0 travers lequel on peut tout de m\u00eame voir le soleil tenter de percer, est toujours bien pr\u00e9sent.<\/p>\n<p>Incendies au Portugal, en Espagne, mais aussi\u2026 au Canada<\/p>\n<p>Aucun incendie dans l\u2019ouest de la France en ce moment, il faut donc aller chercher plus loin pour en trouver les raisons. Plusieurs causes sont avanc\u00e9es par <a href=\"https:\/\/x.com\/MeteoBretagne\/status\/1956404968253997179\" target=\"_blank\" class=\"c-link c-link--is-underlined\">les m\u00e9t\u00e9orologues<\/a>. D\u2019abord, les <a href=\"https:\/\/www.20minutes.fr\/monde\/4168137-20250815-incendies-portugal-premier-mort-pays-annonce-president\" class=\"c-link c-link--is-underlined\" target=\"_blank\" rel=\"noopener\">incendies qui touchent actuellement le Portugal<\/a>, ainsi que le nord de <a href=\"https:\/\/www.20minutes.fr\/dossier\/espagne\" class=\"c-link c-link--is-underlined\" target=\"_blank\" rel=\"noopener\">l\u2019Espagne<\/a>. Les fum\u00e9es remontent alors de la p\u00e9ninsule ib\u00e9rique par le biais des courants atmosph\u00e9riques.<\/p>\n<blockquote class=\"twitter-tweet\" align=\"center\" data-lang=\"fr_FR\">\n<p lang=\"fr\" dir=\"ltr\"><a href=\"https:\/\/twitter.com\/hashtag\/Fum%C3%A9es?src=hash&amp;ref_src=twsrc%5Etfw\" target=\"_blank\" rel=\"noopener\">#Fum\u00e9es<\/a> \u2601\ufe0f\ud83d\udd25 Une ambiance incroyable cette apr\u00e8s-midi \u00e0 Tr\u00e9beurden (22) o\u00f9 le ciel devrait \u00eatre d\u00e9gag\u00e9 cette apr\u00e8s-midi mais les fum\u00e9es \u00e9paisses couvrent int\u00e9gralement le ciel avec des teintes tr\u00e8s singuli\u00e8res.<br \/>\ud83d\udcf8 Janick Bourhis &#8211; Veilleurs du Temps Breton <a href=\"https:\/\/t.co\/z2OjV7Pkt8\">pic.twitter.com\/z2OjV7Pkt8<\/a><\/p>\n<p>\u2014 St\u00e9ven Tual (@StevenTual_off) <a href=\"https:\/\/twitter.com\/StevenTual_off\/status\/1956397531601973540?ref_src=twsrc%5Etfw\" target=\"_blank\" rel=\"noopener\">August 15, 2025<\/a><\/p><\/blockquote>\n<p class=\"mb-xxl@xs color-ultramarine font-weight-semi-bold@xs font-source-serif-pro heading-s@xs\">L\u2019acc\u00e8s \u00e0 ce contenu a \u00e9t\u00e9 bloqu\u00e9 afin de respecter votre choix de consentement<\/p>\n<p class=\"mb-m@xs text-l@xs\">En cliquant sur\u00ab J\u2019accepte \u00bb, vous acceptez le d\u00e9p\u00f4t de cookies par des services externes et aurez ainsi acc\u00e8s aux contenus de nos partenaires.<\/p>\n<p class=\"mb-xl@xs text-s@xs\">Plus d\u2019informations sur la page<a href=\"https:\/\/www.20minutes.fr\/gestion-cookies\" class=\"mx-xxs@xs color-ultramarine\" target=\"_blank\" rel=\"noopener\">Politique de gestion des cookies<\/a><\/p>\n<p>J\u2019accepte<\/p>\n<p>Temps breton explique\u00a0: \u00ab\u00a0Ils sont si importants qu\u2019ils g\u00e9n\u00e8rent de vastes fum\u00e9es qui se propagent dans le golfe de Gascogne jusqu\u2019en Bretagne.\u00a0\u00bb<\/p>\n<p>Selon l\u2019observatoire europ\u00e9en Copernicus, \u00e0 ces fum\u00e9es pourraient s\u2019ajouter celles des incendies en cours au <a href=\"https:\/\/www.20minutes.fr\/dossier\/canada\" class=\"c-link c-link--is-underlined\" target=\"_blank\" rel=\"noopener\">Canada<\/a>. Le pays subit cette ann\u00e9e la deuxi\u00e8me pire saison des feux de for\u00eat de son histoire avec 7,5\u00a0millions d\u2019hectares de for\u00eat br\u00fbl\u00e9e.<\/p>\n<p>De la pollution dans les grandes villes<\/p>\n<p>Autre piste \u00e9galement avanc\u00e9e par les sp\u00e9cialistes\u00a0: des poussi\u00e8res de sables du <a href=\"https:\/\/www.20minutes.fr\/dossier\/sahara\" class=\"c-link c-link--is-underlined\" target=\"_blank\" rel=\"noopener\">Sahara<\/a>. Un ph\u00e9nom\u00e8ne qui n\u2019est pas nouveau sur l\u2019ouest de la France.<\/p>\n<p>Pour les grandes villes, une autre explication peut s\u2019ajouter \u00e0 celles-ci, notamment pour<a href=\"https:\/\/www.20minutes.fr\/dossier\/le_mans\" class=\"c-link c-link--is-underlined\" target=\"_blank\" rel=\"noopener\"> Le\u00a0Mans<\/a>\u00a0: la pollution atmosph\u00e9rique. Depuis le 9\u00a0ao\u00fbt, la qualit\u00e9 de l\u2019air y est consid\u00e9r\u00e9e comme d\u00e9grad\u00e9e. Parmi les polluants, l\u2019ozone, dont les r\u00e9actions sont amplifi\u00e9es par les rayonnements solaires ultraviolets.<\/p>\n<p>Dans certaines villes, comme <a href=\"https:\/\/www.20minutes.fr\/dossier\/quimper\" class=\"c-link c-link--is-underlined\" target=\"_blank\" rel=\"noopener\">Quimper<\/a>, ce voile qui couvre le ciel a permis de limiter la chaleur attendue pour ce long week-end. \u00ab\u00a0On a dans l\u2019atmosph\u00e8re de la fum\u00e9e, qui voile Quimper et amortit les rayons du soleil qui parviennent au sol. \u00c7a peut r\u00e9duire la temp\u00e9rature, et nous \u00e9loigner des records potentiels\u00a0\u00bb, a expliqu\u00e9 le m\u00e9t\u00e9orologue breton, Steven Tual, \u00e0 <a href=\"https:\/\/www.ouest-france.fr\/meteo\/a-quimper-des-fumees-attenuent-le-pic-de-chaleur-les-temperatures-reste-au-dessus-des-normales-c4113b76-79d5-11f0-918c-237d7f802514\" rel=\"nofollow noopener\" target=\"_blank\" class=\"c-link c-link--is-underlined\">Ouest-France<\/a>.<\/p>\n<p><script async src=\"https:\/\/platform.twitter.com\/widgets.js\" charset=\"utf-8\"><\/script><\/p>\n","protected":false},"excerpt":{"rendered":"Les pr\u00e9visions m\u00e9t\u00e9o \u00e9taient pourtant claires pour ce week-end du 15\u00a0ao\u00fbt\u00a0: grand ciel bleu, grand soleil, vague de&hellip;\n","protected":false},"author":2,"featured_media":323667,"comment_status":"","ping_status":"","sticky":false,"template":"","format":"standard","meta":{"footnotes":""},"categories":[4],"tags":[11,829,1011,27,1310,3047,12,2636,52,6996,25,28481,25849],"class_list":{"0":"post-323666","1":"post","2":"type-post","3":"status-publish","4":"format-standard","5":"has-post-thumbnail","7":"category-france","8":"tag-actualites","9":"tag-bretagne","10":"tag-fr","11":"tag-france","12":"tag-incendie","13":"tag-loire-atlantique","14":"tag-news","15":"tag-pays-de-la-loire","16":"tag-planete","17":"tag-portugal","18":"tag-republique-francaise","19":"tag-sahara","20":"tag-sarthe"},"share_on_mastodon":{"url":"https:\/\/pubeurope.com\/@fr\/115040712410095832","error":""},"_links":{"self":[{"href":"https:\/\/www.europesays.com\/fr\/wp-json\/wp\/v2\/posts\/323666","targetHints":{"allow":["GET"]}}],"collection":[{"href":"https:\/\/www.europesays.com\/fr\/wp-json\/wp\/v2\/posts"}],"about":[{"href":"https:\/\/www.europesays.com\/fr\/wp-json\/wp\/v2\/types\/post"}],"author":[{"embeddable":true,"href":"https:\/\/www.europesays.com\/fr\/wp-json\/wp\/v2\/users\/2"}],"replies":[{"embeddable":true,"href":"https:\/\/www.europesays.com\/fr\/wp-json\/wp\/v2\/comments?post=323666"}],"version-history":[{"count":0,"href":"https:\/\/www.europesays.com\/fr\/wp-json\/wp\/v2\/posts\/323666\/revisions"}],"wp:featuredmedia":[{"embeddable":true,"href":"https:\/\/www.europesays.com\/fr\/wp-json\/wp\/v2\/media\/323667"}],"wp:attachment":[{"href":"https:\/\/www.europesays.com\/fr\/wp-json\/wp\/v2\/media?parent=323666"}],"wp:term":[{"taxonomy":"category","embeddable":true,"href":"https:\/\/www.europesays.com\/fr\/wp-json\/wp\/v2\/categories?post=323666"},{"taxonomy":"post_tag","embeddable":true,"href":"https:\/\/www.europesays.com\/fr\/wp-json\/wp\/v2\/tags?post=323666"}],"curies":[{"name":"wp","href":"https:\/\/api.w.org\/{rel}","templated":true}]}}