{"id":323668,"date":"2025-08-16T22:05:11","date_gmt":"2025-08-16T22:05:11","guid":{"rendered":"https:\/\/www.europesays.com\/fr\/323668\/"},"modified":"2025-08-16T22:05:11","modified_gmt":"2025-08-16T22:05:11","slug":"lamine-yamal-soffre-un-bijou-le-barca-simpose-a-11-contre-9-dans-un-match-tendu-video","status":"publish","type":"post","link":"https:\/\/www.europesays.com\/fr\/323668\/","title":{"rendered":"Lamine Yamal s\u2019offre un bijou, le Bar\u00e7a s\u2019impose \u00e0 11 contre 9 dans un match tendu (vid\u00e9o)"},"content":{"rendered":"<p>Gr\u00e2ce \u00e0 une passe d\u00e9cisive et un but sublime de son prodige, le FC Barcelone a \u00e9vit\u00e9 le pi\u00e8ge \u00e0 Majorque (0-3) lors de la premi\u00e8re journ\u00e9e de Liga.<\/p>\n<p class=\"fig-paragraph\">En sup\u00e9riorit\u00e9 num\u00e9rique \u00e0 onze contre neuf d\u00e8s la 39e minute de jeu,\u00a0<a href=\"http:\/\/www.lefigaro.fr\/sports\/football\/espagne\/liga-joan-garcia-et-marcus-rashford-enfin-inscrits-officiellement-avec-le-barca-20250816\" target=\"_blank\" data-fig-type=\"NewsFlash\" rel=\"noopener\" data-gtm-custom-categorie=\"navigation\" data-gtm-custom-action=\"crossclick\" data-gtm-custom-label=\"Contextuel\" data-gtm-event=\"customEventSPE\" data-fig-domain=\"LEFIGARO\">le FC Barcelone<\/a>, champion d&rsquo;Espagne en titre, a parfaitement lanc\u00e9 sa saison avec une large victoire (3-0) sur la pelouse de Majorque samedi lors de la premi\u00e8re journ\u00e9e de Liga.<\/p>\n<p class=\"fig-paragraph\">Ultra-dominateurs, les Catalans ont ouvert le score d\u00e8s la 7e minute gr\u00e2ce au Br\u00e9silien Raphinha, trouv\u00e9 au second poteau par le prodige barcelonais Lamine Yamal (7e, 1-0) avant que l&rsquo;attaquant espagnol Ferran Torres ne double la mise (24e, 2-0) sur une action pol\u00e9mique, o\u00f9 un joueur majorquin \u00e9tait au sol.<\/p>\n<p>                                    <a class=\"fig-a11y-skip a11y-hidden\" href=\"#fig-a11y-skip-main-inarticle\"><br \/>\n        Passer la publicit\u00e9<br \/>\n    <\/a><\/p>\n<p class=\"fig-paragraph\">Yamal, intenable sur son aile droite, a creus\u00e9 l&rsquo;\u00e9cart en toute fin de match en rentrant sur son pied gauche (90e+4, 3-0), permettant aux champions en titre de s&#8217;emparer provisoirement de la premi\u00e8re place \u00e0 la diff\u00e9rence de buts.<\/p>\n<p>Deux cartons rouges en six minutes<\/p>\n<p class=\"fig-paragraph\">La rencontre a \u00e9t\u00e9 marqu\u00e9e par des d\u00e9cisions arbitrales contest\u00e9es, dont deux cartons rouges en six minutes pour deux joueurs locaux, le milieu espagnol Manu Morlanes (33e), contraint de faire faute pour stopper Yamal qui filait au but, et le buteur kosovar Vedat Muriqi (39e), pour un pied haut au niveau de la tempe du nouveau gardien blaugrana Joan Garcia.<\/p>\n<p class=\"fig-paragraph\">L&rsquo;ancien Rennais Raphinha, premier buteur du match, aurait lui aussi pu \u00eatre exclu pour un tacle par-derri\u00e8re qui ne lui a valu qu&rsquo;un jaune (45e+7). Inscrit dans le groupe catalan samedi matin \u00e0 quelques heures de la rencontre, l&rsquo;attaquant anglais Marcus Rashford, pr\u00eat\u00e9 avec option d&rsquo;achat par Manchester United, a fait ses d\u00e9buts officiels sous ses nouvelles couleurs, sans se montrer d\u00e9cisif.<\/p>\n<p class=\"fig-paragraph\">Plus tard dans la soir\u00e9e, Alav\u00e9s s\u2019est impos\u00e9 \u00e0 domicile (2-1) face au promu Levante, prochain adversaire du Bar\u00e7a, et Valence et la Real Sociedad se sont quitt\u00e9s dos \u00e0 dos (1-1) \u00e0 Mestalla.<\/p>\n<p class=\"fig-paragraph\">Cette premi\u00e8re journ\u00e9e se poursuit dans la soir\u00e9e, avec Athletic Bilbao &#8211; S\u00e9ville FC (19H30) et Espanyol Barcelone &#8211; Atl\u00e9tico Madrid (21H30). Le Real Madrid de Kylian Mbapp\u00e9, et de son nouvel entra\u00eeneur Xabi Alonso, d\u00e9butera mardi (21H) au stade Santiago Bernab\u00e9u contre Osasuna.<\/p>\n","protected":false},"excerpt":{"rendered":"Gr\u00e2ce \u00e0 une passe d\u00e9cisive et un but sublime de son prodige, le FC Barcelone a \u00e9vit\u00e9 le&hellip;\n","protected":false},"author":2,"featured_media":323669,"comment_status":"","ping_status":"","sticky":false,"template":"","format":"standard","meta":{"footnotes":""},"categories":[2],"tags":[11,5695,1011,27,16748,12],"class_list":{"0":"post-323668","1":"post","2":"type-post","3":"status-publish","4":"format-standard","5":"has-post-thumbnail","7":"category-actualites","8":"tag-actualites","9":"tag-fc-barcelone","10":"tag-fr","11":"tag-france","12":"tag-lamine-yamal","13":"tag-news"},"share_on_mastodon":{"url":"https:\/\/pubeurope.com\/@fr\/115040716222932528","error":""},"_links":{"self":[{"href":"https:\/\/www.europesays.com\/fr\/wp-json\/wp\/v2\/posts\/323668","targetHints":{"allow":["GET"]}}],"collection":[{"href":"https:\/\/www.europesays.com\/fr\/wp-json\/wp\/v2\/posts"}],"about":[{"href":"https:\/\/www.europesays.com\/fr\/wp-json\/wp\/v2\/types\/post"}],"author":[{"embeddable":true,"href":"https:\/\/www.europesays.com\/fr\/wp-json\/wp\/v2\/users\/2"}],"replies":[{"embeddable":true,"href":"https:\/\/www.europesays.com\/fr\/wp-json\/wp\/v2\/comments?post=323668"}],"version-history":[{"count":0,"href":"https:\/\/www.europesays.com\/fr\/wp-json\/wp\/v2\/posts\/323668\/revisions"}],"wp:featuredmedia":[{"embeddable":true,"href":"https:\/\/www.europesays.com\/fr\/wp-json\/wp\/v2\/media\/323669"}],"wp:attachment":[{"href":"https:\/\/www.europesays.com\/fr\/wp-json\/wp\/v2\/media?parent=323668"}],"wp:term":[{"taxonomy":"category","embeddable":true,"href":"https:\/\/www.europesays.com\/fr\/wp-json\/wp\/v2\/categories?post=323668"},{"taxonomy":"post_tag","embeddable":true,"href":"https:\/\/www.europesays.com\/fr\/wp-json\/wp\/v2\/tags?post=323668"}],"curies":[{"name":"wp","href":"https:\/\/api.w.org\/{rel}","templated":true}]}}