{"id":323676,"date":"2025-08-16T22:18:29","date_gmt":"2025-08-16T22:18:29","guid":{"rendered":"https:\/\/www.europesays.com\/fr\/323676\/"},"modified":"2025-08-16T22:18:29","modified_gmt":"2025-08-16T22:18:29","slug":"national-baptiste-ridira-trop-de-situations-dans-ce-match-pour-ne-pas-le-gagner","status":"publish","type":"post","link":"https:\/\/www.europesays.com\/fr\/323676\/","title":{"rendered":"National. Baptiste Ridira : \u00ab\u00a0Trop de situations dans ce match pour ne pas le gagner\u00a0\u00bb"},"content":{"rendered":"<p><strong>Baptiste Ridira (entra\u00eeneur du DFCO) \u00a0:<\/strong> \u00ab\u00a0Je ne sais pas, on s&rsquo;est vu trop beau, on a trembl\u00e9, on a eu peur d&rsquo;avoir trop bien d\u00e9marr\u00e9, je ne sais pas. Mais sur les quelques minutes apr\u00e8s le but, on n&rsquo;a pas ma\u00eetris\u00e9, on n&rsquo;a fait que de rendre les ballons. Et puis, on s&rsquo;est expos\u00e9 d\u00e9fensivement et au final, on prend le but sur une erreur. On en a fait d&rsquo;autres dans le match. La plupart des occasions qu&rsquo;on a conc\u00e9d\u00e9es, c&rsquo;\u00e9tait sur des transitions rapides ou alors sur des ballons perdus. On va \u00eatre sujet \u00e0 \u00e7a, parce que les \u00e9quipes et celles de Rouen \u00e9taient venues solidement en se calant sur notre dispositif pour pouvoir nous g\u00eaner encore plus. Ils l&rsquo;ont plut\u00f4t bien fait, malgr\u00e9 tout. Si on fait le compte des situations ou des occasions, on a beaucoup trop de situations dans ce match pour ne pas le gagner.\u00a0\u00bb<\/p>\n<p><strong>Sur l&rsquo;absence d&rsquo;Elydjah Mendy ?<\/strong><\/p>\n<p>\u00ab\u00a0Il n&rsquo;\u00e9tait pas \u00e0 100 % par rapport \u00e0 ce match-l\u00e0, pas pr\u00eat \u00e0 jouer. On a d&rsquo;autres joueurs aussi sur lesquels on a d\u00fb faire des choix. Du coup, on ne pouvait pas se permettre de mettre des joueurs qui n&rsquo;\u00e9taient pas \u00e0 100 %. On raisonne de cette mani\u00e8re-l\u00e0, quelles qu&rsquo;en soient les raisons. [Relanc\u00e9 sur un possible d\u00e9part] Pour l&rsquo;instant, moi, je n&rsquo;ai pas de commentaire \u00e0 faire sur ce sujet.\u00a0\u00bb<\/p>\n<p>  &#13;<br \/>\n      <a href=\"https:\/\/cdn-s-www.bienpublic.com\/images\/e77bf6fc-d878-4af9-93f0-01e69b98460e\/NW_raw\/quentin-bernard-photo-vincent-poyer-1755291086.jpg\" title=\"Quentin Bernard.\u00a0Photo Vincent Poyer\" class=\"chocolat-image GA-tracking\" data-ga_type=\"click\" data-ga_category=\"D\u00e9tail\" data-ga_action=\"zoomer\" data-ga_label=\"agrandir image\" target=\"_blank\" rel=\"noopener\">&#13;<br \/>\n          <img loading=\"lazy\" decoding=\"async\" src=\"https:\/\/www.europesays.com\/fr\/wp-content\/uploads\/2025\/08\/quentin-bernard-photo-vincent-poyer-1755291086.jpg\" data-mobile=\"NW_listC_M|1755291086\" data-base=\"NW_listC|1755291086\" alt=\"Quentin Bernard.\u00a0Photo Vincent Poyer\"\/>&#13;<br \/>\n      <\/a>&#13;<\/p>\n<p>Quentin Bernard.\u00a0Photo Vincent Poyer<\/p>\n<p>&#13;<\/p>\n<p><strong>Quentin Bernard (d\u00e9fenseur du DFCO)\u00a0:<\/strong> \u00ab\u00a0C&rsquo;est le d\u00e9but de saison. On n&rsquo;est pas habitu\u00e9s \u00e0 mener aussit\u00f4t. M\u00eame s&rsquo;il y avait des consignes, c&rsquo;est vrai que tu le g\u00e8res inconsciemment, tu le g\u00e8res peut-\u00eatre un peu diff\u00e9remment. Et puis surtout, plus qu&rsquo;un passage \u00e0 vide, c&rsquo;est vraiment un manque de liens entre nous. On a eu l&rsquo;impression qu&rsquo;on ne jouait pas ensemble. On doit faire 2-3 s\u00e9ances o\u00f9 on fait plus de 10 passes. Sinon, c&rsquo;\u00e9tait un rouge qui passe \u00e0 un blanc qui passe \u00e0 un rouge. Ce n&rsquo;\u00e9tait pas un grand match de foot. Donc, on va retenir le point. Il sera b\u00e9n\u00e9fique si on fait un bon r\u00e9sultat la semaine prochaine. Et puis, il faut continuer d&rsquo;avancer.\u00a0\u00bb<\/p>\n","protected":false},"excerpt":{"rendered":"Baptiste Ridira (entra\u00eeneur du DFCO) \u00a0: \u00ab\u00a0Je ne sais pas, on s&rsquo;est vu trop beau, on a trembl\u00e9,&hellip;\n","protected":false},"author":2,"featured_media":323677,"comment_status":"","ping_status":"","sticky":false,"template":"","format":"standard","meta":{"footnotes":""},"categories":[9587],"tags":[1111,11,2931,24879,2930,1777,674,107,63,1011,27,12,5161,25,9590,517],"class_list":{"0":"post-323676","1":"post","2":"type-post","3":"status-publish","4":"format-standard","5":"has-post-thumbnail","7":"category-rouen","8":"tag-actu","9":"tag-actualites","10":"tag-cote-dor","11":"tag-dfco-dijon-football-cote-dor","12":"tag-dijon","13":"tag-eu","14":"tag-europe","15":"tag-fil-info","16":"tag-football","17":"tag-fr","18":"tag-france","19":"tag-news","20":"tag-normandie","21":"tag-republique-francaise","22":"tag-rouen","23":"tag-sport"},"share_on_mastodon":{"url":"https:\/\/pubeurope.com\/@fr\/115040767690761354","error":""},"_links":{"self":[{"href":"https:\/\/www.europesays.com\/fr\/wp-json\/wp\/v2\/posts\/323676","targetHints":{"allow":["GET"]}}],"collection":[{"href":"https:\/\/www.europesays.com\/fr\/wp-json\/wp\/v2\/posts"}],"about":[{"href":"https:\/\/www.europesays.com\/fr\/wp-json\/wp\/v2\/types\/post"}],"author":[{"embeddable":true,"href":"https:\/\/www.europesays.com\/fr\/wp-json\/wp\/v2\/users\/2"}],"replies":[{"embeddable":true,"href":"https:\/\/www.europesays.com\/fr\/wp-json\/wp\/v2\/comments?post=323676"}],"version-history":[{"count":0,"href":"https:\/\/www.europesays.com\/fr\/wp-json\/wp\/v2\/posts\/323676\/revisions"}],"wp:featuredmedia":[{"embeddable":true,"href":"https:\/\/www.europesays.com\/fr\/wp-json\/wp\/v2\/media\/323677"}],"wp:attachment":[{"href":"https:\/\/www.europesays.com\/fr\/wp-json\/wp\/v2\/media?parent=323676"}],"wp:term":[{"taxonomy":"category","embeddable":true,"href":"https:\/\/www.europesays.com\/fr\/wp-json\/wp\/v2\/categories?post=323676"},{"taxonomy":"post_tag","embeddable":true,"href":"https:\/\/www.europesays.com\/fr\/wp-json\/wp\/v2\/tags?post=323676"}],"curies":[{"name":"wp","href":"https:\/\/api.w.org\/{rel}","templated":true}]}}