{"id":323678,"date":"2025-08-16T22:20:19","date_gmt":"2025-08-16T22:20:19","guid":{"rendered":"https:\/\/www.europesays.com\/fr\/323678\/"},"modified":"2025-08-16T22:20:19","modified_gmt":"2025-08-16T22:20:19","slug":"football-lancien-du-gf38-pape-meissa-ba-au-coeur-dun-imbroglio-lie-a-un-transfert","status":"publish","type":"post","link":"https:\/\/www.europesays.com\/fr\/323678\/","title":{"rendered":"Football. L&rsquo;ancien du GF38 Pape Me\u00efssa Ba au c\u0153ur d&rsquo;un imbroglio li\u00e9 \u00e0 un transfert"},"content":{"rendered":"<p>Son transfert pour les Queens Park Rangers \u00e9tait presque fait, mais il n&rsquo;a finalement pas abouti. <a href=\"https:\/\/www.ledauphine.com\/sport\/2025\/01\/29\/gf38-le-buteur-pape-meissa-ba-a-schalke-04-pour-300-000-euros\" target=\"_blank\" rel=\"noopener\">L&rsquo;ancien attaquant du GF38<\/a> Pape Me\u00efssa Ba va bel et bien rester \u00e0 Schalke cet \u00e9t\u00e9. \u00c0 28 ans, le S\u00e9n\u00e9galais, qui avait trouv\u00e9 un accord avec le club anglais, ne devrait pas d\u00e9couvrir la deuxi\u00e8me division anglaise.\u00a0<\/p>\n<p>Ce contenu est bloqu\u00e9 car vous n&rsquo;avez pas accept\u00e9 les cookies et autres traceurs.<\/p>\n<p>En cliquant sur \u00ab J\u2019accepte \u00bb, les cookies et autres traceurs seront d\u00e9pos\u00e9s et vous pourrez visualiser les contenus  (<a href=\"\" class=\"consentModule_policy\" target=\"_blank\" title=\"Consulter la politique de protection des donn\u00e9es du fournisseur\">plus d&rsquo;informations<\/a>).<\/p>\n<p>En cliquant sur \u00ab J\u2019accepte tous les cookies \u00bb, vous autorisez des d\u00e9p\u00f4ts de cookies et autres traceurs pour le stockage de vos donn\u00e9es sur nos sites et applications \u00e0 des fins de personnalisation et de ciblage publicitaire.<\/p>\n<p class=\"consentModule_secondaryText\">Vous gardez la possibilit\u00e9 de retirer votre consentement \u00e0 tout moment en consultant notre <a href=\"https:\/\/www.ledauphine.com\/protection-des-donnees\" target=\"_blank\" title=\"Consulter notre politique de protection des donn\u00e9es\" rel=\"noopener\">politique de protection des donn\u00e9es<\/a>. <br \/>&#13;<br \/>\n            <a href=\"https:\/\/www.ledauphine.com\/sport\/2025\/08\/16\/javascript:Didomi.notice.show()\" class=\"consentModule_cmp\" target=\"_blank\" rel=\"noopener\">G\u00e9rer mes choix<\/a>&#13;\n        <\/p>\n<p>&#13;<br \/>\n                        J&rsquo;accepte&#13;<br \/>\n            J&rsquo;accepte tous les cookies&#13;\n        <\/p>\n<p>  Un directeur sportif frustr\u00e9<\/p>\n<p>Une situation qui a le don de frustrer Frank Baumann, le directeur sportif allemand, qui a d\u00e9plor\u00e9 le retard inexpliqu\u00e9 pour r\u00e9pondre aux appels officiels. Selon lui, la raison du d\u00e9sistement de QPR ne tient pas la route. Pour expliquer ce revirement de situation, le club anglais a avanc\u00e9 une blessure de l&rsquo;ancien Grenoblois.<\/p>\n<p>Pour rappel sous les couleurs du GF38 qu&rsquo;il a port\u00e9es \u00e0 107 reprises en Ligue 2, Me\u00efssa Ba a marqu\u00e9 \u00e0 26 reprises.<\/p>\n","protected":false},"excerpt":{"rendered":"Son transfert pour les Queens Park Rangers \u00e9tait presque fait, mais il n&rsquo;a finalement pas abouti. L&rsquo;ancien attaquant&hellip;\n","protected":false},"author":2,"featured_media":323679,"comment_status":"","ping_status":"","sticky":false,"template":"","format":"standard","meta":{"footnotes":""},"categories":[9566],"tags":[1111,11,2430,112,113,114,1777,674,1701,1011,27,12637,2731,2732,108,12636,23100,12,25,517,1947],"class_list":{"0":"post-323678","1":"post","2":"type-post","3":"status-publish","4":"format-standard","5":"has-post-thumbnail","7":"category-grenoble","8":"tag-actu","9":"tag-actualites","10":"tag-auvergne-rhone-alpes","11":"tag-edition-grenoble-agglomeration","12":"tag-edition-gresivaudan-oisans","13":"tag-edition-voiron-saint-marcellin","14":"tag-eu","15":"tag-europe","16":"tag-fil-info-sport","17":"tag-fr","18":"tag-france","19":"tag-gf38-grenoble-foot-38","20":"tag-grenoble","21":"tag-grenoble-bassin","22":"tag-isere","23":"tag-ligue-2-football","24":"tag-mercato-football","25":"tag-news","26":"tag-republique-francaise","27":"tag-sport","28":"tag-sport-national"},"share_on_mastodon":{"url":"https:\/\/pubeurope.com\/@fr\/115040775210569119","error":""},"_links":{"self":[{"href":"https:\/\/www.europesays.com\/fr\/wp-json\/wp\/v2\/posts\/323678","targetHints":{"allow":["GET"]}}],"collection":[{"href":"https:\/\/www.europesays.com\/fr\/wp-json\/wp\/v2\/posts"}],"about":[{"href":"https:\/\/www.europesays.com\/fr\/wp-json\/wp\/v2\/types\/post"}],"author":[{"embeddable":true,"href":"https:\/\/www.europesays.com\/fr\/wp-json\/wp\/v2\/users\/2"}],"replies":[{"embeddable":true,"href":"https:\/\/www.europesays.com\/fr\/wp-json\/wp\/v2\/comments?post=323678"}],"version-history":[{"count":0,"href":"https:\/\/www.europesays.com\/fr\/wp-json\/wp\/v2\/posts\/323678\/revisions"}],"wp:featuredmedia":[{"embeddable":true,"href":"https:\/\/www.europesays.com\/fr\/wp-json\/wp\/v2\/media\/323679"}],"wp:attachment":[{"href":"https:\/\/www.europesays.com\/fr\/wp-json\/wp\/v2\/media?parent=323678"}],"wp:term":[{"taxonomy":"category","embeddable":true,"href":"https:\/\/www.europesays.com\/fr\/wp-json\/wp\/v2\/categories?post=323678"},{"taxonomy":"post_tag","embeddable":true,"href":"https:\/\/www.europesays.com\/fr\/wp-json\/wp\/v2\/tags?post=323678"}],"curies":[{"name":"wp","href":"https:\/\/api.w.org\/{rel}","templated":true}]}}