{"id":323688,"date":"2025-08-16T22:30:22","date_gmt":"2025-08-16T22:30:22","guid":{"rendered":"https:\/\/www.europesays.com\/fr\/323688\/"},"modified":"2025-08-16T22:30:22","modified_gmt":"2025-08-16T22:30:22","slug":"girondins4ever-j1-les-notes-de-girondins4ever-apres-bordeaux","status":"publish","type":"post","link":"https:\/\/www.europesays.com\/fr\/323688\/","title":{"rendered":"Girondins4Ever &#8211; [J1] Les notes de Girondins4Ever apr\u00e8s Bordeaux"},"content":{"rendered":"<p><img width=\"773\" height=\"380\" data-lazy-type=\"image\" src=\"https:\/\/www.europesays.com\/fr\/wp-content\/uploads\/2025\/08\/bandicam-2025-08-16-22-59-33-800-773x380.jpg\" class=\"lazy lazy-hidden attachment-alchemists_thumbnail-lg size-alchemists_thumbnail-lg wp-post-image\" alt=\"\" decoding=\"async\" fetchpriority=\"high\"\/><\/p>\n<p>Ce samedi 16 Ao\u00fbt 2025, les <strong>Girondins de<br \/>\nBordeaux<\/strong> disputaient un match de la 1\u00e8re journ\u00e9e du<br \/>\nchampionnat de <b>National 2<\/b> \u00e0 domicile face au club de<br \/>\nl\u2019<strong>US Avranches<\/strong>. La rencontre se jouait au<br \/>\n<strong>Stade Atlantique<\/strong>.<\/p>\n<p>Les hommes de <strong>Bruno Irles\u00a0<\/strong>se devaient de<br \/>\nbien d\u00e9buter la saison, d\u00e9j\u00e0 pour la lancer de la meilleure des<br \/>\nfa\u00e7ons devant ses supporters mais \u00e9galement pour briser la<br \/>\nmal\u00e9diction qui persiste depuis 2016. Les bordelais ne gagnaient<br \/>\npas leur premi\u00e8re journ\u00e9e. Le d\u00e9but de match va \u00eatre timide pour<br \/>\nles bordelais, qui se contentent d\u2019essayer de se trouver sur un<br \/>\nterrain difficile. En face Avranches essaye d\u2019exploiter le moindre<br \/>\nballon pour se projeter vers l\u2019avant. Il faudra un tr\u00e8s bon Jan<br \/>\nHoekstra pour r\u00e9aliser un tr\u00e8s bel arr\u00eat en face \u00e0 face. Il va<br \/>\n\u00e9galement s\u2019imposer dans les airs et au sol et se d\u00e9pliant de tout<br \/>\nson long. C\u00f4t\u00e9 terrain, Villette a peu de ballons, Openda et Etonde<br \/>\nn\u2019arrivent pas \u00e0 finaliser. L\u2019activit\u00e9 au milieu est cependant<br \/>\nencourageante, Odru montre qu\u2019il a du ballon et Diop monte en<br \/>\npuissance \u00e0 l\u2019approche de la pause.<\/p>\n<p><img loading=\"lazy\" decoding=\"async\" class=\"lazy lazy-hidden size-medium wp-image-559830 aligncenter\" data-lazy-type=\"image\" src=\"https:\/\/www.europesays.com\/fr\/wp-content\/uploads\/2025\/08\/bandicam-2025-08-16-22-05-40-881-300x200.jpg\" alt=\"\" width=\"300\" height=\"200\"  \/><\/p>\n<p>En seconde p\u00e9riode, le jeu ne va pas non plus \u00eatre tr\u00e8s<br \/>\nflamboyant, m\u00eame si les 22 acteurs essayent un peu plus.\u00a0<br \/>\nBordeaux se montre un peu plus tranchant tandis qu\u2019Avranches<br \/>\nrecule, mais la finition n\u2019est toujours pas l\u00e0. Le dernier geste<br \/>\nmanque de technique et de pr\u00e9cision, pour preuves avec plusieurs<br \/>\nsituations impliquant Shamal, Etonde, Odru ou encore Trichard. A<br \/>\nnoter qu\u2019Openda malm\u00e8ne le c\u00f4t\u00e9 droit de par sa vitesse. Derri\u00e8re,<br \/>\nHoekstra veille encore sur le moindre ballon et se montre solide,<br \/>\ntout comme l\u2019axe Droehnl\u00e9 \u2013 Vandenabeele. Des espaces se lib\u00e8rent<br \/>\nen fn de partie mais personne n\u2019en profite. A noter l\u2019entr\u00e9e<br \/>\nint\u00e9ressante du jeune Luigi Rizaldos.<\/p>\n<p>Au final, les Girondins manquent leurs d\u00e9buts dans ce<br \/>\nchampionnat et devront faire mieux lors de la prochaine<br \/>\njourn\u00e9e.<\/p>\n<p>En attendant, voici les notes distribu\u00e9es par la r\u00e9daction.<\/p>\n<p>Les notes Girondins4Ever<\/p>\n<p style=\"text-align: justify;\"><strong>Hoekstra : 7<br \/><\/strong><br \/>\n<strong>Jousselin : 4<br \/>Vandenabeele : 6<br \/>Droehnl\u00e9 : 5,5<br \/>Trichard (c) : 6<br \/>Odru : 6<br \/>Openda : 6<br \/>Shamal : 5,5<br \/>Etonde : 5<br \/>Villette : 5\u00a0 \u00a0\u00a0<\/strong><\/p>\n<p><strong>Irles : 5\u00a0\u00a0<\/strong><\/p>\n<p>\u00a0<\/p>\n<p><img loading=\"lazy\" decoding=\"async\" class=\"lazy lazy-hidden size-medium wp-image-529526 aligncenter\" data-lazy-type=\"image\" src=\"https:\/\/www.europesays.com\/fr\/wp-content\/uploads\/2025\/08\/FCGB-Avranches_OK-300x180.png\" alt=\"\" width=\"300\" height=\"180\"  \/><\/p>\n","protected":false},"excerpt":{"rendered":"Ce samedi 16 Ao\u00fbt 2025, les Girondins de Bordeaux disputaient un match de la 1\u00e8re journ\u00e9e du championnat&hellip;\n","protected":false},"author":2,"featured_media":323689,"comment_status":"","ping_status":"","sticky":false,"template":"","format":"standard","meta":{"footnotes":""},"categories":[2817],"tags":[1111,11,1997,1777,674,1011,27,12,2219,25],"class_list":{"0":"post-323688","1":"post","2":"type-post","3":"status-publish","4":"format-standard","5":"has-post-thumbnail","7":"category-bordeaux","8":"tag-actu","9":"tag-actualites","10":"tag-bordeaux","11":"tag-eu","12":"tag-europe","13":"tag-fr","14":"tag-france","15":"tag-news","16":"tag-nouvelle-aquitaine","17":"tag-republique-francaise"},"share_on_mastodon":{"url":"https:\/\/pubeurope.com\/@fr\/115040814806756157","error":""},"_links":{"self":[{"href":"https:\/\/www.europesays.com\/fr\/wp-json\/wp\/v2\/posts\/323688","targetHints":{"allow":["GET"]}}],"collection":[{"href":"https:\/\/www.europesays.com\/fr\/wp-json\/wp\/v2\/posts"}],"about":[{"href":"https:\/\/www.europesays.com\/fr\/wp-json\/wp\/v2\/types\/post"}],"author":[{"embeddable":true,"href":"https:\/\/www.europesays.com\/fr\/wp-json\/wp\/v2\/users\/2"}],"replies":[{"embeddable":true,"href":"https:\/\/www.europesays.com\/fr\/wp-json\/wp\/v2\/comments?post=323688"}],"version-history":[{"count":0,"href":"https:\/\/www.europesays.com\/fr\/wp-json\/wp\/v2\/posts\/323688\/revisions"}],"wp:featuredmedia":[{"embeddable":true,"href":"https:\/\/www.europesays.com\/fr\/wp-json\/wp\/v2\/media\/323689"}],"wp:attachment":[{"href":"https:\/\/www.europesays.com\/fr\/wp-json\/wp\/v2\/media?parent=323688"}],"wp:term":[{"taxonomy":"category","embeddable":true,"href":"https:\/\/www.europesays.com\/fr\/wp-json\/wp\/v2\/categories?post=323688"},{"taxonomy":"post_tag","embeddable":true,"href":"https:\/\/www.europesays.com\/fr\/wp-json\/wp\/v2\/tags?post=323688"}],"curies":[{"name":"wp","href":"https:\/\/api.w.org\/{rel}","templated":true}]}}