{"id":323694,"date":"2025-08-16T22:34:18","date_gmt":"2025-08-16T22:34:18","guid":{"rendered":"https:\/\/www.europesays.com\/fr\/323694\/"},"modified":"2025-08-16T22:34:18","modified_gmt":"2025-08-16T22:34:18","slug":"ligue-1-en-chantier-complet-lille","status":"publish","type":"post","link":"https:\/\/www.europesays.com\/fr\/323694\/","title":{"rendered":"Ligue 1 : en chantier complet, Lille"},"content":{"rendered":"<p><strong>Brest\u00a0&#8211; Lille<\/strong><\/p>\n<p>Depuis le d\u00e9but de l\u2019\u00e9t\u00e9, le Losc a perdu trois piliers de son \u00e9quipe version 2024-2025\u00a0: le gardien Lucas Chevalier, parti \u00e0 Paris\u00a0; le d\u00e9fenseur central Bafod\u00e9 Diakit\u00e9, \u00e0 Bournemouth\u00a0; le buteur Jonathan David, qui a quitt\u00e9 le club libre de tout contrat. Ces d\u00e9parts n\u2019ont pas tous \u00e9t\u00e9 combl\u00e9s et rebattent largement les cartes au sein d\u2019une \u00e9quipe qui d\u00e9bute un nouveau cycle, en attendant les arriv\u00e9es de d\u00e9fenseurs lat\u00e9raux, d\u2019un d\u00e9fenseur central suppl\u00e9mentaire et certainement d\u2019un attaquant polyvalent souhait\u00e9es par l\u2019entra\u00eeneur Bruno Genesio.<\/p>\n<p>Moins d\u2019une semaine apr\u00e8s avoir vendu le gardien des Bleus au PSG, le club nordiste a au moins trouv\u00e9 son rempla\u00e7ant\u00a0: Berke \u00d6zer, gardien de 25\u00a0ans qui \u00e9voluait pr\u00e9c\u00e9demment \u00e0 Ey\u00fcpspor. L\u2019international turc (deux s\u00e9lections) d\u00e9barque avec le statut de n\u00b0\u00a01 mais aussi un manque de r\u00e9f\u00e9rence europ\u00e9enne, un anonymat relatif et la lourde t\u00e2che de devoir remplacer le chouchou du stade Pierre-Mauroy, brillant la saison derni\u00e8re au point d\u2019int\u00e9grer l\u2019\u00e9quipe de France.<\/p>\n<p>D\u00e9fense\u00a0: qui pour remplacer Diakit\u00e9\u00a0?<\/p>\n<p>Si le d\u00e9part de Chevalier \u00e9tait une possibilit\u00e9 en amont du mercato, celui de Bafod\u00e9 Diakit\u00e9 <a target=\"_self\" href=\"https:\/\/www.lanouvellerepublique.fr\/sports\/ligue-1-lille-perd-un-nouveau-taulier-le-defenseur-central-bafode-diakite-1755098698\" rel=\"nofollow noopener\">vers Bournemouth<\/a> l\u2019\u00e9tait beaucoup moins. Joueur ayant disput\u00e9 le plus de minutes la saison derni\u00e8re, le joueur de 24\u00a0ans a constitu\u00e9, avec Alexsandro la charni\u00e8re centrale de la deuxi\u00e8me d\u00e9fense la plus imperm\u00e9able de Ligue 1.<\/p>\n<p>\u00c0 gauche, Gabriel Gudmundsson, Ismaily et Mitchel Bakker aussi sont partis. Les Dogues ont accueilli le Fran\u00e7ais Romain Peraud (27\u00a0ans) \u00e0 ce poste, ainsi que le d\u00e9fenseur central Belge Nathan Ngoy (22\u00a0ans) et peuvent de nouveau compter sur Ousmane Tour\u00e9 (20\u00a0ans), revenu d\u2019un pr\u00eat \u00e0 Valenciennes.<\/p>\n<p>Les trois devraient d\u00e9buter \u00e0 Brest, Tour\u00e9 occupant le poste de lat\u00e9ral droit puisque Tiago Santos, retard\u00e9 par une angine, n\u2019est toujours pas de retour apr\u00e8s une saison quasiment blanche, et Thomas Meunier est bless\u00e9 au pubis selon le club.<\/p>\n<p>Le milieu de terrain est, en revanche, le secteur le plus fourni du club nordiste\u00a0: Nabil Bentaleb, Andr\u00e9 Gomes, Benjamin Andr\u00e9, Ngal\u2019ayel Mukau, Ayyoub Bouaddi et Ugo Raghouber (22\u00a0ans) qui revient d\u2019un pr\u00eat prometteur, postulent \u00e0 une place de titulaire dans l\u2019entrejeu. Annonc\u00e9 sur le d\u00e9part, le capitaine Andr\u00e9 a ainsi prolong\u00e9 jusqu\u2019en 2028, et devrait donc \u00eatre de nouveau titulaire. Qui pour l\u2019accompagner\u00a0?<\/p>\n<p>Attaque\u00a0: besoin d\u2019un autre buteur que Giroud<\/p>\n<p>L\u00e0-encore, plusieurs postes sont \u00e0 d\u00e9finir. \u00c0 commencer par celui d\u2019ailier droit, o\u00f9 l\u2019on ne sait toujours pas si Edon Zhegrova restera. Pour l\u2019instant, il s\u2019entra\u00eene avec l\u2019\u00e9quipe r\u00e9serve et Bruno Genesio ne sait pas s\u2019il pourra compter sur lui cette saison.<\/p>\n<p>Les ailiers Marius Broholm et F\u00e9lix Correia sont arriv\u00e9s, et surtout le champion du monde 2018 et meilleur buteur de l\u2019histoire des Bleus, Olivier Giroud. Gros coup du mercato lillois, <a target=\"_self\" href=\"https:\/\/www.lanouvellerepublique.fr\/tours\/equipe-de-france-olivier-giroud-du-bleu-du-tours-fc-a-celui-des-bleus\" rel=\"nofollow noopener\">l\u2019ancien attaquant du Tours FC<\/a> ne pourra toutefois pas tenir le poste de titulaire toute la saison, \u00e0 39\u00a0ans.<\/p>\n<p>\u00ab\u00a0On a cinq joueurs pour trois postes dans le domaine offensif, souligne Bruno Genesio. Je pense que ce n\u2019est pas suffisant pour faire une saison o\u00f9 on va \u00eatre \u00e9norm\u00e9ment sollicit\u00e9s. On aura aussi besoin, par moments, de g\u00e9rer le temps de jeu d\u2019Olivier Giroud.\u00a0\u00bb<\/p>\n<p>Dans cette attaque en construction, le milieu offensif Hakon Haraldsson, qui portera le n\u00b0\u00a010 et d\u00e9butera la saison \u00e0 ce poste, souhaite prendre davantage de responsabilit\u00e9s\u00a0: \u00ab\u00a0Je veux progresser, j\u2019ai des objectifs pour cette saison. Marquer plus de buts, donner davantage de passes d\u00e9cisives. \u00catre meilleur dans les petits espaces, entre le milieu de terrain et l\u2019attaque.\u00a0\u00bb L\u2019association du feu follet islandais avec Giroud, excellent dans un r\u00f4le de pivot, pourrait faire des merveilles. Suffisant pour une raison pleine\u00a0? Pas franchement s\u00fbr\u2026<\/p>\n<p>Ce dimanche \u00e0 15 h sur Ligue 1+.<\/p>\n","protected":false},"excerpt":{"rendered":"Brest\u00a0&#8211; Lille Depuis le d\u00e9but de l\u2019\u00e9t\u00e9, le Losc a perdu trois piliers de son \u00e9quipe version 2024-2025\u00a0:&hellip;\n","protected":false},"author":2,"featured_media":323695,"comment_status":"","ping_status":"","sticky":false,"template":"","format":"standard","meta":{"footnotes":""},"categories":[2815],"tags":[1111,11,1777,674,63,1011,27,811,66,1307,12,25,60],"class_list":{"0":"post-323694","1":"post","2":"type-post","3":"status-publish","4":"format-standard","5":"has-post-thumbnail","7":"category-lille","8":"tag-actu","9":"tag-actualites","10":"tag-eu","11":"tag-europe","12":"tag-football","13":"tag-fr","14":"tag-france","15":"tag-hauts-de-france","16":"tag-ligue-1","17":"tag-lille","18":"tag-news","19":"tag-republique-francaise","20":"tag-sports"},"share_on_mastodon":{"url":"https:\/\/pubeurope.com\/@fr\/115040830272030397","error":""},"_links":{"self":[{"href":"https:\/\/www.europesays.com\/fr\/wp-json\/wp\/v2\/posts\/323694","targetHints":{"allow":["GET"]}}],"collection":[{"href":"https:\/\/www.europesays.com\/fr\/wp-json\/wp\/v2\/posts"}],"about":[{"href":"https:\/\/www.europesays.com\/fr\/wp-json\/wp\/v2\/types\/post"}],"author":[{"embeddable":true,"href":"https:\/\/www.europesays.com\/fr\/wp-json\/wp\/v2\/users\/2"}],"replies":[{"embeddable":true,"href":"https:\/\/www.europesays.com\/fr\/wp-json\/wp\/v2\/comments?post=323694"}],"version-history":[{"count":0,"href":"https:\/\/www.europesays.com\/fr\/wp-json\/wp\/v2\/posts\/323694\/revisions"}],"wp:featuredmedia":[{"embeddable":true,"href":"https:\/\/www.europesays.com\/fr\/wp-json\/wp\/v2\/media\/323695"}],"wp:attachment":[{"href":"https:\/\/www.europesays.com\/fr\/wp-json\/wp\/v2\/media?parent=323694"}],"wp:term":[{"taxonomy":"category","embeddable":true,"href":"https:\/\/www.europesays.com\/fr\/wp-json\/wp\/v2\/categories?post=323694"},{"taxonomy":"post_tag","embeddable":true,"href":"https:\/\/www.europesays.com\/fr\/wp-json\/wp\/v2\/tags?post=323694"}],"curies":[{"name":"wp","href":"https:\/\/api.w.org\/{rel}","templated":true}]}}