{"id":323696,"date":"2025-08-16T22:36:12","date_gmt":"2025-08-16T22:36:12","guid":{"rendered":"https:\/\/www.europesays.com\/fr\/323696\/"},"modified":"2025-08-16T22:36:12","modified_gmt":"2025-08-16T22:36:12","slug":"avec-la-canicule-les-touristes-recherchent-la-fraicheur-dans-les-eglises-de-marseille","status":"publish","type":"post","link":"https:\/\/www.europesays.com\/fr\/323696\/","title":{"rendered":"Avec la canicule, les touristes recherchent la fra\u00eecheur dans les \u00e9glises de Marseille"},"content":{"rendered":"<p>La cath\u00e9drale de Marseille, la Major, ou la petite \u00e9glise du Vieux-Port voient affluer les touristes en tenues l\u00e9g\u00e8res, encore plus en p\u00e9riode de fortes chaleurs, comme ce samedi. <\/p>\n<p><strong>Plus frais de toi, mon Dieu\u00a0!<\/strong> La visite des lieux de cultes, qu&rsquo;elle soit purement patrimoniale ou catholique, fait partie des incontournables de la cit\u00e9 phoc\u00e9enne. Les pierres \u00e9paisses seraient-elles de puissants remparts aux assauts du mercure\u00a0? Certains le confessent\u00a0: le coup de frais est le bienvenu, que ce soit \u00e0 la Major ou dans la plus modeste \u00e9glise du Vieux-Port, Saint-Ferr\u00e9ol les Augustins.<\/p>\n<p>C&rsquo;est le self service de la clim catholique\u00a0: d\u00e9fil\u00e9 des transpirants, visites express, quatre minutes chrono, au point que le panneau \u00ab\u00a0maillot de bain interdit\u00a0\u00bb est affich\u00e9 d\u00e8s l&rsquo;entr\u00e9e de la cath\u00e9drale.<\/p>\n<p>loading<\/p>\n<p><img loading=\"lazy\" decoding=\"async\" class=\"VisualPreview svelte-1rldrkz\" src=\"data:image\/jpeg;base64,\/9j\/2wBDACgcHiMeGSgjISMtKygwPGRBPDc3PHtYXUlkkYCZlo+AjIqgtObDoKrarYqMyP\/L2u71\/\/\/\/m8H\/\/\/\/6\/+b9\/\/j\/2wBDASstLTw1PHZBQXb4pYyl+Pj4+Pj4+Pj4+Pj4+Pj4+Pj4+Pj4+Pj4+Pj4+Pj4+Pj4+Pj4+Pj4+Pj4+Pj4+Pj4+Pj\/wAARCAAfACoDASIAAhEBAxEB\/8QAGQAAAwEBAQAAAAAAAAAAAAAAAgMEAAEF\/8QAGBABAQEBAQAAAAAAAAAAAAAAAAIBERL\/xAAVAQEBAAAAAAAAAAAAAAAAAAAAAf\/EABQRAQAAAAAAAAAAAAAAAAAAAAD\/2gAMAwEAAhEDEQA\/APPg+MIhRApmS2yLG0CKwHDaACeNURqWdNmgV5TbROU76B2tB1t0PQf\/2Q==\" alt=\"Affiche \u00e0 l'entr\u00e9e de la Major \u00e0 Marseille\" width=\"600\" height=\"450\"\/>  Affiche \u00e0 l&rsquo;entr\u00e9e de la Major \u00e0 Marseille \u00a9 Radio France &#8211; Christophe Van Veen<img loading=\"lazy\" decoding=\"async\" class=\"VisualPreview svelte-1rldrkz\" src=\"data:image\/jpeg;base64,\/9j\/2wBDACgcHiMeGSgjISMtKygwPGRBPDc3PHtYXUlkkYCZlo+AjIqgtObDoKrarYqMyP\/L2u71\/\/\/\/m8H\/\/\/\/6\/+b9\/\/j\/2wBDASstLTw1PHZBQXb4pYyl+Pj4+Pj4+Pj4+Pj4+Pj4+Pj4+Pj4+Pj4+Pj4+Pj4+Pj4+Pj4+Pj4+Pj4+Pj4+Pj4+Pj\/wAARCAAfACoDASIAAhEBAxEB\/8QAGAAAAwEBAAAAAAAAAAAAAAAAAAECAwT\/xAAWEAEBAQAAAAAAAAAAAAAAAAAAARH\/xAAWAQEBAQAAAAAAAAAAAAAAAAABAAL\/xAAUEQEAAAAAAAAAAAAAAAAAAAAA\/9oADAMBAAIRAxEAPwDn0SptErDbWU9Zyq1oC1OnalBFpSlQC0lVrOKhSqkwg\/\/Z\" alt=\"Photographier les cierges de la Major...\" width=\"600\" height=\"450\"\/>  Photographier les cierges de la Major&#8230; \u00a9 Radio France &#8211; Christophe Van Veen\u00a0\u00bbEnlevez votre casquette\u00a0! C&rsquo;est le moindre des respects\u00a0!\u00a0\u00bb<\/p>\n<p>Alexis, Aixois venu se recueillir en famille \u00e0 la Major, reprend de vol\u00e9e une meute de bermudas \u00e0 casquettes\u00a0: \u00ab\u00a0Enlevez votre casquette\u00a0! C&rsquo;est le moindre des respects\u00a0!\u00a0\u00bb Lana, \u00e9tudiante \u00e0 Marseille est plus \u0153cum\u00e9nique\u00a0: \u00ab\u00a0Avec la canicule, on ne peut les bl\u00e2mer\u00a0\u00bb.<\/p>\n<p>Le p\u00e8re Pierre Brunet, recteur de la cath\u00e9drale de la vaste cath\u00e9drale, ne se plaint pas de l&rsquo;afflux estival. \u00ab\u00a0Au contraire\u00a0! Nous n&rsquo;en sommes pas victimes. Longtemps, la cath\u00e9drale a \u00e9t\u00e9 isol\u00e9e, peu fr\u00e9quent\u00e9e\u00a0\u00bb. Pierre, le gardien, veille au grain, bataille gentiment, mais fermement contre \u00ab\u00a0les fadas en libert\u00e9 chaque \u00e9t\u00e9\u00a0\u00bb et \u00ab\u00a0ceux qui parlent fort parce qu&rsquo;ils se croient au mus\u00e9e\u00a0\u00bb.<\/p>\n<p>L&rsquo;id\u00e9e du passage au frais est temp\u00e9r\u00e9e par son ressenti partag\u00e9 par Pierre Brunet\u00a0: \u00ab\u00a0D\u00e8s la mi-juillet, il fait plus chaud dedans que dehors\u00a0\u00bb.<\/p>\n<p>Seul v\u00e9ritable \u00eelot de fra\u00eecheur \u00e0 Marseille, la crypte de l&rsquo;Abbaye Saint-Victor, beaucoup moins connue et qui entend le rester&#8230; alors on ne vous a rien dit\u00a0!<\/p>\n<p><img loading=\"lazy\" decoding=\"async\" class=\"VisualPreview svelte-1rldrkz\" src=\"data:image\/jpeg;base64,\/9j\/2wBDACgcHiMeGSgjISMtKygwPGRBPDc3PHtYXUlkkYCZlo+AjIqgtObDoKrarYqMyP\/L2u71\/\/\/\/m8H\/\/\/\/6\/+b9\/\/j\/2wBDASstLTw1PHZBQXb4pYyl+Pj4+Pj4+Pj4+Pj4+Pj4+Pj4+Pj4+Pj4+Pj4+Pj4+Pj4+Pj4+Pj4+Pj4+Pj4+Pj4+Pj\/wAARCAAfACoDASIAAhEBAxEB\/8QAGAABAQEBAQAAAAAAAAAAAAAAAgMBBAD\/xAAYEAEBAQEBAAAAAAAAAAAAAAAAAQISEf\/EABYBAQEBAAAAAAAAAAAAAAAAAAABAv\/EABURAQEAAAAAAAAAAAAAAAAAAAAR\/9oADAMBAAIRAxEAPwCOYrnI5i2Y3Ug8vXKnjKUiVjPDolIOarK5po5phXR0N0j2N2CmtD0ldj2D\/9k=\" alt=\"Un monde fou dans la petite \u00e9glise du Vieux-Port\" width=\"600\" height=\"450\"\/>  Un monde fou dans la petite \u00e9glise du Vieux-Port \u00a9 Radio France &#8211; Christophe Van Veen<\/p>\n","protected":false},"excerpt":{"rendered":"La cath\u00e9drale de Marseille, la Major, ou la petite \u00e9glise du Vieux-Port voient affluer les touristes en tenues&hellip;\n","protected":false},"author":2,"featured_media":323697,"comment_status":"","ping_status":"","sticky":false,"template":"","format":"standard","meta":{"footnotes":""},"categories":[2814],"tags":[1111,11,1777,674,1011,27,884,12,882,25],"class_list":{"0":"post-323696","1":"post","2":"type-post","3":"status-publish","4":"format-standard","5":"has-post-thumbnail","7":"category-marseille","8":"tag-actu","9":"tag-actualites","10":"tag-eu","11":"tag-europe","12":"tag-fr","13":"tag-france","14":"tag-marseille","15":"tag-news","16":"tag-provence-alpes-cote-dazur","17":"tag-republique-francaise"},"share_on_mastodon":{"url":"https:\/\/pubeurope.com\/@fr\/115040838183452078","error":""},"_links":{"self":[{"href":"https:\/\/www.europesays.com\/fr\/wp-json\/wp\/v2\/posts\/323696","targetHints":{"allow":["GET"]}}],"collection":[{"href":"https:\/\/www.europesays.com\/fr\/wp-json\/wp\/v2\/posts"}],"about":[{"href":"https:\/\/www.europesays.com\/fr\/wp-json\/wp\/v2\/types\/post"}],"author":[{"embeddable":true,"href":"https:\/\/www.europesays.com\/fr\/wp-json\/wp\/v2\/users\/2"}],"replies":[{"embeddable":true,"href":"https:\/\/www.europesays.com\/fr\/wp-json\/wp\/v2\/comments?post=323696"}],"version-history":[{"count":0,"href":"https:\/\/www.europesays.com\/fr\/wp-json\/wp\/v2\/posts\/323696\/revisions"}],"wp:featuredmedia":[{"embeddable":true,"href":"https:\/\/www.europesays.com\/fr\/wp-json\/wp\/v2\/media\/323697"}],"wp:attachment":[{"href":"https:\/\/www.europesays.com\/fr\/wp-json\/wp\/v2\/media?parent=323696"}],"wp:term":[{"taxonomy":"category","embeddable":true,"href":"https:\/\/www.europesays.com\/fr\/wp-json\/wp\/v2\/categories?post=323696"},{"taxonomy":"post_tag","embeddable":true,"href":"https:\/\/www.europesays.com\/fr\/wp-json\/wp\/v2\/tags?post=323696"}],"curies":[{"name":"wp","href":"https:\/\/api.w.org\/{rel}","templated":true}]}}