{"id":323703,"date":"2025-08-16T22:42:14","date_gmt":"2025-08-16T22:42:14","guid":{"rendered":"https:\/\/www.europesays.com\/fr\/323703\/"},"modified":"2025-08-16T22:42:14","modified_gmt":"2025-08-16T22:42:14","slug":"pourquoi-si-peu-de-terminus-a-paris","status":"publish","type":"post","link":"https:\/\/www.europesays.com\/fr\/323703\/","title":{"rendered":"pourquoi si peu de terminus \u00e0 Paris ?"},"content":{"rendered":"<p>Si Paris accueille l&rsquo;un des premiers r\u00e9seaux de m\u00e9tro mondial, celui-ci ne comporte pourtant pas autant de terminus que son grand fr\u00e8re londonien. D&rsquo;o\u00f9 vient cette sp\u00e9cificit\u00e9 ? Parigo Express vous explique tout en d\u00e9tails. <\/p>\n<p>\n      L\u2019actu des r\u00e9gions\n    <\/p>\n<p>\n      Chaque jour, un tour d\u2019horizon des principales infos de toutes les r\u00e9gions.\n    <\/p>\n<p>    France T\u00e9l\u00e9visions utilise votre adresse e-mail afin de vous envoyer la newsletter \u00ab\u00a0L\u2019actu des r\u00e9gions\u00a0\u00bb. Vous pouvez vous d\u00e9sinscrire \u00e0 tout moment via le lien en bas de cette newsletter. <a target=\"_blank\" href=\"https:\/\/www.francetelevisions.fr\/groupe\/confidentialite\/politique-de-confidentialite\/politique-de-confidentialite-de-france-televisions-6503\" rel=\"nofollow noopener\">Notre politique de confidentialit\u00e9<\/a><\/p>\n<p>\u00c0 la cr\u00e9ation du m\u00e9tro en 1900, chaque \u00ab\u00a0branche\u00a0\u00bb du m\u00e9tro n&rsquo;\u00e9tait qu&rsquo;un embryon mis en service les uns apr\u00e8s les autres. Un choix politique assum\u00e9 par le conseil municipal de Paris de l&rsquo;\u00e9poque, tr\u00e8s soucieux de garder la main sur son m\u00e9tro.<\/p>\n<p>Les ann\u00e9es 20 marquent un tournant pour mieux desservir la banlieue. Certaines lignes sont prolong\u00e9es, et le 3 f\u00e9vrier 1934 est inaugur\u00e9e la toute premi\u00e8re station hors de Paris : Pont de S\u00e8vres de la ligne 9.\u00a0Aujourd&rsquo;hui, il existe 12 terminus dans Paris : la ligne 5 \u00e0 Place d&rsquo;Italie, la ligne 10 \u00e0 Gare d&rsquo;Austerlitz ou encore la ligne 11 \u00e0 Ch\u00e2telet.<\/p>\n<p>Dans les prochaines ann\u00e9es, plusieurs terminus pourraient \u00eatre d\u00e9plac\u00e9s au-del\u00e0 du p\u00e9riph\u00e9rique puisque plusieurs prolongements sont \u00e0 l&rsquo;\u00e9tude. C&rsquo;est le cas notamment de la ligne 10 qui pourrait\u00a0filer du c\u00f4t\u00e9 d&rsquo;Ivry.<\/p>\n","protected":false},"excerpt":{"rendered":"Si Paris accueille l&rsquo;un des premiers r\u00e9seaux de m\u00e9tro mondial, celui-ci ne comporte pourtant pas autant de terminus&hellip;\n","protected":false},"author":2,"featured_media":323704,"comment_status":"","ping_status":"","sticky":false,"template":"","format":"standard","meta":{"footnotes":""},"categories":[1888],"tags":[1111,1928,11,1927,1777,674,1011,27,12,1926,626,1925,25],"class_list":{"0":"post-323703","1":"post","2":"type-post","3":"status-publish","4":"format-standard","5":"has-post-thumbnail","7":"category-paris","8":"tag-actu","9":"tag-actu-paris","10":"tag-actualites","11":"tag-actualites-paris","12":"tag-eu","13":"tag-europe","14":"tag-fr","15":"tag-france","16":"tag-news","17":"tag-news-paris","18":"tag-paris","19":"tag-paris-news","20":"tag-republique-francaise"},"share_on_mastodon":{"url":"https:\/\/pubeurope.com\/@fr\/115040861918283416","error":""},"_links":{"self":[{"href":"https:\/\/www.europesays.com\/fr\/wp-json\/wp\/v2\/posts\/323703","targetHints":{"allow":["GET"]}}],"collection":[{"href":"https:\/\/www.europesays.com\/fr\/wp-json\/wp\/v2\/posts"}],"about":[{"href":"https:\/\/www.europesays.com\/fr\/wp-json\/wp\/v2\/types\/post"}],"author":[{"embeddable":true,"href":"https:\/\/www.europesays.com\/fr\/wp-json\/wp\/v2\/users\/2"}],"replies":[{"embeddable":true,"href":"https:\/\/www.europesays.com\/fr\/wp-json\/wp\/v2\/comments?post=323703"}],"version-history":[{"count":0,"href":"https:\/\/www.europesays.com\/fr\/wp-json\/wp\/v2\/posts\/323703\/revisions"}],"wp:featuredmedia":[{"embeddable":true,"href":"https:\/\/www.europesays.com\/fr\/wp-json\/wp\/v2\/media\/323704"}],"wp:attachment":[{"href":"https:\/\/www.europesays.com\/fr\/wp-json\/wp\/v2\/media?parent=323703"}],"wp:term":[{"taxonomy":"category","embeddable":true,"href":"https:\/\/www.europesays.com\/fr\/wp-json\/wp\/v2\/categories?post=323703"},{"taxonomy":"post_tag","embeddable":true,"href":"https:\/\/www.europesays.com\/fr\/wp-json\/wp\/v2\/tags?post=323703"}],"curies":[{"name":"wp","href":"https:\/\/api.w.org\/{rel}","templated":true}]}}