{"id":32374,"date":"2025-04-17T19:48:11","date_gmt":"2025-04-17T19:48:11","guid":{"rendered":"https:\/\/www.europesays.com\/fr\/32374\/"},"modified":"2025-04-17T19:48:11","modified_gmt":"2025-04-17T19:48:11","slug":"pourquoi-donald-trump-prend-il-ses-distances-avec-le-conflit-ukrainien","status":"publish","type":"post","link":"https:\/\/www.europesays.com\/fr\/32374\/","title":{"rendered":"Pourquoi Donald Trump prend-il ses distances avec le conflit ukrainien ?"},"content":{"rendered":"<p><strong>D\u00c9CRYPTAGE<\/strong> &#8211; Les promesses de Trump de mettre fin au conflit n\u2019ont pas abouti, mais l\u2019impatience du pr\u00e9sident am\u00e9ricain reste dirig\u00e9e contre l\u2019Ukraine.<\/p>\n<p class=\"fig-paragraph\"><a href=\"http:\/\/www.lefigaro.fr\/international\/volodymyr-zelensky-appelle-donald-trump-a-venir-en-ukraine-constater-la-devastation-20250414\" target=\"_blank\" data-fig-type=\"NewsFlash\" rel=\"noopener nofollow\" data-gtm-custom-categorie=\"navigation\" data-gtm-custom-action=\"crossclick\" data-gtm-custom-label=\"Contextuel\" data-gtm-event=\"customEventSPE\" data-fig-domain=\"LEFIGARO\">Donald Trump\u00a0<\/a>prend ostensiblement ses distances avec le conflit ukrainien. \u00ab\u00a0La guerre entre la Russie et l\u2019Ukraine est la guerre de\u00a0<a href=\"http:\/\/www.lefigaro.fr\/international\/tant-de-destruction-joe-biden-s-en-prend-a-donald-trump-dans-son-premier-discours-d-ex-president-20250416\" target=\"_blank\" data-fig-type=\"NewsFlash\" rel=\"noopener nofollow\" data-gtm-custom-categorie=\"navigation\" data-gtm-custom-action=\"crossclick\" data-gtm-custom-label=\"Contextuel\" data-gtm-event=\"customEventSPE\" data-fig-domain=\"LEFIGARO\">Biden<\/a> , pas la mienne\u00a0\u00bb, a comment\u00e9 Trump en d\u00e9but de semaine sur son r\u00e9seau Truth social, alors que la paix qu\u2019il avait promis de r\u00e9tablir d\u00e8s son retour au pouvoir lui \u00e9chappe toujours. De fa\u00e7on inhabituelle, le pr\u00e9sident am\u00e9ricain a aussi ajout\u00e9 lundi Vladimir Poutine \u00e0 la liste de ceux qu\u2019il consid\u00e8re comme responsables du conflit. \u00ab\u00a0Des millions de personnes sont mortes \u00e0 cause de trois personnes\u2026 Disons Poutine en num\u00e9ro un, mais aussi Biden, qui n\u2019avait aucune id\u00e9e de ce qu\u2019il faisait, en num\u00e9ro deux, et Zelensky. Et tout ce que je peux faire, c\u2019est essayer d\u2019arr\u00eater \u00e7a\u00a0\u00bb, a-t-il d\u00e9clar\u00e9.<\/p>\n<p class=\"fig-paragraph\">Mais\u00a0<a href=\"http:\/\/www.lefigaro.fr\/international\/les-ukrainiens-se-debrouillent-tres-bien-pour-tenir-le-front-l-otan-estime-que-kiev-n-a-pas-perdu-la-guerre-20250407\" target=\"_blank\" data-fig-type=\"Article\" rel=\"noopener nofollow\" data-gtm-custom-categorie=\"navigation\" data-gtm-custom-action=\"crossclick\" data-gtm-custom-label=\"Contextuel\" data-gtm-event=\"customEventSPE\" data-fig-domain=\"LEFIGARO\">un accord de paix se r\u00e9v\u00e8le plus difficile \u00e0 obtenir<\/a>\u00a0que ne l\u2019avait annonc\u00e9 le candidat, qui avait promis de mettre fin \u00e0 la guerre avant m\u00eame son entr\u00e9e en fonction, puis le jour de sa prise de pouvoir, avant de reconna\u00eetre que les choses \u00e9taient plus\u2026<\/p>\n<p class=\"fig-premium-paywall__infos\">\n        Cet article est r\u00e9serv\u00e9 aux abonn\u00e9s.        Il vous reste 85% \u00e0 d\u00e9couvrir.\n    <\/p>\n<p>                <img  data- alt=\"Le Figaro\" class=\"fig-img--complete fig-img\"\/><\/p>\n<p class=\"fig-premium-paywall__title\">Vous avez envie de lire la suite ?<\/p>\n<p class=\"fig-premium-paywall__subtitle\">D\u00e9bloquez tous les articles imm\u00e9diatement.<\/p>\n<p class=\"fig-premium-paywall__connect\">\n                D\u00e9j\u00e0 abonn\u00e9\u00a0?                <a class=\"fig-premium-paywall__connect-link\" href=\"https:\/\/connect.lefigaro.fr\/login?client=horizon_web&amp;type=main&amp;redirect_uri=https%3A%2F%2Fwww.lefigaro.fr%2Finternational%2Fpourquoi-donald-trump-prend-il-ses-distances-avec-le-conflit-ukrainien-20250417\" data-js-gtm=\"{&quot;customCategorie&quot;: &quot;conversion&quot;, &quot;customAction&quot;: &quot;before_Landing_Connexion_paywall_auto&quot;, &quot;customLabel&quot;: &quot;bGVmaWdhcm8uZnJfXzFmMDFiOGFmLWY4YmMtNjlkNi1hN2Q0LWEzODg4M2UzYTZjZl9fQXJ0aWNsZQ==_Pourquoi Donald Trump prend-il ses distances avec le conflit ukrainien\u00a0?_255&quot;, &quot;customIDSPE&quot;: &quot;bGVmaWdhcm8uZnJfXzFmMDFiOGFmLWY4YmMtNjlkNi1hN2Q0LWEzODg4M2UzYTZjZl9fQXJ0aWNsZQ==&quot;, &quot;event&quot;: &quot;customEventSPE&quot;}\" rel=\"nofollow noopener\" target=\"_blank\"><br \/>\n                    Connectez-vous<br \/>\n                <\/a>\n            <\/p>\n","protected":false},"excerpt":{"rendered":"D\u00c9CRYPTAGE &#8211; Les promesses de Trump de mettre fin au conflit n\u2019ont pas abouti, mais l\u2019impatience du pr\u00e9sident&hellip;\n","protected":false},"author":2,"featured_media":32375,"comment_status":"","ping_status":"","sticky":false,"template":"","format":"standard","meta":{"footnotes":""},"categories":[1590],"tags":[259,11,260,75,1777,674,14,261,12,262,220],"class_list":{"0":"post-32374","1":"post","2":"type-post","3":"status-publish","4":"format-standard","5":"has-post-thumbnail","7":"category-ukraine","8":"tag-actualite-internationale","9":"tag-actualites","10":"tag-affaires-etrangeres","11":"tag-donald-trump","12":"tag-eu","13":"tag-europe","14":"tag-international","15":"tag-ministere-des-affaires-etrangeres","16":"tag-news","17":"tag-politique-etrangere","18":"tag-ukraine"},"share_on_mastodon":{"url":"https:\/\/pubeurope.com\/@fr\/114355038049335182","error":""},"_links":{"self":[{"href":"https:\/\/www.europesays.com\/fr\/wp-json\/wp\/v2\/posts\/32374","targetHints":{"allow":["GET"]}}],"collection":[{"href":"https:\/\/www.europesays.com\/fr\/wp-json\/wp\/v2\/posts"}],"about":[{"href":"https:\/\/www.europesays.com\/fr\/wp-json\/wp\/v2\/types\/post"}],"author":[{"embeddable":true,"href":"https:\/\/www.europesays.com\/fr\/wp-json\/wp\/v2\/users\/2"}],"replies":[{"embeddable":true,"href":"https:\/\/www.europesays.com\/fr\/wp-json\/wp\/v2\/comments?post=32374"}],"version-history":[{"count":0,"href":"https:\/\/www.europesays.com\/fr\/wp-json\/wp\/v2\/posts\/32374\/revisions"}],"wp:featuredmedia":[{"embeddable":true,"href":"https:\/\/www.europesays.com\/fr\/wp-json\/wp\/v2\/media\/32375"}],"wp:attachment":[{"href":"https:\/\/www.europesays.com\/fr\/wp-json\/wp\/v2\/media?parent=32374"}],"wp:term":[{"taxonomy":"category","embeddable":true,"href":"https:\/\/www.europesays.com\/fr\/wp-json\/wp\/v2\/categories?post=32374"},{"taxonomy":"post_tag","embeddable":true,"href":"https:\/\/www.europesays.com\/fr\/wp-json\/wp\/v2\/tags?post=32374"}],"curies":[{"name":"wp","href":"https:\/\/api.w.org\/{rel}","templated":true}]}}