{"id":323752,"date":"2025-08-16T23:09:29","date_gmt":"2025-08-16T23:09:29","guid":{"rendered":"https:\/\/www.europesays.com\/fr\/323752\/"},"modified":"2025-08-16T23:09:29","modified_gmt":"2025-08-16T23:09:29","slug":"cette-saga-de-science-fiction-doit-avoir-une-suite-mais-son-createur-narrive-pas-a-lecrire-a-cause-de-levolution-du-monde-je-ne-sais-pas-quoi-dire","status":"publish","type":"post","link":"https:\/\/www.europesays.com\/fr\/323752\/","title":{"rendered":"Cette saga de science-fiction doit avoir une suite, mais son cr\u00e9ateur n&rsquo;arrive pas \u00e0 l&rsquo;\u00e9crire \u00e0 cause de l&rsquo;\u00e9volution du monde, \u00ab\u00a0Je ne sais pas quoi dire\u00a0\u00bb"},"content":{"rendered":"<p>            <img loading=\"lazy\" decoding=\"async\" src=\"https:\/\/www.europesays.com\/fr\/wp-content\/uploads\/2025\/04\/25-650ab73a0e8c6-35x35-1.jpg\" class=\"author-article-picture\" width=\"35\" height=\"35\"\/><\/p>\n<p>                Par<br \/>\n                                    <a class=\"author-article-bio-link\" href=\"https:\/\/www.purebreak.com\/auteur\/quentin-piton_a25\" rel=\"nofollow noopener\" target=\"_blank\">Quentin Piton<\/a><br \/>\n                                                    | Journaliste S\u00e9ries &#8211; Cin\u00e9<\/p>\n<p>\n                Journaliste sp\u00e9cialis\u00e9 dans les s\u00e9ries, le cin\u00e9ma, mais \u00e9galement les anime et mangas. Passe son temps libre \u00e0 \u00e9crire des histoires pour les enfants (auteur jeunesse) et \u00e0 r\u00eaver d&rsquo;Emma Watson, consid\u00e8re Olivier Giroud comme le GOAT et refuse de parler avec ceux qui sont contre la v\u00e9rit\u00e9 absolue qui est : How I Met Your Mother est une meilleure s\u00e9rie que Friends.\n            <\/p>\n<p>\n    41 ans apr\u00e8s ses d\u00e9buts au cin\u00e9ma, la saga de science-fiction Terminator est toujours consid\u00e9r\u00e9e comme l&rsquo;une des plus impactantes du cin\u00e9ma. Mais alors que James Cameron tente d&rsquo;\u00e9crire un nouveau film (avec ou sans Arnold Schwarzenegger), le r\u00e9alisateur n&rsquo;arrive pas \u00e0 trouver la bonne histoire.\n<\/p>\n<p>                            <img loading=\"lazy\" decoding=\"async\" class=\"player-thumbnail\" src=\"https:\/\/www.europesays.com\/fr\/wp-content\/uploads\/2025\/08\/3a3080f59951975b-580x326-1.jpg\" width=\"580\" height=\"326\"\/><\/p>\n<p>                    Bande-annonce Terminator Dark Fate \u00a9 Paramount Pictures<\/p>\n<p>La suite apr\u00e8s la publicit\u00e9<\/p>\n<p>Lanc\u00e9e en 1984, la saga <strong>Terminator<\/strong> est compos\u00e9e de six films dont le dernier en date remonte \u00e0 2019 avec Dark Fate r\u00e9alis\u00e9 par Tim Miller. Et si la qualit\u00e9 de la franchise n&rsquo;a cess\u00e9 de chuter au fil des ann\u00e9es, <a href=\"https:\/\/www.purebreak.com\/news\/note-6210-meme-ses-acteurs-nassument-plus-ce-film-de-science-fiction-de-2019-lecriture-etait-un-peu-baclee\/254147\" rel=\"nofollow noopener\" target=\"_blank\">au point de voir ses acteurs renier certains projets<\/a>, elle continue pourtant d&rsquo;int\u00e9resser le public et&#8230; <strong>James Cameron<\/strong>.<\/p>\n<p>James Cameron \u00e0 court d&rsquo;id\u00e9es pour Terminator<\/p>\n<p>Quand bien m\u00eame le r\u00e9alisateur est actuellement occup\u00e9 avec Avatar, il reste toujours attach\u00e9 \u00e0 cet univers. \u00c0 tel point qu&rsquo;il ne serait pas contre l&rsquo;id\u00e9e de d\u00e9velopper une nouvelle histoire. Une bonne nouvelle, qui se heurte malheureusement \u00e0 une moins bonne : il est aujourd&rsquo;hui victime du syndrome de la page blanche caus\u00e9&#8230; par la r\u00e9alit\u00e9.<\/p>\n<p>\u00ab\u00a0J&rsquo;en suis \u00e0 un point o\u00f9 <strong>j&rsquo;ai du mal \u00e0 \u00e9crire de la science-fiction<\/strong>, a reconnu James Cameron aupr\u00e8s de CNN. J&rsquo;ai l&rsquo;objectif d&rsquo;\u00e9crire une nouvelle histoire autour de Terminator, mais je n&rsquo;ai pas encore r\u00e9ussi \u00e0 aller bien loin\u00a0\u00bb.<\/p>\n<p>N&rsquo;allez pas croire qu&rsquo;il manque de motivation. Simplement, le monde actuel lui vole ses id\u00e9es. \u00ab\u00a0<strong>Je ne sais pas quoi dire qui ne soit pas d\u00e9j\u00e0 d\u00e9pass\u00e9 par la r\u00e9alit\u00e9<\/strong>\u00ab\u00a0, a souffl\u00e9 le cin\u00e9aste.<\/p>\n<p>\u00ab\u00a0Je vous avais pr\u00e9venu en 1984, mais personne ne m&rsquo;a \u00e9cout\u00e9\u00a0\u00bb : James Cameron met en garde contre les progr\u00e8s de l&rsquo;IA et envisage un futur \u00e0 la Terminator<\/p>\n<p>\u00ab\u00a0Nous vivons \u00e0 l&rsquo;\u00e8re de la science-fiction\u00a0\u00bb<\/p>\n<p>Alors qu&rsquo;il ne cesse de d\u00e9plorer la place de l&rsquo;IA dans notre quotidien, James Cameron craint de ne plus \u00eatre aussi impactant \u00e0 l&rsquo;\u00e9cran qu&rsquo;\u00e0 l&rsquo;\u00e9poque.<\/p>\n<p>\u00ab\u00a0<strong>Nous vivons \u00e0 l&rsquo;\u00e8re de la science-fiction<\/strong>, a martel\u00e9 le r\u00e9alisateur. Et la seule issue pour en sortir est de faire appel \u00e0 notre intelligence, \u00e0 notre curiosit\u00e9, \u00e0 notre ma\u00eetrise de la technologie, mais aussi de comprendre parfaitement les probabilit\u00e9s extr\u00eames auxquelles nous sommes confront\u00e9s.\u00a0\u00bb<\/p>\n<p>Et forc\u00e9ment, dans un pays dirig\u00e9 par un homme comme Donald Trump, il est difficile d&rsquo;esp\u00e9rer voir l&rsquo;intelligence prendre le pas sur le reste&#8230;<\/p>\n<p>        <img decoding=\"async\" class=\"thumb-img-100 thumb-img\" src=\"https:\/\/www.europesays.com\/fr\/wp-content\/uploads\/2025\/08\/786824adfdb92fdb-320x180-1.jpg\" alt=\"James Cameron revient en force ! Le roi de la science-fiction pr\u00e9pare un projet &quot;tr\u00e8s sp\u00e9cial&quot; avec Billie Eilish\" width=\"320\" height=\"180\" loading=\"lazy\" role=\"presentation\"\/><\/p>\n<p>                                            James Cameron revient en force ! Le roi de la science-fiction pr\u00e9pare un projet \u00ab\u00a0tr\u00e8s sp\u00e9cial\u00a0\u00bb avec Billie Eilish<\/p>\n<p>        <img decoding=\"async\" class=\"thumb-img-100 thumb-img\" src=\"https:\/\/www.europesays.com\/fr\/wp-content\/uploads\/2025\/08\/804276-la-bande-annonce-d-avatar-la-voie-de-l-320x180-5.jpg\" alt=\"&quot;Sans blague, il dure 9 heures&quot; : James Cameron a une id\u00e9e folle pour sa premi\u00e8re version d'Avatar 3\" width=\"320\" height=\"180\" loading=\"lazy\" role=\"presentation\"\/><\/p>\n<p>                                            \u00ab\u00a0Sans blague, il dure 9 heures\u00a0\u00bb : James Cameron a une id\u00e9e folle pour sa premi\u00e8re version d&rsquo;Avatar 3<\/p>\n<p>        <img decoding=\"async\" class=\"thumb-img-100 thumb-img\" src=\"https:\/\/www.europesays.com\/fr\/wp-content\/uploads\/2025\/08\/8f1bde27d13dacbd-320x180-2.jpg\" alt=\"Ni Terminator, ni Total Recall : c'est le film qui a fait gagner le plus d'argent \u00e0 Arnold Schwarzenegger... et c'est pas un film de science-fiction !\" width=\"320\" height=\"180\" loading=\"lazy\" role=\"presentation\"\/><\/p>\n<p>                                            Ni Terminator, ni Total Recall : c&rsquo;est le film qui a fait gagner le plus d&rsquo;argent \u00e0 Arnold Schwarzenegger&#8230; et c&rsquo;est pas un film de science-fiction !<\/p>\n","protected":false},"excerpt":{"rendered":"Par Quentin Piton | Journaliste S\u00e9ries &#8211; Cin\u00e9 Journaliste sp\u00e9cialis\u00e9 dans les s\u00e9ries, le cin\u00e9ma, mais \u00e9galement les&hellip;\n","protected":false},"author":2,"featured_media":323753,"comment_status":"","ping_status":"","sticky":false,"template":"","format":"standard","meta":{"footnotes":""},"categories":[1354],"tags":[58,59,1346,1011,27,1360],"class_list":{"0":"post-323752","1":"post","2":"type-post","3":"status-publish","4":"format-standard","5":"has-post-thumbnail","7":"category-films","8":"tag-divertissement","9":"tag-entertainment","10":"tag-films","11":"tag-fr","12":"tag-france","13":"tag-movies"},"share_on_mastodon":{"url":"https:\/\/pubeurope.com\/@fr\/115040968046727434","error":""},"_links":{"self":[{"href":"https:\/\/www.europesays.com\/fr\/wp-json\/wp\/v2\/posts\/323752","targetHints":{"allow":["GET"]}}],"collection":[{"href":"https:\/\/www.europesays.com\/fr\/wp-json\/wp\/v2\/posts"}],"about":[{"href":"https:\/\/www.europesays.com\/fr\/wp-json\/wp\/v2\/types\/post"}],"author":[{"embeddable":true,"href":"https:\/\/www.europesays.com\/fr\/wp-json\/wp\/v2\/users\/2"}],"replies":[{"embeddable":true,"href":"https:\/\/www.europesays.com\/fr\/wp-json\/wp\/v2\/comments?post=323752"}],"version-history":[{"count":0,"href":"https:\/\/www.europesays.com\/fr\/wp-json\/wp\/v2\/posts\/323752\/revisions"}],"wp:featuredmedia":[{"embeddable":true,"href":"https:\/\/www.europesays.com\/fr\/wp-json\/wp\/v2\/media\/323753"}],"wp:attachment":[{"href":"https:\/\/www.europesays.com\/fr\/wp-json\/wp\/v2\/media?parent=323752"}],"wp:term":[{"taxonomy":"category","embeddable":true,"href":"https:\/\/www.europesays.com\/fr\/wp-json\/wp\/v2\/categories?post=323752"},{"taxonomy":"post_tag","embeddable":true,"href":"https:\/\/www.europesays.com\/fr\/wp-json\/wp\/v2\/tags?post=323752"}],"curies":[{"name":"wp","href":"https:\/\/api.w.org\/{rel}","templated":true}]}}