{"id":323758,"date":"2025-08-16T23:13:15","date_gmt":"2025-08-16T23:13:15","guid":{"rendered":"https:\/\/www.europesays.com\/fr\/323758\/"},"modified":"2025-08-16T23:13:15","modified_gmt":"2025-08-16T23:13:15","slug":"apple-watch-ultra-3-les-4-bonnes-raisons-de-craquer-pour-la-prochaine-montre-premium-apple-de-2025","status":"publish","type":"post","link":"https:\/\/www.europesays.com\/fr\/323758\/","title":{"rendered":"Apple Watch Ultra 3 : les 4 bonnes raisons de craquer pour la prochaine montre premium Apple de 2025"},"content":{"rendered":"<p class=\"ed__a-p ed__bdy__l\">Pour accompagner les iPhone 17, Apple compte annoncer \u00e0 la rentr\u00e9e 2025 une flop\u00e9e de montres connect\u00e9es. Outre <a href=\"https:\/\/www.lesnumeriques.com\/montre-connectee\/apple-watch-des-nouveautes-obligatoires-en-2025-pour-repondre-a-la-concurrence-n234111.html\" title=\"Apple Watch : des nouveaut\u00e9s obligatoires en 2025 pour r\u00e9pondre \u00e0 la concurrence\" rel=\"nofollow noopener\" target=\"_blank\">la Watch Series 11 et la Watch SE 3<\/a>, la version phare serait bien \u00e9videmment la mieux \u00e9quip\u00e9e : l\u2019Apple Watch Ultra 3. Bonne nouvelle dans l\u2019histoire, elle embarquerait 4 \u00e9volutions majeures par rapport \u00e0 l\u2019<a href=\"https:\/\/www.lesnumeriques.com\/montre-connectee\/apple-watch-ultra-2-p73968\/test.html\" title=\"Apple Watch Ultra 2 : toujours la meilleure des montres connect\u00e9es d\u2019Apple\" rel=\"nofollow noopener\" target=\"_blank\">Apple Watch Ultra 2<\/a>.<\/p>\n<p>1. Une connectivit\u00e9 satellitaire pour l\u2019Apple Watch Ultra 3<\/p>\n<p class=\"ed__a-p ed__bdy__l\">La premi\u00e8re nouveaut\u00e9 serait une petite r\u00e9volution pour les montres connect\u00e9es d\u2019Apple : l\u2019arriv\u00e9e de la connectivit\u00e9 satellitaire.<\/p>\n<p class=\"ed__a-p ed__bdy__l\">Introduite en 2022 avec les <a href=\"https:\/\/www.lesnumeriques.com\/telephone-portable\/apple-iphone-14-p65125\/test.html\" title=\"Apple iPhone 14 : un smartphone toujours ma\u00eetris\u00e9, mais sans surprise\" rel=\"nofollow noopener\" target=\"_blank\">iPhone 14<\/a>, cette fonction permettrait \u00e0 l\u2019<a href=\"https:\/\/www.lesnumeriques.com\/montre-connectee\/apple-watch-ultra-3-et-watch-se-3-rendez-vous-en-2025-pour-ces-montres-connectees-n226219.html\" title=\"Apple Watch Ultra\u00a03 et Watch\u00a0SE\u00a03\u00a0: rendez-vous en 2025 pour ces montres connect\u00e9es\" rel=\"nofollow noopener\" target=\"_blank\">Apple Watch Ultra 3<\/a> de contacter non seulement les secours, mais aussi ses proches, et ce, sans n\u00e9cessiter de connexion au r\u00e9seau cellulaire ou au Wi-Fi.<\/p>\n<p class=\"ed__a-p ed__bdy__l\">Les utilisateurs de cette nouvelle g\u00e9n\u00e9ration pourraient ainsi envoyer des messages texte \u00e0 tout moment, en orientant \u00e9ventuellement leur poignet vers le ciel afin de faciliter la connexion avec un satellite \u00e0 proximit\u00e9.<\/p>\n<p>2. Un affichage qui ferait la diff\u00e9rence gr\u00e2ce \u00e0 plusieurs nouveaut\u00e9s<\/p>\n<p class=\"ed__a-p ed__bdy__l\">C\u00f4t\u00e9 design, seul un changement mettrait en avant l\u2019Apple Watch Ultra 3 : l\u2019\u00e9cran. Effectivement, on passerait \u00e0 une dalle l\u00e9g\u00e8rement plus grande de 422 x 514 pixels, contre 410 x 502 pixels sur l\u2019<a href=\"https:\/\/www.lesnumeriques.com\/montre-connectee\/apple-watch-ultra-2-p73968\/test.html\" title=\"Apple Watch Ultra 2 : toujours la meilleure des montres connect\u00e9es d\u2019Apple\" rel=\"nofollow noopener\" target=\"_blank\">Apple Watch Ultra 2<\/a>.<\/p>\n<p class=\"ed__a-p ed__bdy__l\">En prime, cela n\u2019impacterait pas le gabarit de ce nouveau mod\u00e8le \u2014 puisqu\u2019il serait le r\u00e9sultat de bordures autour de l\u2019\u00e9cran plus fines.<\/p>\n<p class=\"ed__a-p ed__bdy__l\">Pour faire simple, le mod\u00e8le premium de 2025 rattraperait la dalle de l\u2019Apple Watch Series 11, sensiblement plus grande. En prime, la firme \u00e0 la pomme aurait fait \u00e9voluer l\u2019\u00e9cran Oled de deux fa\u00e7ons gr\u00e2ce \u00e0 :<\/p>\n<ul class=\"ed__lists ed__bdy__l\">\n<li>La technologie LTPO3, offrant un mode always-on se rafra\u00eechissant toutes les secondes<\/li>\n<li>L\u2019Oled \u201cwide-angle\u201d, offrant des couleurs et un contraste optimaux m\u00eame lorsqu\u2019on regarde la montre de biais<\/li>\n<\/ul>\n<p>3. Place \u00e0 la 5G\u2026 et un peu plus de puissance<\/p>\n<p class=\"ed__a-p ed__bdy__l\">De retour dans le monde de la connectivit\u00e9, Apple passerait enfin la vitesse sup\u00e9rieure pour le r\u00e9seau cellulaire. On passerait en effet \u00e0 la 5G sur l\u2019Apple Watch Ultra 3, abandonnant ainsi la traditionnelle 4G LTE.<\/p>\n<p class=\"ed__a-p ed__bdy__l\">Au passage, la puce S11 am\u00e9liorerait sensiblement la donne par rapport \u00e0 la S9 de l&rsquo;Apple Watch Ultra 2. On s\u2019attend en effet \u00e0 un peu plus de puissance et \u00e0 une meilleure efficience \u00e9nerg\u00e9tique.<\/p>\n<p class=\"ed__a-p ed__bdy__l\">Par ailleurs, elle adopterait l\u2019un des avantages de la S10 de l\u2019<a href=\"https:\/\/www.lesnumeriques.com\/montre-connectee\/apple-watch-series-10-p75486\/test.html\" title=\"Apple Watch Series\u00a010\u00a0: la reine des montres connect\u00e9es tarde encore \u00e0 devenir imp\u00e9ratrice\" rel=\"nofollow noopener\" target=\"_blank\">Apple Watch Series 10<\/a> : sa finesse. De quoi laisser esp\u00e9rer une \u00e9paisseur moins imposante sur cette g\u00e9n\u00e9ration.<\/p>\n<p>4. Une nouvelle donn\u00e9e de sant\u00e9 qui pourrait tout changer ?<\/p>\n<p class=\"ed__a-p ed__bdy__l\">Pour finir, parlons de l\u2019\u00e9volution encore incertaine : l\u2019arriv\u00e9e d\u2019un <a href=\"https:\/\/www.lesnumeriques.com\/montre-connectee\/l-apple-watch-ultra-3-s-annonce-mieux-connectee-et-plus-riche-en-fonctions-sante-n230708.html\" title=\"L&#039;Apple Watch Ultra\u00a03 s&#039;annonce mieux connect\u00e9e et plus riche en fonctions sant\u00e9\" rel=\"nofollow noopener\" target=\"_blank\">nouveau capteur de sant\u00e9<\/a>. D\u2019apr\u00e8s les rumeurs, il se pourrait que la mesure de la pression art\u00e9rielle soit au programme sur l\u2019Apple Watch Ultra 3.<\/p>\n<p class=\"ed__a-p ed__bdy__l\">Cependant, certaines sources sugg\u00e8rent que la technologie n\u2019arriverait pas \u00e0 temps pour la sortie de cette montre \u00e0 cause de probl\u00e8mes li\u00e9s \u00e0 la pr\u00e9cision et \u00e0 la fiabilit\u00e9 de ce nouveau composant.<\/p>\n<p class=\"ed__a-p ed__bdy__l\">Il ne faut donc pas s\u2019attendre \u00e0 des miracles s\u2019il est embarqu\u00e9 d\u00e8s cette ann\u00e9e, avec seulement des alertes d\u2019hypertension pouvant \u00eatre envoy\u00e9es en cas d\u2019activit\u00e9 inhabituelle.<\/p>\n","protected":false},"excerpt":{"rendered":"Pour accompagner les iPhone 17, Apple compte annoncer \u00e0 la rentr\u00e9e 2025 une flop\u00e9e de montres connect\u00e9es. Outre&hellip;\n","protected":false},"author":2,"featured_media":323759,"comment_status":"","ping_status":"","sticky":false,"template":"","format":"standard","meta":{"footnotes":""},"categories":[7],"tags":[1011,27,43,40,41,39,42,44],"class_list":{"0":"post-323758","1":"post","2":"type-post","3":"status-publish","4":"format-standard","5":"has-post-thumbnail","7":"category-sciences-et-technologies","8":"tag-fr","9":"tag-france","10":"tag-science","11":"tag-science-and-technology","12":"tag-sciences","13":"tag-sciences-et-technologies","14":"tag-technologies","15":"tag-technology"},"share_on_mastodon":{"url":"https:\/\/pubeurope.com\/@fr\/115040983953050337","error":""},"_links":{"self":[{"href":"https:\/\/www.europesays.com\/fr\/wp-json\/wp\/v2\/posts\/323758","targetHints":{"allow":["GET"]}}],"collection":[{"href":"https:\/\/www.europesays.com\/fr\/wp-json\/wp\/v2\/posts"}],"about":[{"href":"https:\/\/www.europesays.com\/fr\/wp-json\/wp\/v2\/types\/post"}],"author":[{"embeddable":true,"href":"https:\/\/www.europesays.com\/fr\/wp-json\/wp\/v2\/users\/2"}],"replies":[{"embeddable":true,"href":"https:\/\/www.europesays.com\/fr\/wp-json\/wp\/v2\/comments?post=323758"}],"version-history":[{"count":0,"href":"https:\/\/www.europesays.com\/fr\/wp-json\/wp\/v2\/posts\/323758\/revisions"}],"wp:featuredmedia":[{"embeddable":true,"href":"https:\/\/www.europesays.com\/fr\/wp-json\/wp\/v2\/media\/323759"}],"wp:attachment":[{"href":"https:\/\/www.europesays.com\/fr\/wp-json\/wp\/v2\/media?parent=323758"}],"wp:term":[{"taxonomy":"category","embeddable":true,"href":"https:\/\/www.europesays.com\/fr\/wp-json\/wp\/v2\/categories?post=323758"},{"taxonomy":"post_tag","embeddable":true,"href":"https:\/\/www.europesays.com\/fr\/wp-json\/wp\/v2\/tags?post=323758"}],"curies":[{"name":"wp","href":"https:\/\/api.w.org\/{rel}","templated":true}]}}