{"id":323764,"date":"2025-08-16T23:16:12","date_gmt":"2025-08-16T23:16:12","guid":{"rendered":"https:\/\/www.europesays.com\/fr\/323764\/"},"modified":"2025-08-16T23:16:12","modified_gmt":"2025-08-16T23:16:12","slug":"il-y-a-un-risque-de-ne-plus-pouvoir-se-soigner-face-a-la-greve-des-pharmaciens-les-prescriptions-des-patients-pour-reduire-les-depenses-de-sante","status":"publish","type":"post","link":"https:\/\/www.europesays.com\/fr\/323764\/","title":{"rendered":"\u00ab\u00a0Il y a un risque de ne plus pouvoir se soigner\u00a0\u00bb\u00a0: face \u00e0 la gr\u00e8ve des pharmaciens, les prescriptions des patients pour r\u00e9duire les d\u00e9penses de sant\u00e9"},"content":{"rendered":"<p>\u00ab\u00a0Ouf, c\u2019est ouvert\u00a0!\u00a0\u00bb, souffle Emmanuelle, 46 ans, face \u00e0 la porte ouverte de la pharmacie. Ce samedi matin, cette habitante des monts d\u2019Arr\u00e9e, trait\u00e9e pour sa tension, a craint de faire davantage de route pour trouver les m\u00e9dicaments qu\u2019elle et son conjoint, diab\u00e9tique, exigent au quotidien. Une chance pour elle, l\u2019officine de Pleyber-Christ (29), bien que solidaire du <a href=\"https:\/\/www.letelegramme.fr\/france\/pharmaciens-en-colere-en-bretagne-environ-50-des-officines-seront-fermees-ce-samedi-6871897.php\" rel=\"nofollow noopener\" target=\"_blank\">mouvement de gr\u00e8ve appel\u00e9 par l\u2019Union des syndicats de pharmaciens d\u2019officine (Uspo)<\/a>, a choisi de \u00ab\u00a0ne pas p\u00e9naliser ses clients, un lendemain de 15 ao\u00fbt f\u00e9ri\u00e9\u00a0\u00bb.<\/p>\n<p>Dans la file d\u2019attente devant elle, Ir\u00e8ne conna\u00eet les raisons de la grogne. Le plafond des remises accord\u00e9es aux pharmaciens sur les prix des m\u00e9dicaments g\u00e9n\u00e9riques va baisser, a d\u00e9cid\u00e9 le gouvernement. De 40 \u00e0 30\u00a0%, en septembre, avant de descendre \u00e0 20\u00a0%, en 2027. \u00ab\u00a0Ils ont jou\u00e9 le jeu des g\u00e9n\u00e9riques, massivement distribu\u00e9s en Bretagne, et voil\u00e0 toute leur r\u00e9compense.\u00a0\u00bb<\/p>\n<p>\u00ab\u00a0Au-del\u00e0 des conseils qu\u2019ils prodiguent et des soins de bobologie qu\u2019ils apportent, on a su compter sur eux pour effectuer les tests covid et les vaccinations, rench\u00e9rit Fran\u00e7ois, de La Feuill\u00e9e. Comment garder des soins de proximit\u00e9 si les pharmaciens ne parviennent pas \u00e0 gagner leur vie\u00a0?\u00a0\u00bb<\/p>\n<p>Malvina, atteinte de la maladie de Parkinson, n\u2019ose pas imaginer son existence si, un jour, il lui fallait aller jusqu\u2019\u00e0 Morlaix (quinze minutes de route), Sizun (25 minutes et autant de kilom\u00e8tres) ou Pleyben (plus d\u2019une demi-heure de trajet) pour trouver les mol\u00e9cules qui la soulagent. \u00ab\u00a0J\u2019ai 55 ans et je ne sais pas combien de temps je serai encore en capacit\u00e9 de conduire\u2026\u00a0\u00bb<\/p>\n<p>Moins de marge, c\u2019est moins d\u2019emplois<\/p>\n<p>Dans ce secteur rural qui a d\u00e9j\u00e0 vu dispara\u00eetre plusieurs officines, les pharmaciens sont unanimes\u00a0: si leur activit\u00e9 est viable et pourvoyeuse d\u2019emplois, c\u2019est \u00ab\u00a0gr\u00e2ce aux marges r\u00e9alis\u00e9es sur les ventes de g\u00e9n\u00e9riques, l\u2019\u00e9quivalent d\u2019un an de salaire d\u20191,5 poste de pr\u00e9parateur. Sur les m\u00e9dicaments hyper-on\u00e9reux des labos, on ne gagne pratiquement rien. Et les produits de beaut\u00e9, accessoires, etc., ne repr\u00e9sentent que 20\u00a0% de notre chiffre d\u2019affaires\u00a0\u00bb, assurent les patrons de deux pharmacies du pays de Ch\u00e2teaulin (29).<\/p>\n<p>Si les clients ne sont pas tous au fait de la tarification des g\u00e9n\u00e9riques, ils sont, en revanche, bien au courant du doublement annonc\u00e9 de la franchise m\u00e9dicale. Un reste \u00e0 charge pour le patient qu\u2019il est pr\u00e9vu de passer d\u2019un \u00e0 deux euros par bo\u00eete de m\u00e9dicament, avec un plafond de 100 euros par an (au lieu de 50).<\/p>\n<p><img decoding=\"async\" src=\"https:\/\/www.europesays.com\/fr\/wp-content\/uploads\/2025\/08\/68a0dae6a9b7286b7b0059d3.1.jpeg\" width=\"480\" height=\"300\" class=\"web_golden_m\" loading=\"lazy\" alt=\"Yannick accepte, bon gr\u00e9 mal gr\u00e9, de devoir contribuer \u00e0 l\u2019effort de d\u00e9ficit de la S\u00e9cu mais estime qu\u2019un reste \u00e0 charge plus \u00e9lev\u00e9 peut \u00eatre difficilement supportable pour de tr\u00e8s petits revenus.\"\/>Yannick accepte, bon gr\u00e9 mal gr\u00e9, de devoir contribuer \u00e0 l\u2019effort de d\u00e9ficit de la S\u00e9cu mais estime qu\u2019un reste \u00e0 charge plus \u00e9lev\u00e9 peut \u00eatre difficilement supportable pour de tr\u00e8s petits revenus. (Val\u00e9rie Cudennec-Riou)<\/p>\n<p>\u00ab\u00a0Une r\u00e9gression sociale\u00a0\u00bb, d\u00e9nonce Nicole, de Plon\u00e9vez-du-Faou (29). La mesure d\u00e9range aussi Gw\u00e9na\u00eblle, de Ploun\u00e9our-Trez (29), dont le fils diab\u00e9tique requiert plus de 500 euros de traitement par mois. \u00ab\u00a0\u00c0 force de d\u00e9remboursements, il y a un risque de ne plus pouvoir se soigner.\u00a0\u00bb<\/p>\n<p>Yannick, 53 ans, venu de Rennes voir sa m\u00e8re, est partag\u00e9. \u00ab\u00a0Le tout gratuit incite peut-\u00eatre \u00e0 des abus mais 50 euros de plus, c\u2019est beaucoup pour certaines personnes\u2026\u00a0\u00bb<\/p>\n<blockquote><p>Comment garder des soins de proximit\u00e9 si les pharmaciens ne parviennent pas \u00e0 gagner leur vie\u00a0?<\/p><\/blockquote>\n<p>Les patients ont leurs id\u00e9es<\/p>\n<p>Emmanuelle propose une autre piste d\u2019\u00e9conomies pour la S\u00e9cu\u00a0: \u00ab\u00a0Exiger des laboratoires pharmaceutiques qu\u2019ils adaptent leur conditionnement aux prescriptions des m\u00e9decins\u00a0: huit comprim\u00e9s par bo\u00eete pour huit jours de traitement, plut\u00f4t que six cachets qui obligent \u00e0 acheter deux bo\u00eetes\u00a0\u00bb. Alors que pour Xavier, \u00ab\u00a0c\u2019est sur les cures thermales que le gouvernement devrait prendre\u00a0\u00bb.<\/p>\n<p>\u00ab\u00a0En tout cas, qu\u2019il ne compte pas sur nous pour encaisser et faire le rendu de monnaie. Nous n\u2019avons pas vocation \u00e0 collecter l\u2019imp\u00f4t pour l\u2019\u00c9tat\u00a0\u00bb, appuie un pharmacien du secteur de Ch\u00e2teaulin.<\/p>\n","protected":false},"excerpt":{"rendered":"\u00ab\u00a0Ouf, c\u2019est ouvert\u00a0!\u00a0\u00bb, souffle Emmanuelle, 46 ans, face \u00e0 la porte ouverte de la pharmacie. Ce samedi matin,&hellip;\n","protected":false},"author":2,"featured_media":323765,"comment_status":"","ping_status":"","sticky":false,"template":"","format":"standard","meta":{"footnotes":""},"categories":[4],"tags":[11,829,5934,6206,3321,1011,27,6151,32959,2131,12,46099,46096,2130,46097,46098,25,71,32945,801],"class_list":{"0":"post-323764","1":"post","2":"type-post","3":"status-publish","4":"format-standard","5":"has-post-thumbnail","7":"category-france","8":"tag-actualites","9":"tag-bretagne","10":"tag-carhaix-plouguer","11":"tag-chateaulin","12":"tag-finistere","13":"tag-fr","14":"tag-france","15":"tag-greve","16":"tag-la-feuillee","17":"tag-morlaix","18":"tag-news","19":"tag-pharmaciens-en-colere","20":"tag-pleyben","21":"tag-pleyber-christ","22":"tag-plonevez-du-faou","23":"tag-plouneour-brignogan-plages","24":"tag-republique-francaise","25":"tag-sante","26":"tag-sizun","27":"tag-social"},"share_on_mastodon":{"url":"https:\/\/pubeurope.com\/@fr\/115040995526869940","error":""},"_links":{"self":[{"href":"https:\/\/www.europesays.com\/fr\/wp-json\/wp\/v2\/posts\/323764","targetHints":{"allow":["GET"]}}],"collection":[{"href":"https:\/\/www.europesays.com\/fr\/wp-json\/wp\/v2\/posts"}],"about":[{"href":"https:\/\/www.europesays.com\/fr\/wp-json\/wp\/v2\/types\/post"}],"author":[{"embeddable":true,"href":"https:\/\/www.europesays.com\/fr\/wp-json\/wp\/v2\/users\/2"}],"replies":[{"embeddable":true,"href":"https:\/\/www.europesays.com\/fr\/wp-json\/wp\/v2\/comments?post=323764"}],"version-history":[{"count":0,"href":"https:\/\/www.europesays.com\/fr\/wp-json\/wp\/v2\/posts\/323764\/revisions"}],"wp:featuredmedia":[{"embeddable":true,"href":"https:\/\/www.europesays.com\/fr\/wp-json\/wp\/v2\/media\/323765"}],"wp:attachment":[{"href":"https:\/\/www.europesays.com\/fr\/wp-json\/wp\/v2\/media?parent=323764"}],"wp:term":[{"taxonomy":"category","embeddable":true,"href":"https:\/\/www.europesays.com\/fr\/wp-json\/wp\/v2\/categories?post=323764"},{"taxonomy":"post_tag","embeddable":true,"href":"https:\/\/www.europesays.com\/fr\/wp-json\/wp\/v2\/tags?post=323764"}],"curies":[{"name":"wp","href":"https:\/\/api.w.org\/{rel}","templated":true}]}}